{"id":43250,"date":"2025-08-12T20:09:06","date_gmt":"2025-08-12T20:09:06","guid":{"rendered":"https:\/\/www.europesays.com\/es\/43250\/"},"modified":"2025-08-12T20:09:06","modified_gmt":"2025-08-12T20:09:06","slug":"pablo-alabarces-presenta-historia-minima-del-rock-en-america-latina-grupo-milenio","status":"publish","type":"post","link":"https:\/\/www.europesays.com\/es\/43250\/","title":{"rendered":"Pablo Alabarces presenta Historia m\u00ednima del rock en Am\u00e9rica Latina- Grupo Milenio"},"content":{"rendered":"<p><strong>Pablo Alabarces y Abel Gilbert decidieron investigar y escribir Historia m\u00ednima del rock en Am\u00e9rica Latina<\/strong> (El Colegio de M\u00e9xico), un mapa cultural que une sonidos, rebeld\u00edas y contextos desde M\u00e9xico hasta Argentina.<\/p>\n<p><strong>En entrevista con MILENIO, Pablo Alabarces<\/strong> (Argentina, 1961) habla del ambicioso <strong>proyecto que busca profundizar en el rock <\/strong>y su impacto mediante el an\u00e1lisis de algunos de los momentos clave en su historia.<\/p>\n<p>\u00bfC\u00f3mo naci\u00f3 la idea?<\/p>\n<p>Si <strong>uno quiere cubrir 60 a\u00f1os de historia del rock en Am\u00e9rica Latina es imposible hacerlo.<\/strong> Tomamos la decisi\u00f3n de contar aquellos puntos en los cuales la intersecci\u00f3n entre las historias locales, digamos, era m\u00e1s notoria. Y para nosotros eso ten\u00eda que ver con la idea de modernizaci\u00f3n, de pol\u00edtica y de contracultur, por eso elegimos los casos que nos parecen m\u00e1s significativos.<\/p>\n<p>\u00bfQu\u00e9 pa\u00edses son protagonistas del libro?<\/p>\n<p>M\u00e9xico, Argentina y Brasil tienen una importancia mayor,<strong> eran los lugares donde estaban las grandes discogr\u00e1ficas,<\/strong> y nos interes\u00f3 much\u00edsimo el caso de Chile y la regi\u00f3n andina por lo que significaba en t\u00e9rminos de experimentos,<strong> de mezcla e hibridaci\u00f3n con lo que eran las viejas m\u00fasicas locales<\/strong>, los folclores, las m\u00fasicas ind\u00edgenas.<\/p>\n<p>\u00bfC\u00f3mo lo estructuraron?<\/p>\n<p>Primero planteamos los problemas y luego vienen cap\u00edtulos locales: <strong>Cuba, M\u00e9xico, Brasil, Chile; tomamos Argentina y Uruguay como un todo <\/strong>y hay uno dedicado a la regi\u00f3n andina, todo lo que se produce en Per\u00fa, Bolivia y Colombia. El \u00faltimo cap\u00edtulo est\u00e1 dedicado a volver a atar todas las sogas que fuimos desatando con una figura clave, que es Gustavo Santaolalla, una especie de inventor del rock latino por el rol que tuvo.<strong> \u00c9l, simult\u00e1neamente, estaba produciendo m\u00fasica en M\u00e9xico<\/strong>, Colombia, Argentina, Chile o Uruguay. Nos parece una figura interesante para pensar de nuevo cu\u00e1les son los puntos en com\u00fan en la historia del rock en Am\u00e9rica Latina.<\/p>\n<p>\t\t<img decoding=\"async\" class=\"nd-media-detail-caption__img\" alt=\"Pablo Alabarces presenta su libro\" data-camus-image=\"\" data-camus-toolbar-image-position=\"topleft\" loading=\"lazy\" src=\"https:\/\/images.milenio.com\/prkr4OD9jAfTdZ8xg91gS5MqEvQ=\/375x0\/uploads\/media\/2025\/08\/11\/pablo-alabarces-presenta-su-libro.jpeg\" height=\"564\" width=\"375\" onerror=\"this.onerror=null;this.src=\\'\/bundles\/appcamusassets\/dist\/images\/logo-Milenio-2.jpg\\'\"\/><\/p>\n<p>  \tPablo Alabarces presenta su libro<\/p>\n<p>  \t  \t<img decoding=\"async\" alt=\"filter-toggle\" class=\"nd-media-detail-caption__icon__icon\" src=\"https:\/\/www.milenio.com\/bundles\/appcamusassets\/dist\/images\/svg\/expand-solid.svg\" width=\"15\" height=\"15\" onerror=\"this.onerror=null;this.src=\\'\/bundles\/appcamusassets\/dist\/images\/logo-Milenio-2.jpg\\'\" loading=\"lazy\"\/><br \/>\n  \t  ampliar<\/p>\n<p>\u00bfQu\u00e9 a\u00f1os abarcaron?<\/p>\n<p>Desde la grabaci\u00f3n de Gloria R\u00edos alrededor del a\u00f1o 1957 <strong>hasta Molotov y el cantante argentino WOS con la canci\u00f3n \u201cMoney In The Bank\u201d,<\/strong> que es de hace tres a\u00f1os. No podemos cubrir todo porque ser\u00eda imposible. Buscamos momentos que son especiales como Av\u00e1ndaro, en Argentina el momento previo a la dictadura, en Uruguay lo que sucede entre 1965 y 1973 porque es cuando aparecen las bandas que dise\u00f1an y organizan todo el rock uruguayo.<\/p>\n<p>\u00bfCu\u00e1l es el argumento central del libro?<\/p>\n<p>Que el rock nunca rompi\u00f3 nada, es decir, <strong>el libro tiene una relaci\u00f3n profundamente pol\u00e9mica con el documental de Netflix q<\/strong>ue se llama Rompan todo, porque se proclama como una historia del rock en Am\u00e9rica Latina, pero no nombra a Brasil y  el rock nunca rompi\u00f3 nada. El rock tiene un \u201cproblema\u201d, tiene la mala idea de nacer como fen\u00f3meno joven al mismo tiempo que nace otro, que es la militancia pol\u00edtica, y entonces hay una disputa sorda entre ambos. Los que \u201crompen\u201d son las juventudes pol\u00edticas que adem\u00e1s se vuelven militantes revolucionarios. El rock, en cambio, es una contracultura, impugnadora, alternativa, resistente, pero no revolucionaria.<\/p>\n<p>\u00bfC\u00f3mo abordaron el caso de M\u00e9xico?<\/p>\n<p>Para nosotros es importante porque hay una secuencia en la historia del rock mexicano que es absolutamente \u00fanica en Am\u00e9rica Latina que es, por un lado, la relaci\u00f3n distante que establece con el movimiento estudiantil de 1968. <strong>Hay una sola canci\u00f3n en la historia del rock mexicano dedicada a Tlatelolco, por ejemplo, <\/strong>y poco d<strong>espu\u00e9s del Halconazo se organiza Av\u00e1ndaro<\/strong> como si no hubiera existido el Halconazo. La pol\u00edtica, la militancia y la violencia represiva del gobierno del PRI iban en una direcci\u00f3n y el rock segu\u00eda otra.<\/p>\n<p>\u00bfConsideran a Av\u00e1ndaro es punto de quiebre?<\/p>\n<p>S\u00ed, y ah\u00ed se produce algo que es absolutamente \u00fanico en Am\u00e9rica Latina: despu\u00e9s del festival, el rock mexicano queda proscrito no prohibido. <strong>Es decir, no hay un solo material jur\u00eddico que proh\u00edba el rock, lo que hay es una acci\u00f3n gubernamental<\/strong> que lo expulsa a la clandestinidad y en M\u00e9xico, que es la \u00fanica democracia del continente, el rock aparece proscripto.<\/p>\n<p>\u00bfHa cambiado mucho la industria musical?<\/p>\n<p>Este es un momento peculiar porque la digitalizaci\u00f3n y la globalizaci\u00f3n vuelven instant\u00e1nea la comunicaci\u00f3n entre productores art\u00edsticos, algo que no suced\u00eda. <strong>La pregunta es si el rock sigue existiendo como lo conocimos cuando nos formamos como j\u00f3venes rockeros.<\/strong> En mi caso, el rock es m\u00e1s una historia de mi subjetividad adolescente y juvenil que un hecho en presente.<\/p>\n<p>\u00bfEl rock sigue vivo?<\/p>\n<p>La respuesta objetiva es s\u00ed, siguen surgiendo bandas en todos lados, pero cada vez son menos visibles porque est\u00e1n muy desplazadas por la circulaci\u00f3n masiva del pop, el trap y el reggaet\u00f3n, y el rock queda bastante oculto frente a eso.<strong> Por otro lado, hay poca innovaci\u00f3n en el rock contempor\u00e1neo, <\/strong>al menos yo no he escuchado nada que me sacuda el cerebro, pero quiz\u00e1s el rock existe como historia y como una discoteca que puedes escuchar. Por eso incluimos una banda sonora que se puede descargar con un c\u00f3digo que se incluye en el libro.<\/p>\n<p>Es interesante que El Colegio de M\u00e9xico edite este libro.<\/p>\n<p>Yo escrib\u00ed una historia del futbol en Am\u00e9rica Latina y El Colegio de M\u00e9xico lo edit\u00f3 y habla muy bien de ellos, quiere decir que editan tambi\u00e9n lo que entendemos como textos serios sobre objetos menores o banales, pero lo que pasa es que no lo son. <strong>El futbol y el rock han estructurado la sociabilidad,<\/strong> la subjetividad, la conciencia, la identidad y la cultura de millones de personas para que no sea irrelevante.<\/p>\n<p>    \t<img decoding=\"async\" alt=\"__icon\" class=\"nd-related-news-detail-media-dual__icon\" src=\"https:\/\/www.milenio.com\/bundles\/appcamusassets\/dist\/images\/svg\/arrow-circle-right-solid.svg\" width=\"15\" height=\"15\" onerror=\"this.onerror=null;this.src=\\'\/bundles\/appcamusassets\/dist\/images\/logo-Milenio-2.jpg\\'\" loading=\"lazy\"\/><br \/>\n    Te recomendamos<\/p>\n<p><\/p>\n","protected":false},"excerpt":{"rendered":"Pablo Alabarces y Abel Gilbert decidieron investigar y escribir Historia m\u00ednima del rock en Am\u00e9rica Latina (El Colegio&hellip;\n","protected":false},"author":2,"featured_media":43251,"comment_status":"","ping_status":"","sticky":false,"template":"","format":"standard","meta":{"footnotes":""},"categories":[170],"tags":[146,147,25,24,184,185,20381,20383,20382,20384,23],"class_list":{"0":"post-43250","1":"post","2":"type-post","3":"status-publish","4":"format-standard","5":"has-post-thumbnail","7":"category-musica","8":"tag-entertainment","9":"tag-entretenimiento","10":"tag-es","11":"tag-espana","12":"tag-music","13":"tag-musica","14":"tag-pablo-alabarces","15":"tag-pablo-alabarces-y-abel-gilbert","16":"tag-pablo-alabarces-y-su-libro","17":"tag-rock-en-america-latina","18":"tag-spain"},"share_on_mastodon":{"url":"","error":""},"_links":{"self":[{"href":"https:\/\/www.europesays.com\/es\/wp-json\/wp\/v2\/posts\/43250","targetHints":{"allow":["GET"]}}],"collection":[{"href":"https:\/\/www.europesays.com\/es\/wp-json\/wp\/v2\/posts"}],"about":[{"href":"https:\/\/www.europesays.com\/es\/wp-json\/wp\/v2\/types\/post"}],"author":[{"embeddable":true,"href":"https:\/\/www.europesays.com\/es\/wp-json\/wp\/v2\/users\/2"}],"replies":[{"embeddable":true,"href":"https:\/\/www.europesays.com\/es\/wp-json\/wp\/v2\/comments?post=43250"}],"version-history":[{"count":0,"href":"https:\/\/www.europesays.com\/es\/wp-json\/wp\/v2\/posts\/43250\/revisions"}],"wp:featuredmedia":[{"embeddable":true,"href":"https:\/\/www.europesays.com\/es\/wp-json\/wp\/v2\/media\/43251"}],"wp:attachment":[{"href":"https:\/\/www.europesays.com\/es\/wp-json\/wp\/v2\/media?parent=43250"}],"wp:term":[{"taxonomy":"category","embeddable":true,"href":"https:\/\/www.europesays.com\/es\/wp-json\/wp\/v2\/categories?post=43250"},{"taxonomy":"post_tag","embeddable":true,"href":"https:\/\/www.europesays.com\/es\/wp-json\/wp\/v2\/tags?post=43250"}],"curies":[{"name":"wp","href":"https:\/\/api.w.org\/{rel}","templated":true}]}}