{"id":432542,"date":"2026-03-06T16:36:19","date_gmt":"2026-03-06T16:36:19","guid":{"rendered":"https:\/\/www.europesays.com\/es\/432542\/"},"modified":"2026-03-06T16:36:19","modified_gmt":"2026-03-06T16:36:19","slug":"conciertos-en-barcelona-valencia-madrid-y-portugalete","status":"publish","type":"post","link":"https:\/\/www.europesays.com\/es\/432542\/","title":{"rendered":"conciertos en Barcelona, Valencia, Madrid y Portugalete"},"content":{"rendered":"<p>El grupo sueco celebrar\u00e1 con nosotros m\u00e1s de dos d\u00e9cadas de Heavy Metal en noviembre de 2026<\/p>\n<p>La banda sueca de Heavy Metal <strong>PORTRAIT<\/strong> volver\u00e1 a actuar en Espa\u00f1a, ofreciendo conciertos en <strong>Barcelona, Valencia, Madrid y Portugalete<\/strong> en <strong>noviembre de 2026<\/strong>.<\/p>\n<p>Conciertos de PORTRAIT<\/p>\n<p>Las fechas confirmadas son:<\/p>\n<ul>\n<li><strong>12 de noviembre de 2026 &#8211; Barcelona (sala Lennon&#8217;s)<\/strong><\/li>\n<li><strong>13 de noviembre de 2026 &#8211; Valencia (sala Zulu)<\/strong><\/li>\n<li><strong>14 de noviembre de 2026 &#8211; Madrid (sala Silikona)<\/strong><\/li>\n<li><strong>15 de noviembre de 2026 &#8211; Portugalete (sala Groove)<\/strong><strong><br \/><\/strong><\/li>\n<\/ul>\n<p style=\"text-align: center;\">\u00ab\u00a1PORTRAIT REGRESA A ESPA\u00d1A!<\/p>\n<p style=\"text-align: center;\">\u00a1Tenemos el placer de revelar que vamos a volver a tocar un par de conciertos como cabeza de cartel en Espa\u00f1a en noviembre!<\/p>\n<p style=\"text-align: center;\">\u00bfQu\u00e9 canciones quer\u00e9is escuchar?<\/p>\n<p style=\"text-align: center;\">\u00bfHay alg\u00fan deseo especial por una canci\u00f3n concreta? \u00a1Hac\u00e9dnoslo saber y consideraremos ponerla en el set!<\/p>\n<p style=\"text-align: center;\">\u00a1Reventad vuestros altavoces con la oscuridad del Heavy Metal y hacernos saber de VOSOTROS!\u00bb<\/p>\n<p style=\"text-align: center;\">\n<p>Sobre PORTRAIT<\/p>\n<p><strong>PORTRAIT<\/strong> se form\u00f3 en Kristianstad en 2005 y lleva en la discogr\u00e1fica Metal Blade desde su segundo \u00e1lbum de 2011, \u00abCrimen Laesae Majestatis Divinae\u00bb.<\/p>\n<p>En total, el grupo ha publicado un total de seis discos de estudio y un EP, adem\u00e1s de haber participado en dos compilaciones, compartidas con bandas suecas y alemanas como ATLANTEAN KODEX, ENFORCER, RAM o METAL INQUISITOR entre otras formaciones.<\/p>\n<p>Actualmente militan en la formaci\u00f3n Per Lengstedt como vocalista, Christian Lindell y Karl Gustafsson a las guitarras, Fredrik Petersson como bajista y Anders Persson a la bater\u00eda.<\/p>\n<p>Por la formaci\u00f3n han pasado otros muchos m\u00fasicos de la escena sueca, como los miembros de <strong><a href=\"https:\/\/www.hellpress.com\/entrevistas\/vampire-entrevista-black-string\/\" rel=\"nofollow noopener\" target=\"_blank\">VAMPIRE<\/a><\/strong> Joel P\u00e4lv\u00e4rinne y Robin Holmberg.<\/p>\n<p>Os recordamos la cr\u00edtica de su discos de 2014 y 2017 <a href=\"https:\/\/www.hellpress.com\/discos\/portrait-crossroads\/\" rel=\"nofollow noopener\" target=\"_blank\">\u00abCrossroads\u00bb<\/a> y <a href=\"https:\/\/www.hellpress.com\/discos\/critica-portrait-burn-the-world\/\" rel=\"nofollow noopener\" target=\"_blank\">\u00abBurn The World\u00bb<\/a>, as\u00ed como la <a href=\"https:\/\/www.hellpress.com\/entrevistas\/entrevista-a-portrait-blasfemias-desde-suecia\/\" rel=\"nofollow noopener\" target=\"_blank\">entrevista que les realizamos en 2011<\/a>.<\/p>\n<p>El \u00faltimo disco de la banda fue <a href=\"https:\/\/www.hellpress.com\/discos\/portrait-the-host-critica-disco\/\" rel=\"nofollow noopener\" target=\"_blank\"><strong>\u00abThe Host\u00bb<\/strong><\/a>, que se puso a la venta el <strong>21 de junio de 2024 con Metal Blade Records<\/strong>, y que la formaci\u00f3n present\u00f3 en <strong>Madrid<\/strong> en <strong>marzo de 2025<\/strong> dentro del festival <strong>Pounding Metal Union.<\/strong><\/p>\n<p>M\u00e1s informaci\u00f3n en el Facebook de <a href=\"https:\/\/www.facebook.com\/portraitsweden\" rel=\"nofollow noopener\" target=\"_blank\">PORTRAIT<\/a>.<\/p>\n","protected":false},"excerpt":{"rendered":"El grupo sueco celebrar\u00e1 con nosotros m\u00e1s de dos d\u00e9cadas de Heavy Metal en noviembre de 2026 La&hellip;\n","protected":false},"author":2,"featured_media":432543,"comment_status":"","ping_status":"","sticky":false,"template":"","format":"standard","meta":{"footnotes":""},"categories":[170],"tags":[146,147,25,24,188,184,185,8562,23],"class_list":["post-432542","post","type-post","status-publish","format-standard","has-post-thumbnail","category-musica","tag-entertainment","tag-entretenimiento","tag-es","tag-espana","tag-heavy-metal","tag-music","tag-musica","tag-portrait","tag-spain"],"share_on_mastodon":{"url":"https:\/\/pubeurope.com\/@es\/116183209651229062","error":""},"_links":{"self":[{"href":"https:\/\/www.europesays.com\/es\/wp-json\/wp\/v2\/posts\/432542","targetHints":{"allow":["GET"]}}],"collection":[{"href":"https:\/\/www.europesays.com\/es\/wp-json\/wp\/v2\/posts"}],"about":[{"href":"https:\/\/www.europesays.com\/es\/wp-json\/wp\/v2\/types\/post"}],"author":[{"embeddable":true,"href":"https:\/\/www.europesays.com\/es\/wp-json\/wp\/v2\/users\/2"}],"replies":[{"embeddable":true,"href":"https:\/\/www.europesays.com\/es\/wp-json\/wp\/v2\/comments?post=432542"}],"version-history":[{"count":0,"href":"https:\/\/www.europesays.com\/es\/wp-json\/wp\/v2\/posts\/432542\/revisions"}],"wp:featuredmedia":[{"embeddable":true,"href":"https:\/\/www.europesays.com\/es\/wp-json\/wp\/v2\/media\/432543"}],"wp:attachment":[{"href":"https:\/\/www.europesays.com\/es\/wp-json\/wp\/v2\/media?parent=432542"}],"wp:term":[{"taxonomy":"category","embeddable":true,"href":"https:\/\/www.europesays.com\/es\/wp-json\/wp\/v2\/categories?post=432542"},{"taxonomy":"post_tag","embeddable":true,"href":"https:\/\/www.europesays.com\/es\/wp-json\/wp\/v2\/tags?post=432542"}],"curies":[{"name":"wp","href":"https:\/\/api.w.org\/{rel}","templated":true}]}}