{"id":432900,"date":"2026-03-06T21:04:15","date_gmt":"2026-03-06T21:04:15","guid":{"rendered":"https:\/\/www.europesays.com\/es\/432900\/"},"modified":"2026-03-06T21:04:15","modified_gmt":"2026-03-06T21:04:15","slug":"la-diputacion-reconoce-a-los-mejores-ciclistas-del-xiii-circuito-mtb-de-guadalajara-nuevaalcarria","status":"publish","type":"post","link":"https:\/\/www.europesays.com\/es\/432900\/","title":{"rendered":"La Diputaci\u00f3n reconoce a los mejores ciclistas del XIII Circuito MTB de Guadalajara | NuevaAlcarria"},"content":{"rendered":"<p data-end=\"418\" data-start=\"89\">El acto estuvo presidido por el presidente de la Diputaci\u00f3n, Jos\u00e9 Luis Vega, acompa\u00f1ado por el diputado delegado de Deportes, Marco Campos. Durante sus intervenciones, ambos destacaron la consolidaci\u00f3n de este circuito deportivo, que en sus trece ediciones se ha convertido en una de las principales referencias del ciclismo de monta\u00f1a en la provincia.<\/p>\n<p data-end=\"1232\" data-start=\"774\">La ceremonia sirvi\u00f3 para reconocer el esfuerzo de los corredores y de las entidades organizadoras en una temporada que no estuvo exenta de dificultades. Las condiciones meteorol\u00f3gicas y algunos contratiempos administrativos obligaron a aplazar varias pruebas, lo que puso a prueba la capacidad de adaptaci\u00f3n de organizadores y participantes. Pese a ello, el circuito pudo completarse con \u00e9xito gracias a la implicaci\u00f3n de clubes, ayuntamientos y deportistas.<\/p>\n<p><a href=\"https:\/\/ad.doubleclick.net\/ddm\/trackclk\/N5132.645338NUEVAALCARRIA.COM2\/B35254558.441950145;dc_trk_aid=635273020;dc_trk_cid=231014164;dc_lat=;dc_rdid=;tag_for_child_directed_treatment=;tfua=;gdpr=${GDPR};gdpr_consent=${GDPR_CONSENT_755};ltd=;dc_tdv=1\" rel=\"nofollow noopener\" target=\"_blank\">&#13;<br \/>\n&#13;<br \/>\n<img decoding=\"async\" src=\"https:\/\/www.europesays.com\/es\/wp-content\/uploads\/2026\/03\/JCCM TURISMO SEMANA SANTA 2026 ROBA del 6 al 26mz26.gif\"\/>&#13;<br \/>\n<\/a>&#13;<br \/>\n&#13;<br \/>\n<img loading=\"lazy\" decoding=\"async\" src=\"https:\/\/www.europesays.com\/es\/wp-content\/uploads\/2026\/03\/B35254558.441950145;dc_trk_aid=635273020;dc_trk_cid=231014164;ord=[timestamp];dc_lat=;dc_rdid=;tag_f.gif\" attributionsrc=\"\" border=\"0\" height=\"1\" width=\"1\" alt=\"Advertisement\"\/><\/p>\n<p data-end=\"1582\" data-start=\"1234\">Durante la gala se proyect\u00f3 un v\u00eddeo con algunos de los momentos m\u00e1s destacados de la temporada y se rindi\u00f3 homenaje al trabajo de los organizadores de las ocho pruebas disputadas este a\u00f1o. Las localidades de Valdesaz, Atienza, Jadraque, Pe\u00f1alver, Las Inviernas, Peralveche, Au\u00f1\u00f3n y Sig\u00fcenza fueron escenario de las diferentes citas del calendario.<\/p>\n<p data-end=\"1860\" data-start=\"1584\">El acto tambi\u00e9n tuvo un componente solidario con el reconocimiento a la asociaci\u00f3n El Motor de tus Pasos, que trabaja para visibilizar y apoyar la investigaci\u00f3n de enfermedades raras como la Charcot-Marie-Tooth (CMT), una neuropat\u00eda hereditaria que afecta a miles de personas.<\/p>\n<p data-end=\"2167\" data-start=\"1862\">En el transcurso de la gala se entregaron los trofeos a los mejores clasificados en todas las categor\u00edas del circuito, tanto en la ruta popular como en la ruta larga, desde infantiles y cadetes hasta \u00e9lite, m\u00e1ster y veteranos. El premio al mejor equipo del circuito fue para el Ceballos Eload Racing Team.<\/p>\n<p data-end=\"2774\" data-start=\"2169\">En el cierre del acto, Vega agradeci\u00f3 la implicaci\u00f3n de ayuntamientos, clubes y comisiones organizadoras que hacen posible cada una de las pruebas. El presidente provincial subray\u00f3 adem\u00e1s el valor del deporte como herramienta para dinamizar los municipios y promocionar el territorio. En este sentido, destac\u00f3 que los paisajes de Guadalajara ofrecen un entorno privilegiado para la pr\u00e1ctica del ciclismo de monta\u00f1a y defendi\u00f3 el apoyo institucional a estas iniciativas deportivas, que consider\u00f3 \u201cuna inversi\u00f3n para nuestros pueblos, para fomentar h\u00e1bitos saludables y generar actividad en el medio rural\u201d.<\/p>\n<p data-end=\"2988\" data-start=\"2776\">La gala concluy\u00f3 con la entrega de los maillots de finisher a los participantes que completaron el circuito, cerrando as\u00ed una temporada que vuelve a confirmar el arraigo del ciclismo de monta\u00f1a en la provincia.<\/p>\n<p data-end=\"3323\" data-is-last-node=\"\" data-is-only-node=\"\" data-start=\"2990\">La edici\u00f3n de 2025 ha contado con un total de 1.543 participantes: 1.159 en la categor\u00eda larga, 331 en la corta y 53 en la modalidad de e-bike. A lo largo de las ocho pruebas celebradas, el circuito registr\u00f3 una media cercana a los 193 corredores por carrera, cifras que reflejan el creciente inter\u00e9s por esta competici\u00f3n provincial.<\/p>\n<p data-end=\"3323\" data-is-last-node=\"\" data-is-only-node=\"\" data-start=\"2990\"><img decoding=\"async\" alt=\"\" src=\"https:\/\/www.europesays.com\/es\/wp-content\/uploads\/2026\/03\/Entrega premios Circuito MTB_2.jpg\"\/><\/p>\n","protected":false},"excerpt":{"rendered":"El acto estuvo presidido por el presidente de la Diputaci\u00f3n, Jos\u00e9 Luis Vega, acompa\u00f1ado por el diputado delegado&hellip;\n","protected":false},"author":2,"featured_media":432901,"comment_status":"","ping_status":"","sticky":false,"template":"","format":"standard","meta":{"footnotes":""},"categories":[273],"tags":[442,5168,313,3201,312,168,25,24,439,441,12970,443,440,5794,23,167],"class_list":["post-432900","post","type-post","status-publish","format-standard","has-post-thumbnail","category-ciclismo","tag-actualidad-guadalajara","tag-bicicletas","tag-ciclismo","tag-circuito","tag-cycling","tag-deportes","tag-es","tag-espana","tag-guadalajara","tag-informacion-guadalajara","tag-mtb","tag-noticias-guadalajara","tag-nueva-alcarria","tag-provincial","tag-spain","tag-sports"],"share_on_mastodon":{"url":"https:\/\/pubeurope.com\/@es\/116184263253148350","error":""},"_links":{"self":[{"href":"https:\/\/www.europesays.com\/es\/wp-json\/wp\/v2\/posts\/432900","targetHints":{"allow":["GET"]}}],"collection":[{"href":"https:\/\/www.europesays.com\/es\/wp-json\/wp\/v2\/posts"}],"about":[{"href":"https:\/\/www.europesays.com\/es\/wp-json\/wp\/v2\/types\/post"}],"author":[{"embeddable":true,"href":"https:\/\/www.europesays.com\/es\/wp-json\/wp\/v2\/users\/2"}],"replies":[{"embeddable":true,"href":"https:\/\/www.europesays.com\/es\/wp-json\/wp\/v2\/comments?post=432900"}],"version-history":[{"count":0,"href":"https:\/\/www.europesays.com\/es\/wp-json\/wp\/v2\/posts\/432900\/revisions"}],"wp:featuredmedia":[{"embeddable":true,"href":"https:\/\/www.europesays.com\/es\/wp-json\/wp\/v2\/media\/432901"}],"wp:attachment":[{"href":"https:\/\/www.europesays.com\/es\/wp-json\/wp\/v2\/media?parent=432900"}],"wp:term":[{"taxonomy":"category","embeddable":true,"href":"https:\/\/www.europesays.com\/es\/wp-json\/wp\/v2\/categories?post=432900"},{"taxonomy":"post_tag","embeddable":true,"href":"https:\/\/www.europesays.com\/es\/wp-json\/wp\/v2\/tags?post=432900"}],"curies":[{"name":"wp","href":"https:\/\/api.w.org\/{rel}","templated":true}]}}