{"id":43297,"date":"2025-08-12T20:37:10","date_gmt":"2025-08-12T20:37:10","guid":{"rendered":"https:\/\/www.europesays.com\/es\/43297\/"},"modified":"2025-08-12T20:37:10","modified_gmt":"2025-08-12T20:37:10","slug":"arqueasinas-la-nueva-arma-contra-la-resistencia-a-los-antibioticos-descubierta-por-el-grupo-del-gallego-cesar-de-la-fuente-la-voz-de-galicia","status":"publish","type":"post","link":"https:\/\/www.europesays.com\/es\/43297\/","title":{"rendered":"Arqueasinas, la nueva arma contra la resistencia a los antibi\u00f3ticos descubierta por el grupo del gallego C\u00e9sar de la Fuente &#8211; La Voz de Galicia"},"content":{"rendered":"<ol>\n<li><a href=\"https:\/\/news.google.com\/rss\/articles\/CBMiiwJBVV95cUxNb1VfXzZVZzJoOUFBUS1IT1FKN2t5Vy03aldScUNjQUpyeDBEeWdsU1RDQTkycnV0ZFNZbmp4MlZyT25BM2FzUmZvZHl5SEtNelpEdThscUs1VnZjTDZ2Z21JV2I5Si14X0ZIYUxYX2I3ZkJWMHdXM0hVbnZlcXhGYl93bjJLZXlmd3NHRE5hYU15bURGbktGZjZNaFhVNzlxYWUwYUI1RHIyeXB1VEFDMUxXXzVKeTIwcnNwSEhqbEpfcF8tWXM2OWpKdURPNHg3bXA1d2dnYlVFai1lME1uejNjY1RnV21BUWZoeVhjWkd5R1ZSXzdtZlJvaURCcTM1ZjVsdV9DUm50dVE?oc=5\" target=\"_blank\" rel=\"nofollow noopener\">Arqueasinas, la nueva arma contra la resistencia a los antibi\u00f3ticos descubierta por el grupo del gallego C\u00e9sar de la Fuente<\/a>&nbsp;&nbsp;La Voz de Galicia<\/li>\n<li><a href=\"https:\/\/news.google.com\/rss\/articles\/CBMipgFBVV95cUxPbXQ4dElaWW5sWFNwVVNrZkEybXF2MkNWR0tTV3RrLXBrSnEwMGVpVUFWNGF4WjhPX2JfU1BJYXJyckhBWUF3Y0ptblZqQi1vSzJqM1N3cFBXbWpidHFfOHVDVV9fUW5rbkNLcURWU3F6dExRUEFNUUtjWFlkNlZNU3NzdzRMcTNldmp4RlRFTlVVeTlfZVZWcnUwdzVEQ2d1dHdWbXFn?oc=5\" target=\"_blank\" rel=\"nofollow noopener\">La IA de un cient\u00edfico espa\u00f1ol revela 12.000 potenciales nuevos antibi\u00f3ticos en las arqueas, microbios milenarios<\/a>&nbsp;&nbsp;ABC<\/li>\n<li><a href=\"https:\/\/news.google.com\/rss\/articles\/CBMi3AFBVV95cUxNVlVyNkVEZDZWRVN4VG1kYkpVMEhVaXBpeGs3X3o1bnM3ZU1VYTJLNE8zNXMydHlGRS1YV0Qya19SVkdJd29PNEJLZEZiTENYc3N2TU5xOWRxNkRuZHNQTGFVcktkTGt0eEN1R3QzUmxSUTFVbXlMN043RTZmQU1SMGdzdS1UYTJJZzQ0T1RFVzRCendZWGpSNjQzTHRkTjVNVUJJTWZmdzdHSnNNVFhBUGR0enBoeFpZbWZFZ1JjMXA0SWRmNVJaR040TjVtWGgtUEV3VnQ4UzN6ZDJK?oc=5\" target=\"_blank\" rel=\"nofollow noopener\">La IA descubre antibi\u00f3ticos en arqueas, los microorganismos que explican el origen de la vida compleja<\/a>&nbsp;&nbsp;EL PA\u00cdS<\/li>\n<li><a href=\"https:\/\/news.google.com\/rss\/articles\/CBMi2gFBVV95cUxNOGt6MzIzalpvczI5WFNQNDNGTmRzUnJsYTY0TkFvQ3ZpX1pFYXJ5MzU1WG9OZnk4eHRfZWw1NWdpVVAzcThkbXZGOVNQV3M4cDgyQU9EMmU4aE1WZE5fbnFFNGY1dWVRWUMxMk4xRlQxSi0yNWh2a0VBSWFGUnVrVzhQV1Y2Rk04cklpVEVwQXBJRzE3TmRrX01sVWtuMEZRS3Y4TjZoWVBKOGp4Mm12UWdxLXZaLWxvUFFEaFUzamoxQnhHT3RGYmd0azZ3OGZybE9JS0hGV24xZ9IB3wFBVV95cUxOTk9MV2lfVmF1T3FlTFRuTkU0bU12UTI1RkJTZmtKUmF0blVvajRXTTE5WGpDaXh0ZmRBZFdBcElhbWR4YU1jNThMVUN1eERBaW9FdjhwdmpRTjBrU1F3SmNwMlZsclVaalM0TmdRUzVleTBId2lwdkJZMkZweTVITWh5clhVR1QycjF5TWdwUEY4TUtiWU9mX0g2MUpKaWRsSG1WYVRKQ0lWTVpIQUw5eURROFVHWnZHQ2FWR3I4bndVVnQzQ0JyT1IxNllOYXFVdG9raXRwX29CU3lmY05F?oc=5\" target=\"_blank\" rel=\"nofollow noopener\">Una IA descubre una nueva v\u00eda para acabar con las bacterias resistentes a los antibi\u00f3ticos<\/a>&nbsp;&nbsp;El Confidencial<\/li>\n<li><a href=\"https:\/\/news.google.com\/rss\/articles\/CBMiwgFBVV95cUxNMmhHWmJQQ2owQUhXZDdlWXJjN21vLXNvbEFubXg5anp0UDVvdnl2RXdsSFFxb0FSeDBuaDktb1BGY2dGWXExLUpEZldBTEZaNm1KM2ZkZzE5ZkdlblY1NVJWTWhWUHJRTnJqcUZYN0U0a0V0Um9sM0dybGc4VEhOanhVeE5QWDljR092bG9pRUpQemlwbm43dmh0aXB1dk1hTnJ2cnZWWUJPV0JMMVpvcnpDbFhqbTN1ZHpFZHBHaTVGUdIB1gFBVV95cUxQYkdCdzNzU0Z5dkwxakdfTmZ5dUVzX1lyeTlFQ1BqTWhFWkdodGlxVmlzbjdDNEtYV1A3dVpzWVF6bXJ5dERsX1VPdlRoejFYcnBsTmh0eUtHM3RJVXBqNTZfemRGZTY5TXJtTnVFZ3oxeVdWZ0Z0TEplTXktdkw0eU0xdTdWd0FDRWczVGhaS1pYUUtEcUxkTWwxZDE1TjZYQVdJay01UDV2ZUs1YVNFTmYzcHJLc0lyNEtuNjZqQkVBZjVFbng0eXBxbkh6cDVDYnhsczlB?oc=5\" target=\"_blank\" rel=\"nofollow noopener\">Descubren una nueva \u00abmina de oro\u00bb con potencial antimicrobiano: las arqueas<\/a>&nbsp;&nbsp;La Raz\u00f3n<\/li>\n<\/ol>\n","protected":false},"excerpt":{"rendered":"Arqueasinas, la nueva arma contra la resistencia a los antibi\u00f3ticos descubierta por el grupo del gallego C\u00e9sar de&hellip;\n","protected":false},"author":2,"featured_media":43298,"comment_status":"","ping_status":"","sticky":false,"template":"","format":"standard","meta":{"footnotes":""},"categories":[81],"tags":[3417,119,123,124,25,24,136,3572,166,117,121,122,23,118,120],"class_list":{"0":"post-43297","1":"post","2":"type-post","3":"status-publish","4":"format-standard","5":"has-post-thumbnail","7":"category-ciencia-y-tecnologia","8":"tag-antibiotico","9":"tag-ciencia","10":"tag-ciencia-y-tecnologia","11":"tag-cienciaytecnologia","12":"tag-es","13":"tag-espana","14":"tag-inteligencia-artificial","15":"tag-oms","16":"tag-salud","17":"tag-science","18":"tag-science-and-technology","19":"tag-scienceandtechnology","20":"tag-spain","21":"tag-technology","22":"tag-tecnologia"},"share_on_mastodon":{"url":"","error":""},"_links":{"self":[{"href":"https:\/\/www.europesays.com\/es\/wp-json\/wp\/v2\/posts\/43297","targetHints":{"allow":["GET"]}}],"collection":[{"href":"https:\/\/www.europesays.com\/es\/wp-json\/wp\/v2\/posts"}],"about":[{"href":"https:\/\/www.europesays.com\/es\/wp-json\/wp\/v2\/types\/post"}],"author":[{"embeddable":true,"href":"https:\/\/www.europesays.com\/es\/wp-json\/wp\/v2\/users\/2"}],"replies":[{"embeddable":true,"href":"https:\/\/www.europesays.com\/es\/wp-json\/wp\/v2\/comments?post=43297"}],"version-history":[{"count":0,"href":"https:\/\/www.europesays.com\/es\/wp-json\/wp\/v2\/posts\/43297\/revisions"}],"wp:featuredmedia":[{"embeddable":true,"href":"https:\/\/www.europesays.com\/es\/wp-json\/wp\/v2\/media\/43298"}],"wp:attachment":[{"href":"https:\/\/www.europesays.com\/es\/wp-json\/wp\/v2\/media?parent=43297"}],"wp:term":[{"taxonomy":"category","embeddable":true,"href":"https:\/\/www.europesays.com\/es\/wp-json\/wp\/v2\/categories?post=43297"},{"taxonomy":"post_tag","embeddable":true,"href":"https:\/\/www.europesays.com\/es\/wp-json\/wp\/v2\/tags?post=43297"}],"curies":[{"name":"wp","href":"https:\/\/api.w.org\/{rel}","templated":true}]}}