{"id":433260,"date":"2026-03-07T01:55:12","date_gmt":"2026-03-07T01:55:12","guid":{"rendered":"https:\/\/www.europesays.com\/es\/433260\/"},"modified":"2026-03-07T01:55:12","modified_gmt":"2026-03-07T01:55:12","slug":"donald-trump-asegura-que-el-gobierno-de-cuba-va-a-caer-muy-pronto","status":"publish","type":"post","link":"https:\/\/www.europesays.com\/es\/433260\/","title":{"rendered":"Donald Trump asegura que el Gobierno de Cuba \u00abva a caer muy pronto\u00bb"},"content":{"rendered":"<p class=\"paragraph\"><a href=\"https:\/\/www.heraldo.es\/noticias\/internacional\/2026\/03\/06\/donald-trump-asegura-que-el-gobierno-de-cuba-va-a-caer-muy-pronto-1900017.html\" title=\"Donald Trump asegura que el Gobierno de Cuba &quot;va a caer muy pronto&quot;\" target=\"_blank\" rel=\"nofollow noopener\">El presidente de Estados Unidos, Donald Trump,<\/a> asegur\u00f3 este viernes que el Gobierno de Cuba caer\u00e1 \u00abmuy pronto\u00bb y reiter\u00f3 que La Habana tiene<b> \u00abmuch\u00edsimas ganas\u00bb de negociar con Washington.<\/b><\/p>\n<p class=\"paragraph\">En una conversaci\u00f3n telef\u00f3nica con la cadena CNN sobre la operaci\u00f3n militar lanzada por EE.UU. e Israel contra Ir\u00e1n, Trump insisti\u00f3 en que el r\u00e9gimen comunista de la isla ser\u00eda el pr\u00f3ximo blanco tras<b> una \u00abexitosa\u00bb campa\u00f1a en Oriente Medio,<\/b> que hoy llega a su s\u00e9ptimo d\u00eda y en cuyos ataques iniciales muri\u00f3 el l\u00edder supremo iran\u00ed, Al\u00ed Jamene\u00ed, y gran parte de su c\u00fapula.<\/p>\n<p class=\"paragraph\"><b>\u00abCuba va a caer muy pronto, por cierto, sin relaci\u00f3n alguna, pero Cuba tambi\u00e9n va a caer<\/b>. Tienen much\u00edsimas ganas de llegar a un acuerdo\u00bb, dijo al medio estadounidense en una breve conversaci\u00f3n telef\u00f3nica.<\/p>\n<p class=\"paragraph\">Seg\u00fan el presidente estadounidense, los cubanos<b> \u00abquieren llegar a un acuerdo\u00bb<\/b> y para negociar Trump ha designado a su secretario de Estado, el cubano-estadounidense Marco Rubio. \u00abVeremos c\u00f3mo sale. Ahora mismo estamos muy centrados en esto -Ir\u00e1n-\u00ab, agreg\u00f3.<\/p>\n<p class=\"paragraph\"><b>\u00abTenemos tiempo de sobra, pero Cuba est\u00e1 lista, despu\u00e9s de 50 a\u00f1os. Llevo 50 a\u00f1os observ\u00e1ndola\u00bb<\/b>, indic\u00f3.<\/p>\n<p class=\"paragraph\">Un d\u00eda antes, el republicano advirti\u00f3 que La Habana est\u00e1 \u00abdesesperada\u00bb por lograr un trato con su Administraci\u00f3n de forma inmediata y asegur\u00f3 que <b>\u00absolo es cuesti\u00f3n de tiempo\u00bb <\/b>que dirijan la mira hacia el pa\u00eds caribe\u00f1o, dando a entender que la campa\u00f1a militar contra Ir\u00e1n ha desviado algo el foco de la Casa Blanca.<\/p>\n<p class=\"paragraph\">Tambi\u00e9n dijo este jueves, en una entrevista con Politico, que <b>la ca\u00edda de Cuba ser\u00eda \u00abla cereza del pastel\u00bb <\/b>despu\u00e9s del operativo de enero pasado en el que EE.UU. captur\u00f3 al ahora depuesto expresidente Nicol\u00e1s Maduro, el m\u00e1s cercano aliado de La Habana.<\/p>\n<p class=\"paragraph\">Trump ha puesto como ejemplo la<b> colaboraci\u00f3n \u00abmaravillosa\u00bb con el Gobierno interino de la chavista Decly Rodr\u00edguez,<\/b> con el que Washington anunci\u00f3 este jueves que restablecer\u00e1 relaciones despu\u00e9s de d\u00e9cadas de alejamiento.<\/p>\n<p class=\"paragraph\">Durante las \u00faltimas semanas, medios estadounidenses han informado sobre contactos entre el secretario de Estado estadounidense, Marco Rubio, y un <b>nieto del expresidente cubano Ra\u00fal Castro, Ra\u00fal Guillermo Rodr\u00edguez Castro.<\/b><\/p>\n<p class=\"paragraph\">Estos reportes hablan de contactos m\u00e1s que de negociaciones, y se\u00f1alan supuestas conversaciones sobre posibles y futuras reformas econ\u00f3micas graduales en la isla y una retirada escalonada de las <b>sanciones de Washington.<\/b><\/p>\n","protected":false},"excerpt":{"rendered":"El presidente de Estados Unidos, Donald Trump, asegur\u00f3 este viernes que el Gobierno de Cuba caer\u00e1 \u00abmuy pronto\u00bb&hellip;\n","protected":false},"author":2,"featured_media":433261,"comment_status":"","ping_status":"","sticky":false,"template":"","format":"standard","meta":{"footnotes":""},"categories":[42],"tags":[1136,17,18,12069,13,14,582,11,61,62,63,64,19,20,9,10,15,16,18844,12,936,21,22,65,66,67],"class_list":["post-433260","post","type-post","status-publish","format-standard","has-post-thumbnail","category-internacional","tag-asegura","tag-breaking-news","tag-breakingnews","tag-donald","tag-featured-news","tag-featurednews","tag-gobierno","tag-headlines","tag-internacional","tag-international","tag-international-news","tag-internationalnews","tag-latest-news","tag-latestnews","tag-news","tag-noticias","tag-noticias-destacadas","tag-noticiasdestacadas","tag-pronto","tag-titulares","tag-trump","tag-ultimas-noticias","tag-ultimasnoticias","tag-world","tag-world-news","tag-worldnews"],"share_on_mastodon":{"url":"https:\/\/pubeurope.com\/@es\/116185407383486437","error":""},"_links":{"self":[{"href":"https:\/\/www.europesays.com\/es\/wp-json\/wp\/v2\/posts\/433260","targetHints":{"allow":["GET"]}}],"collection":[{"href":"https:\/\/www.europesays.com\/es\/wp-json\/wp\/v2\/posts"}],"about":[{"href":"https:\/\/www.europesays.com\/es\/wp-json\/wp\/v2\/types\/post"}],"author":[{"embeddable":true,"href":"https:\/\/www.europesays.com\/es\/wp-json\/wp\/v2\/users\/2"}],"replies":[{"embeddable":true,"href":"https:\/\/www.europesays.com\/es\/wp-json\/wp\/v2\/comments?post=433260"}],"version-history":[{"count":0,"href":"https:\/\/www.europesays.com\/es\/wp-json\/wp\/v2\/posts\/433260\/revisions"}],"wp:featuredmedia":[{"embeddable":true,"href":"https:\/\/www.europesays.com\/es\/wp-json\/wp\/v2\/media\/433261"}],"wp:attachment":[{"href":"https:\/\/www.europesays.com\/es\/wp-json\/wp\/v2\/media?parent=433260"}],"wp:term":[{"taxonomy":"category","embeddable":true,"href":"https:\/\/www.europesays.com\/es\/wp-json\/wp\/v2\/categories?post=433260"},{"taxonomy":"post_tag","embeddable":true,"href":"https:\/\/www.europesays.com\/es\/wp-json\/wp\/v2\/tags?post=433260"}],"curies":[{"name":"wp","href":"https:\/\/api.w.org\/{rel}","templated":true}]}}