{"id":43411,"date":"2025-08-12T21:39:29","date_gmt":"2025-08-12T21:39:29","guid":{"rendered":"https:\/\/www.europesays.com\/es\/43411\/"},"modified":"2025-08-12T21:39:29","modified_gmt":"2025-08-12T21:39:29","slug":"este-libro-de-epoca-de-isabel-allende-conquista-a-las-lectoras-de-las-novelas-historicas-de-maria-duenas-y-ya-esta-entre-los-mas-vendidos-del-mes-en-la-casa-del-libro","status":"publish","type":"post","link":"https:\/\/www.europesays.com\/es\/43411\/","title":{"rendered":"Este libro de \u00e9poca de Isabel Allende conquista a las lectoras de las novelas hist\u00f3ricas de Mar\u00eda Due\u00f1as y ya est\u00e1 entre los m\u00e1s vendidos del mes en La Casa del Libro"},"content":{"rendered":"<p data-journey-content=\"true\" data-node-id=\"2\" class=\"css-i9p093 emevuu60\">Hay libros que, con solo ver el nombre de su autora, te atraen. Es el caso de <strong data-node-id=\"2.1\">Isabel Allende<\/strong>. La chilena, conocida por grandes t\u00edtulos como \u2018La casa de los esp\u00edritus\u2019 (1982) o \u2018Violeta\u2019 (2022), <strong data-node-id=\"2.3\">sigue revolucionando el mercado literario cada vez que termina una novela.<\/strong> Sobre todo el conocido como g\u00e9nero hist\u00f3rico y de \u00e9poca, donde las mujeres o una generaci\u00f3n de ellas suelen ser las protagonistas de valientes aventuras, desgarradores dramas y di\u00e1logos profundos. <\/p>\n<p data-journey-content=\"true\" data-node-id=\"3\" class=\"css-i9p093 emevuu60\"><strong data-node-id=\"3.0\">Todo esto es lo que encontrar\u00e1s, por supuesto, en su \u00faltimo lanzamiento.<\/strong> Te avisamos de que solo lleva unos d\u00edas en las librer\u00edas, pero ha escalado hasta lo m\u00e1s alto de los rankings de ventas. Es m\u00e1s, <strong data-node-id=\"3.2\">las lectoras de Mar\u00eda Due\u00f1as<\/strong>, la impresionante autora espa\u00f1ola tras \u2018El tiempo entre costuras\u2019, <strong data-node-id=\"3.4\">tambi\u00e9n se han subido al carro del nuevo libro de Isabel Allende \u00a1porque su trama lo merece!<\/strong><\/p>\n<p data-journey-content=\"true\" data-node-id=\"4\" class=\"css-i9p093 emevuu60\">Esta sigue la historia de una mujer desde su nacimiento. Hija de una monja, termina acogida por un hombre que la convertir\u00e1 en una joven repleta de personalidad y muy independiente. Tanto es as\u00ed que, una vez tiene clara su vocaci\u00f3n, la escritura, comienza a publicar sus novelas. Por supuesto, bajo un <a href=\"https:\/\/www.cosmopolitan.com\/es\/entretenimiento-cultura\/a64808594\/seudonimos-mas-famosos-literatura-agatha-christie-virginia-woolf\/\" data-vars-ga-outbound-link=\"https:\/\/www.cosmopolitan.com\/es\/entretenimiento-cultura\/a64808594\/seudonimos-mas-famosos-literatura-agatha-christie-virginia-woolf\/\" data-vars-ga-ux-element=\"Hyperlink\" data-vars-ga-call-to-action=\"seud\u00f3nimo masculino, como ya hicieron muchas antes\" data-node-id=\"4.1\" class=\"body-link css-103hk4r emevuu60\" rel=\"nofollow noopener\" target=\"_blank\">seud\u00f3nimo masculino, como ya hicieron muchas antes<\/a>, ya que estaba mal visto en su \u00e9poca, finales del 1800, que una mujer se expusiese de esa manera.<\/p>\n<p data-journey-content=\"true\" data-node-id=\"6\" class=\"css-i9p093 emevuu60\">Despu\u00e9s, continu\u00f3 su pasi\u00f3n convirti\u00e9ndose en periodista y march\u00e1ndose a cubrir la guerra Civil de Chile. All\u00ed conocer\u00e1 a Eric Whelan, compa\u00f1ero de profesi\u00f3n, pero tambi\u00e9n los horrores de un conflicto b\u00e9lico de semejante magnitud. Aunque eso no es todo, porque mientras rastrea el territorio y descubre todo sobre el mismo, tambi\u00e9n lo har\u00e1 con los v\u00ednculos familiares que la conectan con su padre, a quien no conoci\u00f3. En pocas palabras, una narraci\u00f3n muy apasionada e interesante. <strong data-node-id=\"6.1\">Y su t\u00edtulo, hom\u00f3nimo al de la mujer protagonista que toma las riendas de su vida, es \u2018Mi nombre Emilia del Valle\u2019<\/strong> (ed. Plaza &amp; Jan\u00e9s, 2025).<\/p>\n<p>ed. Plaza &amp; Jan\u00e9s \u2018Mi nombre es Emilia del Valle\u2019<\/p>\n<p><a target=\"_blank\" rel=\"nofollow noopener\" data-theme-key=\"product-image-wrapper\" href=\"https:\/\/www.amazon.es\/dp\/8401035244?tag=cosmospain-21\" aria-label=\"22\u00a0\u20ac en Amazon for \u2018Mi nombre es Emilia del Valle\u2019\" data-href=\"https:\/\/www.amazon.es\/dp\/8401035244\" data-product-url=\"https:\/\/www.amazon.es\/dp\/8401035244\" data-affiliate=\"true\" data-affiliate-url=\"https:\/\/www.amazon.es\/dp\/8401035244?tag=cosmospain-21\" data-affiliate-network=\"{&quot;afflink_redirect&quot;:&quot;\/_p\/afflink\/uwZI\/amazon-mi-nombre-emilia-del&quot;,&quot;site_id&quot;:&quot;12011353-0ac8-495b-87d1-541056f96655&quot;,&quot;network&quot;:{&quot;name&quot;:&quot;Amazon&quot;},&quot;metadata&quot;:{&quot;links&quot;:{&quot;default&quot;:&quot;https:\/\/www.amazon.es\/dp\/8401035244?tag=cosmospain-21&quot;}}}\" data-vars-ga-call-to-action=\"22\u00a0\u20ac en Amazon\" data-vars-ga-media-role=\"\" data-vars-ga-media-type=\"Single Product Embed\" data-vars-ga-outbound-link=\"https:\/\/www.amazon.es\/dp\/8401035244\" data-vars-ga-product-brand=\"ed. Plaza &amp; Jan\u00e9s\" data-vars-ga-product-id=\"e7e971b3-f104-4f64-82a0-e7781c95c63c\" data-vars-ga-product-price=\"21,75\u00a0\u20ac\" data-vars-ga-product-retailer-id=\"ceadcf80-4598-45e1-9718-7178f44dd9cf\" data-vars-ga-product-sem3-category=\"Ficci\u00f3n contempor\u00e1nea\" data-vars-ga-link-treatment=\"(not set) | (not set)\" data-vars-ga-sku=\"8401035244\" data-vars-ga-magento-tracking=\"1\" class=\"product-image-link ebgq4gw2 e1b8bpvs0 css-g6od0w e1c1bym14\"><img  alt=\"\u2018Mi nombre es Emilia del Valle\u2019\" title=\"\u2018Mi nombre es Emilia del Valle\u2019\" src=\"https:\/\/www.europesays.com\/es\/wp-content\/uploads\/2025\/08\/1730285132-71jPawaroL.jpg\" width=\"1677\" height=\"2560\" decoding=\"async\" loading=\"lazy\"\/><\/a><\/p>\n<p data-journey-content=\"true\" data-node-id=\"8\" class=\"css-i9p093 emevuu60\">Como dice la sinopsis oficial, est\u00e1s ante \u2018\u2018una cautivadora e inolvidable historia de amor y de guerra, de descubrimiento y redenci\u00f3n, protagonizada por una mujer que, enfrentada a los mayores desaf\u00edos, sobrevive y se reinventa\u2019\u2019. Adem\u00e1s, <strong data-node-id=\"8.1\">Emilia del Valle pertenece a uno de los universos m\u00e1s conocidos de la escritora, el de \u2018La casa de los esp\u00edritus\u2019,<\/strong> \u2018Hija de la fortuna\u2019 y \u2018Retrato en sepia\u2019. Seguro que no te quieres perder esta especie de \u2018spin-off\u2019 de uno de los <a href=\"https:\/\/www.cosmopolitan.com\/es\/entretenimiento-cultura\/g37277712\/mejores-libros-de-la-historia-leer\/\" data-vars-ga-outbound-link=\"https:\/\/www.cosmopolitan.com\/es\/entretenimiento-cultura\/g37277712\/mejores-libros-de-la-historia-leer\/\" data-vars-ga-ux-element=\"Hyperlink\" data-vars-ga-call-to-action=\"mejores libros de la historia\" data-node-id=\"8.3\" class=\"body-link css-103hk4r emevuu60\" rel=\"nofollow noopener\" target=\"_blank\">mejores libros de la historia<\/a>.<\/p>\n<p data-journey-content=\"true\" data-node-id=\"9\" class=\"css-i9p093 emevuu60\">\u00bfY te gustar\u00eda conocer a otras &#8216;bookaholics&#8217; como t\u00fa? \u00danete a nuestro <a href=\"https:\/\/cb.sailthru.com\/join\/7qz\/cosmo-signup-organiceditorialcontent\" target=\"_blank\" data-saferedirecturl=\"https:\/\/www.google.com\/url?q=https:\/\/cb.sailthru.com\/join\/7qz\/cosmo-signup-organiceditorialcontent&amp;source=gmail&amp;ust=1745144788632000&amp;usg=AOvVaw0VdndYhUeeFAbsqX3o49iG\" data-vars-ga-outbound-link=\"https:\/\/cb.sailthru.com\/join\/7qz\/cosmo-signup-organiceditorialcontent\" data-vars-ga-ux-element=\"Hyperlink\" data-vars-ga-call-to-action=\"Club de Lectura COSMOPOLITAN\" data-node-id=\"9.1\" class=\"body-link css-103hk4r emevuu60\" rel=\"nofollow noopener\">Club de Lectura COSMOPOLITAN<\/a>, y recibir\u00e1s una newsletter semanal exclusiva y podr\u00e1s participar en incre\u00edbles concursos. <\/p>\n<p>+ sobre libros<img src=\"https:\/\/www.europesays.com\/es\/wp-content\/uploads\/2025\/08\/1755034769_675_6c690464-e4b2-40c3-b650-d35b2523df39_1646988809.file\" alt=\"Headshot of Nerea Panicello\" title=\"Headshot of Nerea Panicello\" width=\"100%\" height=\"100%\" decoding=\"async\" loading=\"lazy\" class=\"css-o0wq4v ev8dhu53\"\/><\/p>\n<p>Nerea Panicello es experta en m\u00fasica, series y redes sociales. No hay canci\u00f3n pop que no haya pasado por los auriculares que siempre lleva puestos, entrega de premios Grammy o MTV VMA\u2019s que no haya cubierto en directo o festival al que se haya quedado con ganas de ir. Tampoco ficci\u00f3n (serie o pel\u00edcula) de Netflix o HBO Max de la que no se obsesione con el reparto y busque todas las teor\u00edas de los fans. Ni reel de Instagram o v\u00eddeo de TikTok viral que no haya recibido su \u2018iike\u2019. Su carpeta de guardados en IG est\u00e1 repleta de ideas para crear contenido.<\/p>\n<p>Su momento favorito de la jornada laboral es cuando se sienta frente al artista o int\u00e9rprete de turno para someterle a sus preguntas o a unos de los retos en v\u00eddeo de COSMOPOLITAN. Ha entrevistado a cantantes como Lola \u00cdndigo, Rauw Alejandro, Camilo o la banda Morat. Tambi\u00e9n a actrices como Claudia Jessie (\u2018Bridgerton\u2019), Kristen Stewart o Maisie Williams. Aunque siempre recordar\u00e1 sus cinco minutos de gloria con los Jonas Brothers.<\/p>\n<p>Nerea se gradu\u00f3 en Periodismo por la Universidad Rey Juan Carlos en 2018. Antes de colocarse el birrete, realiz\u00f3 pr\u00e1cticas durante 2017 en la Revista de Ana Rosa Quintana. Lleva formando parte de Cosmopolitan desde 2018. Actualmente est\u00e1 terminando un M\u00e1ster de Periodismo Digital y Nuevos Perfiles en la Universidad Rey Juan Carlos. En sus ratos libre, recibe clases de lengua musical y bater\u00eda para seguir mostrando lo que no se ve las canciones.<\/p>\n<p>Acumula seis a\u00f1os de experiencia, en los que ha elaborado temas para sus versiones \u2019print\u2019, diariamente en digital y ejercido de Community Manager en cuantiosas ocasiones. \u00a0<\/p>\n","protected":false},"excerpt":{"rendered":"Hay libros que, con solo ver el nombre de su autora, te atraen. Es el caso de Isabel&hellip;\n","protected":false},"author":2,"featured_media":43412,"comment_status":"","ping_status":"","sticky":false,"template":"","format":"standard","meta":{"footnotes":""},"categories":[172],"tags":[224,253,146,147,25,24,225,23],"class_list":{"0":"post-43411","1":"post","2":"type-post","3":"status-publish","4":"format-standard","5":"has-post-thumbnail","7":"category-libros","8":"tag-books","9":"tag-discover","10":"tag-entertainment","11":"tag-entretenimiento","12":"tag-es","13":"tag-espana","14":"tag-libros","15":"tag-spain"},"share_on_mastodon":{"url":"","error":""},"_links":{"self":[{"href":"https:\/\/www.europesays.com\/es\/wp-json\/wp\/v2\/posts\/43411","targetHints":{"allow":["GET"]}}],"collection":[{"href":"https:\/\/www.europesays.com\/es\/wp-json\/wp\/v2\/posts"}],"about":[{"href":"https:\/\/www.europesays.com\/es\/wp-json\/wp\/v2\/types\/post"}],"author":[{"embeddable":true,"href":"https:\/\/www.europesays.com\/es\/wp-json\/wp\/v2\/users\/2"}],"replies":[{"embeddable":true,"href":"https:\/\/www.europesays.com\/es\/wp-json\/wp\/v2\/comments?post=43411"}],"version-history":[{"count":0,"href":"https:\/\/www.europesays.com\/es\/wp-json\/wp\/v2\/posts\/43411\/revisions"}],"wp:featuredmedia":[{"embeddable":true,"href":"https:\/\/www.europesays.com\/es\/wp-json\/wp\/v2\/media\/43412"}],"wp:attachment":[{"href":"https:\/\/www.europesays.com\/es\/wp-json\/wp\/v2\/media?parent=43411"}],"wp:term":[{"taxonomy":"category","embeddable":true,"href":"https:\/\/www.europesays.com\/es\/wp-json\/wp\/v2\/categories?post=43411"},{"taxonomy":"post_tag","embeddable":true,"href":"https:\/\/www.europesays.com\/es\/wp-json\/wp\/v2\/tags?post=43411"}],"curies":[{"name":"wp","href":"https:\/\/api.w.org\/{rel}","templated":true}]}}