{"id":434147,"date":"2026-03-07T13:21:09","date_gmt":"2026-03-07T13:21:09","guid":{"rendered":"https:\/\/www.europesays.com\/es\/434147\/"},"modified":"2026-03-07T13:21:09","modified_gmt":"2026-03-07T13:21:09","slug":"el-indie-solo-vale-para-vender-cervezas","status":"publish","type":"post","link":"https:\/\/www.europesays.com\/es\/434147\/","title":{"rendered":"El indie solo vale para vender cervezas"},"content":{"rendered":"<p class=\"paragraph-atom &#10;        B-500-500-700-N B-600-500-700-N--md  \">\n                    La <strong>Estrella de David<\/strong>, el proyecto de <strong>David Rodr\u00edguez <\/strong>(Sant Felliu de Llobregat, 1968), toca hoy en el <a href=\"https:\/\/www.laregion.es\/eventos\/concierto-cafe-torgal_21_20260306-4188862.html\" rel=\"nofollow noopener\" target=\"_blank\"><strong>Torgal<\/strong><\/a><strong> a las 20:00 horas.<\/strong>\n            <\/p>\n<p class=\"paragraph-atom  question&#10;        B-600-300-700-N  \"><strong class=\"mr-3\">Pregunta.<\/strong><br \/>\n                    <strong>Act\u00faa en el Torgal. \u00bfLe gustan los formatos cercanos?<\/strong>\n            <\/p>\n<p class=\"paragraph-atom  answer&#10;        B-600-300-700-N  \"><strong class=\"mr-3\">Respuesta.<\/strong><br \/>\n                    Me toca tocar en sitios peque\u00f1os, pero tampoco soy un cantante que arrastre multitudes. Y ya que vas a tocar en salas as\u00ed, el Torgal tiene muy buena fama. Me han hablado de gente muy cari\u00f1osa, que hace las cosas un poco a contracorriente, sin pensar en hacerse rico con esto. Con ese tipo de cosas yo siempre simpatizo.\n            <\/p>\n<p class=\"paragraph-atom  question&#10;        B-600-300-700-N  \"><strong class=\"mr-3\">P.<\/strong><br \/>\n                    <strong>Aunque su proyecto sea peque\u00f1o, ha producido artistas como Los Punsetes o La Bien Querida.<\/strong>\n            <\/p>\n<p class=\"paragraph-atom  answer&#10;        B-600-300-700-N  \"><strong class=\"mr-3\">R.<\/strong><br \/>\n                    Al final, despu\u00e9s de muchos a\u00f1os haciendo este rollo, acabas un poco en medio de todo. En el reino de los ciegos el tuerto es el rey. Tampoco soy un productor especialmente exitoso, pero s\u00ed que he tenido cierta repercusi\u00f3n.\n            <\/p>\n<p class=\"paragraph-atom  question&#10;        B-600-300-700-N  \"><strong class=\"mr-3\">P.<\/strong><br \/>\n                    <strong>\u00bfSe siente c\u00f3modo estando detr\u00e1s de los focos?<\/strong>\n            <\/p>\n<p class=\"paragraph-atom  answer&#10;        B-600-300-700-N  \"><strong class=\"mr-3\">R.<\/strong><br \/>\n                    S\u00ed, no me importa. Adem\u00e1s, a la edad que tengo ya -57 a\u00f1os- imaginarme protagonizando un proyecto de \u00e9xito masiv creo que eso ir\u00eda un poco contra mi salud. Me dar\u00eda bastante pereza.\n            <\/p>\n<p class=\"paragraph-atom  question&#10;        B-600-300-700-N  \"><strong class=\"mr-3\">P.<\/strong><br \/>\n                    <strong>\u00bfEl pop sigue siendo un buen lugar para hablar de fragilidad?<\/strong>\n            <\/p>\n<p class=\"paragraph-atom  answer&#10;        B-600-300-700-N  \"><strong class=\"mr-3\">R.<\/strong><br \/>\n                    S\u00ed, claro. El pop es un escaparate lleno de inseguros que ponemos nuestras miserias ah\u00ed para que nos hagan un poco de caso. Y es un escaparate muy bueno para eso, porque con un m\u00ednimo talento puedes llegar a la gente. No hace falta ser un m\u00fasico extraordinario ni un virtuoso. Y eso est\u00e1 bien, no lo digo como algo negativo.\n            <\/p>\n<p class=\"paragraph-atom  question&#10;        B-600-300-700-N  \"><strong class=\"mr-3\">P.<\/strong><br \/>\n                    <strong>Despu\u00e9s de tantos a\u00f1os en la m\u00fasica, \u00bfc\u00f3mo ve la evoluci\u00f3n del panorama?<\/strong>\n            <\/p>\n<p class=\"paragraph-atom  answer&#10;        B-600-300-700-N  \"><strong class=\"mr-3\">R.<\/strong><br \/>\n                    Ahora hay mucha m\u00e1s obsesi\u00f3n con el \u00e9xito. Esa cultura muy americana de ganadores y perdedores: si te escucha mucha gente eres bueno y si no te escucha nadie eres malo. Antes era casi al rev\u00e9s. Al que ten\u00eda mucho \u00e9xito se le miraba con cierta desconfianza.\u00a0\n            <\/p>\n<p class=\"paragraph-atom  question&#10;        B-600-300-700-N  \"><strong class=\"mr-3\">P.<\/strong><br \/>\n                    <strong>En sus canciones tambi\u00e9n aparece bastante humor e iron\u00eda.<\/strong>\n            <\/p>\n<p class=\"paragraph-atom  answer&#10;        B-600-300-700-N  \"><strong class=\"mr-3\">R.<\/strong><br \/>\n                    La emoci\u00f3n depresiva ya sabes c\u00f3mo funciona. Los depresivos muchas veces hacen humor.\n            <\/p>\n<p class=\"paragraph-atom  question&#10;        B-600-300-700-N  \"><strong class=\"mr-3\">P.<\/strong><br \/>\n                    <strong>Hablaba antes de la edad. \u00bfC\u00f3mo se lleva con las redes sociales y con el ecosistema actual de Spotify o TikTok?<\/strong>\n            <\/p>\n<p class=\"paragraph-atom  answer&#10;        B-600-300-700-N  \"><strong class=\"mr-3\">R.<\/strong><br \/>\n                    Bueno, estoy en Twitter y cosas as\u00ed, pero est\u00e1 tan bien hecho que al final te pasas el d\u00eda escarbando en esa basura y haci\u00e9ndote mala sangre. Es una droga bastante mala. A nivel de promoci\u00f3n tampoco tengo demasiado que promocionar normalmente. Si tengo un concierto o algo, pongo una foto en Instagram y poco m\u00e1s.\n            <\/p>\n<p class=\"paragraph-atom  question&#10;        B-600-300-700-N  \"><strong class=\"mr-3\">P.<\/strong><br \/>\n                    <strong>Sus discos suelen salir con bastante tiempo entre uno y otro. <\/strong>\n            <\/p>\n<p class=\"paragraph-atom  answer&#10;        B-600-300-700-N  \"><strong class=\"mr-3\">R.<\/strong><br \/>\n                    Es que cada vez me cuesta m\u00e1s meterme en el papel. Cuando eres m\u00e1s joven tienes mucho entusiasmo, ahora me cuesta m\u00e1s. No es tanto falta de inspiraci\u00f3n, es m\u00e1s bien falta de motivaci\u00f3n. Pero bueno, ahora en mayo sale un disco nuevo de La Estrella de David.\n            <\/p>\n<p class=\"paragraph-atom  question&#10;        B-600-300-700-N  \"><strong class=\"mr-3\">P.<\/strong><br \/>\n                    <strong>\u00bfQu\u00e9 necesita para volver a meterse en ese papel?<\/strong>\n            <\/p>\n<p class=\"paragraph-atom  answer&#10;        B-600-300-700-N  \"><strong class=\"mr-3\">R.<\/strong><br \/>\n                    A veces pasa sin m\u00e1s. No ten\u00eda nada a la vista y en tres meses he hecho un disco. Es como un impulso que te entra de repente. Luego pasan temporadas en las que cuesta m\u00e1s. Supongo que tambi\u00e9n es cosa de la edad: te vuelves m\u00e1s esc\u00e9ptico, m\u00e1s descre\u00eddo.\n            <\/p>\n<p class=\"paragraph-atom  question&#10;        B-600-300-700-N  \"><strong class=\"mr-3\">P.<\/strong><br \/>\n                    \u00bfY que le anima a seguir despu\u00e9s de tanto tiempo?\n            <\/p>\n<p class=\"paragraph-atom  answer&#10;        B-600-300-700-N  \"><strong class=\"mr-3\">R.<\/strong><br \/>\n                    Pues un poco por ver que todav\u00eda soy capaz de hacer algo. No lo haces buscando el \u00e9xito ni nada. Si viniera una millonada, encantado de la vida, claro, pero no es el prop\u00f3sito. Ahora veo a mucha gente haciendo m\u00fasica pensando en llenar salas o en hacer dinero, y ese planteamiento a m\u00ed me viene un poco grande.\u00a0\n            <\/p>\n<p class=\"paragraph-atom  question&#10;        B-600-300-700-N  \"><strong class=\"mr-3\">P.<\/strong><br \/>\n                    <strong>Se habla mucho del indie en Espa\u00f1a, pero parece que cada uno entiende una cosa distinta. \u00bfQu\u00e9 es para usted?<\/strong>\n            <\/p>\n<p class=\"paragraph-atom  answer&#10;        B-600-300-700-N  \"><strong class=\"mr-3\">R.<\/strong><br \/>\n                    No lo s\u00e9. Yo s\u00e9 lo que fue, pero no s\u00e9 lo que es ahora. Antes era m\u00e1s bien una actitud: intentar hacer m\u00fasica por tu cuenta, un poco de espaldas al mercado, con cierto idealismo. Ahora ya no tengo muy claro qu\u00e9 significa. Un g\u00e9nero musical desde luego no es.\n            <\/p>\n<p class=\"paragraph-atom  question&#10;        B-600-300-700-N  \"><strong class=\"mr-3\">P.<\/strong><br \/>\n                    <strong>\u00bfAlgo para vender?<\/strong>\n            <\/p>\n<p class=\"paragraph-atom  answer&#10;        B-600-300-700-N  \"><strong class=\"mr-3\">R.<\/strong><br \/>\n                    Claro. Es que nadie sabe muy bien qu\u00e9 es. Al final es una etiqueta m\u00e1s para vender cervezas.\n            <\/p>\n<p class=\"paragraph-atom  question&#10;        B-600-300-700-N  \"><strong class=\"mr-3\">P.<\/strong><br \/>\n                    <strong>Tambi\u00e9n tienes una visi\u00f3n bastante anti\u00e9pica de la m\u00fasica.<\/strong>\n            <\/p>\n<p class=\"paragraph-atom  answer&#10;        B-600-300-700-N  \"><strong class=\"mr-3\">R.<\/strong><br \/>\n                    S\u00ed, anti\u00e9pica s\u00ed. Pero no soy c\u00ednico, creo. Simplemente veo las cosas como son. El pop rock es un arte para gente bastante normal, como todos nosotros. Aunque luego hay gente con much\u00edsimo talento. Por ejemplo Rosal\u00eda, que no es que la escuche mucho, pero dices: \u201cEsto es otra cosa\u201d. Y en Ourense ten\u00e9is a Emilio Jos\u00e9, que es buen\u00edsimo tambi\u00e9n.\n            <\/p>\n<p>\n        Relacionado\n    <\/p>\n","protected":false},"excerpt":{"rendered":"La Estrella de David, el proyecto de David Rodr\u00edguez (Sant Felliu de Llobregat, 1968), toca hoy en el&hellip;\n","protected":false},"author":2,"featured_media":434148,"comment_status":"","ping_status":"","sticky":false,"template":"","format":"standard","meta":{"footnotes":""},"categories":[170],"tags":[2429,146,147,25,24,14267,6244,184,185,23,14272,32684],"class_list":["post-434147","post","type-post","status-publish","format-standard","has-post-thumbnail","category-musica","tag-david","tag-entertainment","tag-entretenimiento","tag-es","tag-espana","tag-estrella","tag-indie","tag-music","tag-musica","tag-spain","tag-vale","tag-vender"],"share_on_mastodon":{"url":"https:\/\/pubeurope.com\/@es\/116188104965187422","error":""},"_links":{"self":[{"href":"https:\/\/www.europesays.com\/es\/wp-json\/wp\/v2\/posts\/434147","targetHints":{"allow":["GET"]}}],"collection":[{"href":"https:\/\/www.europesays.com\/es\/wp-json\/wp\/v2\/posts"}],"about":[{"href":"https:\/\/www.europesays.com\/es\/wp-json\/wp\/v2\/types\/post"}],"author":[{"embeddable":true,"href":"https:\/\/www.europesays.com\/es\/wp-json\/wp\/v2\/users\/2"}],"replies":[{"embeddable":true,"href":"https:\/\/www.europesays.com\/es\/wp-json\/wp\/v2\/comments?post=434147"}],"version-history":[{"count":0,"href":"https:\/\/www.europesays.com\/es\/wp-json\/wp\/v2\/posts\/434147\/revisions"}],"wp:featuredmedia":[{"embeddable":true,"href":"https:\/\/www.europesays.com\/es\/wp-json\/wp\/v2\/media\/434148"}],"wp:attachment":[{"href":"https:\/\/www.europesays.com\/es\/wp-json\/wp\/v2\/media?parent=434147"}],"wp:term":[{"taxonomy":"category","embeddable":true,"href":"https:\/\/www.europesays.com\/es\/wp-json\/wp\/v2\/categories?post=434147"},{"taxonomy":"post_tag","embeddable":true,"href":"https:\/\/www.europesays.com\/es\/wp-json\/wp\/v2\/tags?post=434147"}],"curies":[{"name":"wp","href":"https:\/\/api.w.org\/{rel}","templated":true}]}}