{"id":43421,"date":"2025-08-12T21:45:09","date_gmt":"2025-08-12T21:45:09","guid":{"rendered":"https:\/\/www.europesays.com\/es\/43421\/"},"modified":"2025-08-12T21:45:09","modified_gmt":"2025-08-12T21:45:09","slug":"el-torero-manuel-escribano-explica-su-salida-al-ruedo-con-una-bandera-en-la-que-pedia-prision-para-pedro-sanchez","status":"publish","type":"post","link":"https:\/\/www.europesays.com\/es\/43421\/","title":{"rendered":"El torero Manuel Escribano explica su salida al ruedo con una bandera en la que ped\u00eda prisi\u00f3n para Pedro S\u00e1nchez"},"content":{"rendered":"<p class=\"c-paragraph\">El torero Manuel Escribano ha respondido a la pol\u00e9mica que protagoniz\u00f3 el pasado domingo durante una corrida de la feria de Huesca. En su vuelta al ruedo, Escribano honde\u00f3 una bandera de Espa\u00f1a en la que pod\u00eda leerse \u00abS\u00e1nchez a prisi\u00f3n\u00bb,<b> un mensaje que \u00e9l ha negado conocer de manera previa.<\/b><\/p>\n<p class=\"c-paragraph\"><b>\u00abQuiero manifestar mi rotunda y absoluta negaci\u00f3n<\/b> de que existiese ninguna intenci\u00f3n pol\u00edtica por mi parte y que desconoc\u00eda por completo que la bandera llevaba ese mensaje escrito\u00bb, ha se\u00f1alado en un comunicado publicado en su perfil de X.<\/p>\n<p class=\"c-paragraph\">El diestro ha explicado tambi\u00e9n que la ense\u00f1a con el mensaje dedicado al presidente del gobierno le fue entregada por un miembro de las pe\u00f1as y que la tom\u00f3 como muestra de gratitud <b>\u00absin otro prop\u00f3sito o significado\u00bb<\/b>.<\/p>\n<p class=\"c-paragraph\">Niega que diera la vuelta al ruedo con la bandera, y a\u00f1ade: \u00ab<b>Rechazo firmemente que se intente vincular este gesto<\/b> con posicionamientos pol\u00edticos o ideol\u00f3gicos o que se me atribuya la intenci\u00f3n de querer portar y difundir el mensaje escrito en esa bandera\u00bb.<\/p>\n<p class=\"c-paragraph\">Y concluye lamentando que<b> \u00abse pretenda malinterpretar un momento de celebraci\u00f3n\u00bb.<\/b><\/p>\n","protected":false},"excerpt":{"rendered":"El torero Manuel Escribano ha respondido a la pol\u00e9mica que protagoniz\u00f3 el pasado domingo durante una corrida de&hellip;\n","protected":false},"author":2,"featured_media":43422,"comment_status":"","ping_status":"","sticky":false,"template":"","format":"standard","meta":{"footnotes":""},"categories":[91],"tags":[146,147,25,9480,24,5134,841,1965,23,1570],"class_list":{"0":"post-43421","1":"post","2":"type-post","3":"status-publish","4":"format-standard","5":"has-post-thumbnail","7":"category-entretenimiento","8":"tag-entertainment","9":"tag-entretenimiento","10":"tag-es","11":"tag-escribano","12":"tag-espana","13":"tag-explica","14":"tag-manuel","15":"tag-salida","16":"tag-spain","17":"tag-torero"},"share_on_mastodon":{"url":"","error":""},"_links":{"self":[{"href":"https:\/\/www.europesays.com\/es\/wp-json\/wp\/v2\/posts\/43421","targetHints":{"allow":["GET"]}}],"collection":[{"href":"https:\/\/www.europesays.com\/es\/wp-json\/wp\/v2\/posts"}],"about":[{"href":"https:\/\/www.europesays.com\/es\/wp-json\/wp\/v2\/types\/post"}],"author":[{"embeddable":true,"href":"https:\/\/www.europesays.com\/es\/wp-json\/wp\/v2\/users\/2"}],"replies":[{"embeddable":true,"href":"https:\/\/www.europesays.com\/es\/wp-json\/wp\/v2\/comments?post=43421"}],"version-history":[{"count":0,"href":"https:\/\/www.europesays.com\/es\/wp-json\/wp\/v2\/posts\/43421\/revisions"}],"wp:featuredmedia":[{"embeddable":true,"href":"https:\/\/www.europesays.com\/es\/wp-json\/wp\/v2\/media\/43422"}],"wp:attachment":[{"href":"https:\/\/www.europesays.com\/es\/wp-json\/wp\/v2\/media?parent=43421"}],"wp:term":[{"taxonomy":"category","embeddable":true,"href":"https:\/\/www.europesays.com\/es\/wp-json\/wp\/v2\/categories?post=43421"},{"taxonomy":"post_tag","embeddable":true,"href":"https:\/\/www.europesays.com\/es\/wp-json\/wp\/v2\/tags?post=43421"}],"curies":[{"name":"wp","href":"https:\/\/api.w.org\/{rel}","templated":true}]}}