{"id":434424,"date":"2026-03-07T16:53:10","date_gmt":"2026-03-07T16:53:10","guid":{"rendered":"https:\/\/www.europesays.com\/es\/434424\/"},"modified":"2026-03-07T16:53:10","modified_gmt":"2026-03-07T16:53:10","slug":"astronauta-de-la-nasa-aseguro-que-los-humanos-viven-en-una-mentira","status":"publish","type":"post","link":"https:\/\/www.europesays.com\/es\/434424\/","title":{"rendered":"Astronauta de la Nasa asegur\u00f3 que los humanos &#8216;viven en una mentira&#8217;"},"content":{"rendered":"<p><b>Un astronauta de la NASA, Ron Garan, afirm\u00f3 en declaraciones p\u00fablicas y en un video publicado por Big\u202fThink que los humanos \u201cviven en una mentira\u201d.<\/b>\u00a0<\/p>\n<p>Tras examinar la Tierra desde el espacio, una reflexi\u00f3n\u00a0 surgi\u00f3 despu\u00e9s de experimentar el llamado \u201coverview effect\u201d, un fen\u00f3meno que genera cambios cognitivos y emocionales al observar el planeta desde la Estaci\u00f3n Espacial Internacional.<b\/><\/p>\n<p>Garan fue lanzado al espacio el 4 de abril de 2011 y regres\u00f3 a la Tierra el 16 de septiembre del mismo a\u00f1o. <b>Durante su misi\u00f3n complet\u00f3 cerca de 3.000 \u00f3rbitas alrededor del planeta y regres\u00f3 con una nueva perspectiva sobre la humanidad y las prioridades de la sociedad.<\/b><\/p>\n<p class=\"c-leatambien__titulo\"> LEA TAMBI\u00c9N <\/p>\n<p><img decoding=\"async\" alt=\"Nasa\" width=\"120\" height=\"120\" loading=\"lazy\" src=\"https:\/\/imagenes2.eltiempo.com\/files\/image_120_120\/files\/fp\/uploads\/2026\/02\/06\/69861356d4f59.r_d.600-338.png\" data-full-src=\"https:\/\/www.europesays.com\/es\/wp-content\/uploads\/2026\/03\/69861356d4f59.png\"\/><\/p>\n<p class=\"c-cuerpo__media__txt\">Ron Garan asegur\u00f3 que ver la Tierra desde el espacio cambi\u00f3 su forma de entender el mundo. Foto:Obervatorio Europeo Austral<\/p>\n<p><b>Desde la ventana de la nave espacial, Garan comprendi\u00f3 lo fr\u00e1gil y maravillosa que es la vida en la Tierra, y c\u00f3mo el ritmo cotidiano lleva a muchas personas a vivir solo para sobrevivir, sin detenerse a contemplar la belleza que los rodea.<\/b> Esta experiencia transform\u00f3 su forma de entender la vida y su conexi\u00f3n con los dem\u00e1s habitantes del planeta.<\/p>\n<p><b>Este cambio de pensamiento se conoce como \u201cEfecto de visi\u00f3n general\u201d, un t\u00e9rmino acu\u00f1ado por primera vez por el fil\u00f3sofo Frank White en 1987. <\/b>Se refiere al cambio de conciencia que experimentan los astronautas al observar la Tierra desde el espacio y a la comprensi\u00f3n de la interconexi\u00f3n de todos los seres humanos.<\/p>\n<p>En la soledad, oscura y fr\u00eda del espacio, es normal que los astronautas extra\u00f1en la calidad de la atm\u00f3sfera de la Tierra. <b>Desde all\u00ed, pueden admirar su atm\u00f3sfera delgada, la ausencia de fronteras visibles y la riqueza de sus habitantes, lo que refuerza en ellos la importancia de cuidar el planeta.<\/b><\/p>\n<p class=\"c-cuerpo__media__txt\">Garan fue lanzado al espacio el 4 de abril de 2011 y regres\u00f3 a la Tierra el 16 de septiembre de 2011 Foto:iStock<\/p>\n<p class=\"c-leatambien__titulo\"> LEA TAMBI\u00c9N <\/p>\n<p><img decoding=\"async\" alt=\"La Nasa estudia el fuego en el espacio\" width=\"120\" height=\"120\" loading=\"lazy\" src=\"https:\/\/imagenes2.eltiempo.com\/files\/image_120_120\/uploads\/2026\/01\/30\/697ca08ce7da8.png\" data-full-src=\"https:\/\/www.europesays.com\/es\/wp-content\/uploads\/2026\/03\/697ca08ce7da8.png\"\/><\/p>\n<p><b>Garan asegur\u00f3 que esta visi\u00f3n le hizo darse cuenta de que muchos de los sistemas de los que depende la humanidad est\u00e1n basados en una idea equivocada: considerar que los recursos naturales de la Tierra son simplemente un soporte para el crecimiento econ\u00f3mico.<\/b> Para \u00e9l, es crucial replantear las prioridades de la vida y poner el planeta primero.<\/p>\n<p>Seg\u00fan Garan, \u201clas personas tienen m\u00e1s poder del que imaginan para influir en cambios positivos, y es importante vivir con esta perspectiva m\u00e1s amplia todos los d\u00edas, recordando no solo su vida diaria, sino tambi\u00e9n la existencia compartida de la humanidad en la Tierra\u201d.<\/p>\n<p><b>Por ello, el astronauta enfatiza la necesidad de reorganizar nuestras prioridades: pensar primero en el planeta, luego en la sociedad y finalmente en la econom\u00eda, para poder evolucionar y no quedarnos estancados en lo que somos hoy.<\/b><\/p>\n<p>KATHERINE BRAVO HERN\u00c1NDEZ\u00a0<\/p>\n<p>REDACCI\u00d3N ALCANCE DIGITAL\u00a0<\/p>\n<p>EL TIEMPO\u00a0<\/p>\n<p>M\u00e1s noticias en EL TIEMPO\u00a0<\/p>\n","protected":false},"excerpt":{"rendered":"Un astronauta de la NASA, Ron Garan, afirm\u00f3 en declaraciones p\u00fablicas y en un video publicado por Big\u202fThink&hellip;\n","protected":false},"author":2,"featured_media":434425,"comment_status":"","ping_status":"","sticky":false,"template":"","format":"standard","meta":{"footnotes":""},"categories":[81],"tags":[48965,22572,119,123,124,3008,25,24,1783,642,117,121,122,23,118,120],"class_list":["post-434424","post","type-post","status-publish","format-standard","has-post-thumbnail","category-ciencia-y-tecnologia","tag-aseguro","tag-astronauta","tag-ciencia","tag-ciencia-y-tecnologia","tag-cienciaytecnologia","tag-de","tag-es","tag-espana","tag-la","tag-nasa","tag-science","tag-science-and-technology","tag-scienceandtechnology","tag-spain","tag-technology","tag-tecnologia"],"share_on_mastodon":{"url":"https:\/\/pubeurope.com\/@es\/116188939039627321","error":""},"_links":{"self":[{"href":"https:\/\/www.europesays.com\/es\/wp-json\/wp\/v2\/posts\/434424","targetHints":{"allow":["GET"]}}],"collection":[{"href":"https:\/\/www.europesays.com\/es\/wp-json\/wp\/v2\/posts"}],"about":[{"href":"https:\/\/www.europesays.com\/es\/wp-json\/wp\/v2\/types\/post"}],"author":[{"embeddable":true,"href":"https:\/\/www.europesays.com\/es\/wp-json\/wp\/v2\/users\/2"}],"replies":[{"embeddable":true,"href":"https:\/\/www.europesays.com\/es\/wp-json\/wp\/v2\/comments?post=434424"}],"version-history":[{"count":0,"href":"https:\/\/www.europesays.com\/es\/wp-json\/wp\/v2\/posts\/434424\/revisions"}],"wp:featuredmedia":[{"embeddable":true,"href":"https:\/\/www.europesays.com\/es\/wp-json\/wp\/v2\/media\/434425"}],"wp:attachment":[{"href":"https:\/\/www.europesays.com\/es\/wp-json\/wp\/v2\/media?parent=434424"}],"wp:term":[{"taxonomy":"category","embeddable":true,"href":"https:\/\/www.europesays.com\/es\/wp-json\/wp\/v2\/categories?post=434424"},{"taxonomy":"post_tag","embeddable":true,"href":"https:\/\/www.europesays.com\/es\/wp-json\/wp\/v2\/tags?post=434424"}],"curies":[{"name":"wp","href":"https:\/\/api.w.org\/{rel}","templated":true}]}}