{"id":434843,"date":"2026-03-07T21:59:19","date_gmt":"2026-03-07T21:59:19","guid":{"rendered":"https:\/\/www.europesays.com\/es\/434843\/"},"modified":"2026-03-07T21:59:19","modified_gmt":"2026-03-07T21:59:19","slug":"representantes-de-todos-los-partidos-e-instituciones-aragonesas-despiden-a-joaquin-palacin-en-ainsa","status":"publish","type":"post","link":"https:\/\/www.europesays.com\/es\/434843\/","title":{"rendered":"Representantes de todos los partidos e instituciones aragonesas despiden a Joaqu\u00edn Palac\u00edn en A\u00ednsa"},"content":{"rendered":"<p class=\"ft-text\">La iglesia de A\u00ednsa ha acogido este s\u00e1bado el funeral por el presidente de CHA, <strong>Joaqu\u00edn Palac\u00edn<\/strong>, fallecido este jueves tras un a\u00f1o de lucha contra el c\u00e1ncer. Muchos amigos, familiares y representantes pol\u00edticos han acompa\u00f1ado a la familia en una dura jornada de duelo tras la <a class=\"ft-link ft-link--decoration\" href=\"https:\/\/www.elperiodicodearagon.com\/tags\/muerte\/\" rel=\"nofollow noopener\" target=\"_blank\">muerte<\/a> de un dirigente que deja un\u00a0legado pol\u00edtico enfocado en el fomento del territorio aragon\u00e9s y el<strong> consenso institucional<\/strong>.<\/p>\n<p class=\"ft-text\">En la capital sobrarbense se han congregado<strong> representantes de todos los partidos pol\u00edticos<\/strong> aragoneses y miembros de todas las instituciones, tanto auton\u00f3micas como comarcales. Desde la formaci\u00f3n han agradecido \u00abel cari\u00f1o\u00bb recibido desde que se conoci\u00f3 la noticia.<\/p>\n<p class=\"ft-text\">Como se ha destacado en el funeral, el fallecimiento de Palac\u00edn a los 51 a\u00f1os ha supuesto una importante p\u00e9rdida para el conjunto de la sociedad y de la pol\u00edtica en Arag\u00f3n. Su dedicaci\u00f3n al servicio p\u00fablico, su <strong>compromiso con la defensa de los derechos sociales<\/strong>, con el aragonesismo y su entrega a las instituciones fueron rasgos que marcaron toda su trayectoria.<\/p>\n<p class=\"ft-text\">Palac\u00edn, nacido en Monz\u00f3n pero residente en A\u00ednsa desde hace varios a\u00f1os, lleg\u00f3 a la presidencia de CHA en 2020. En este tiempo siempre mantuvo una l\u00ednea dialogante, dispuesto a la cooperaci\u00f3n, llamando a la dignificaci\u00f3n de Arag\u00f3n desde los<strong> valores de la izquierda<\/strong>.\u00a0Tambi\u00e9n desempe\u00f1\u00f3 su labor en el <a class=\"ft-link ft-link--decoration\" href=\"https:\/\/www.elperiodicodearagon.com\/tags\/gobierno-de-aragon\/\" rel=\"nofollow noopener\" target=\"_blank\">Gobierno de Arag\u00f3n<\/a> entre los a\u00f1os 2015 y 2019 cuando desempe\u00f1\u00f3 funciones de director general de Ordenaci\u00f3n del Territorio, dependiente de la consejer\u00eda de Vertebraci\u00f3n del Territorio.<\/p>\n<p class=\"ft-text\">Tras su muerte se han sucedido las muestras de dolor desde todas las orientaciones pol\u00edticas destacando su capacidad para tejer acuerdos\u00a0<strong>sin olvidar sus ra\u00edces aragonesistas<\/strong>. \u00abTen\u00edamos, mantenemos y aspiramos a conseguir un objetivo: construir el Arag\u00f3n que so\u00f1amos, el que nos merecemos, el mejor Arag\u00f3n posible. Una sociedad de hombres y mujeres libres e iguales\u00bb, aseguraba.<\/p>\n","protected":false},"excerpt":{"rendered":"La iglesia de A\u00ednsa ha acogido este s\u00e1bado el funeral por el presidente de CHA, Joaqu\u00edn Palac\u00edn, fallecido&hellip;\n","protected":false},"author":2,"featured_media":434844,"comment_status":"","ping_status":"","sticky":false,"template":"","format":"standard","meta":{"footnotes":""},"categories":[8],"tags":[4499,29873,17,18,1066,72950,17018,25,24,13,14,11,12034,37073,19,20,9,10,15,16,6758,24727,23,12,21,22],"class_list":["post-434843","post","type-post","status-publish","format-standard","has-post-thumbnail","category-espana","tag-aragon","tag-aragonesas","tag-breaking-news","tag-breakingnews","tag-cancer","tag-cha","tag-despiden","tag-es","tag-espana","tag-featured-news","tag-featurednews","tag-headlines","tag-iglesia","tag-instituciones","tag-latest-news","tag-latestnews","tag-news","tag-noticias","tag-noticias-destacadas","tag-noticiasdestacadas","tag-partidos","tag-representantes","tag-spain","tag-titulares","tag-ultimas-noticias","tag-ultimasnoticias"],"share_on_mastodon":{"url":"https:\/\/pubeurope.com\/@es\/116190141943026200","error":""},"_links":{"self":[{"href":"https:\/\/www.europesays.com\/es\/wp-json\/wp\/v2\/posts\/434843","targetHints":{"allow":["GET"]}}],"collection":[{"href":"https:\/\/www.europesays.com\/es\/wp-json\/wp\/v2\/posts"}],"about":[{"href":"https:\/\/www.europesays.com\/es\/wp-json\/wp\/v2\/types\/post"}],"author":[{"embeddable":true,"href":"https:\/\/www.europesays.com\/es\/wp-json\/wp\/v2\/users\/2"}],"replies":[{"embeddable":true,"href":"https:\/\/www.europesays.com\/es\/wp-json\/wp\/v2\/comments?post=434843"}],"version-history":[{"count":0,"href":"https:\/\/www.europesays.com\/es\/wp-json\/wp\/v2\/posts\/434843\/revisions"}],"wp:featuredmedia":[{"embeddable":true,"href":"https:\/\/www.europesays.com\/es\/wp-json\/wp\/v2\/media\/434844"}],"wp:attachment":[{"href":"https:\/\/www.europesays.com\/es\/wp-json\/wp\/v2\/media?parent=434843"}],"wp:term":[{"taxonomy":"category","embeddable":true,"href":"https:\/\/www.europesays.com\/es\/wp-json\/wp\/v2\/categories?post=434843"},{"taxonomy":"post_tag","embeddable":true,"href":"https:\/\/www.europesays.com\/es\/wp-json\/wp\/v2\/tags?post=434843"}],"curies":[{"name":"wp","href":"https:\/\/api.w.org\/{rel}","templated":true}]}}