{"id":43507,"date":"2025-08-12T22:41:12","date_gmt":"2025-08-12T22:41:12","guid":{"rendered":"https:\/\/www.europesays.com\/es\/43507\/"},"modified":"2025-08-12T22:41:12","modified_gmt":"2025-08-12T22:41:12","slug":"con-un-combate-de-la-ufc-en-la-casa-blanca-se-celebrara-el-dia-de-la-independencia-de-ee-uu-en-2026","status":"publish","type":"post","link":"https:\/\/www.europesays.com\/es\/43507\/","title":{"rendered":"Con un combate de la UFC en la Casa Blanca se celebrar\u00e1 el D\u00eda de la Independencia de EE.UU. en 2026"},"content":{"rendered":"<p>Miami (EE.UU.) (EFE).- El director ejecutivo de la UFC, Dana White, anunci\u00f3 este martes que la Casa Blanca acoger\u00e1 el pr\u00f3ximo 4 de julio un evento de artes marciales mixtas con motivo del 250 aniversario de la Independencia de Estados Unidos, tras haber conversado con el presidente, Donald Trump.<\/p>\n<p>El propio Trump hab\u00eda adelantado el pasado julio las intenciones de celebrar una velada en la residencia presidencial con motivo del pr\u00f3ximo d\u00eda de la Independencia, aunque la UFC no se hab\u00eda pronunciado.<\/p>\n<p>\u00abDefinitivamente va a suceder\u00bb, dijo White a la cadena CBS cuando fue preguntado al respecto.<\/p>\n<p>White asegur\u00f3 que convers\u00f3 el lunes con Trump y que planeaba reunirse con el mandatario y con su hija Ivanka a finales de agosto para ultimar los detalles del evento.<\/p>\n<p><img loading=\"lazy\" data-recalc-dims=\"1\" decoding=\"async\" width=\"900\" height=\"599\" src=\"https:\/\/www.europesays.com\/es\/wp-content\/uploads\/2025\/08\/UFC-Casa-Blanca2.webp\" alt=\"La Casa Blanca acoger\u00e1 un combate de la UFC para celebrar el D\u00eda de la Independencia de EE.UU. en 2026\" class=\"wp-image-2072903\" style=\"width:980px;height:auto\"  \/>Fotograf\u00eda de archivo del director ejecutivo de la UFC, Dana White. EFE\/Sarah Yenesel<\/p>\n<p>\u00abCuando me llam\u00f3 y me pidi\u00f3 que lo hiciera, dijo: \u2018Quiero a Ivanka en medio de esto&#8217;\u00bb, indic\u00f3 White. \u00abAs\u00ed que Ivanka me contact\u00f3 y empezamos a hablar sobre las posibilidades, d\u00f3nde estar\u00eda y, bueno, prepar\u00e9 todas las representaciones\u00bb.<\/p>\n<p>Hay cercan\u00eda entre la UFC y la actual Casa Blanca<\/p>\n<p>Trump <a href=\"https:\/\/efe.com\/ciencia-y-tecnologia\/2025-01-08\/meta-dana-white-aliado-trump-consejo-directivo\/\" rel=\"nofollow noopener\" target=\"_blank\">mantiene una estrecha relaci\u00f3n con White<\/a>, quien ha aparecido en varios eventos junto con \u00e9l. Adem\u00e1s, el mandatario republicano acudi\u00f3 como espectador a la velada de la UFC en Nueva Jersey en junio pasado.<\/p>\n<p>Este anuncio se produce un d\u00eda despu\u00e9s de que Paramount se hiciera con los derechos en exclusiva para <a href=\"https:\/\/efe.com\/deportes\/2025-08-11\/ufc-paramount-derechos-transmision-eeuu\/\" rel=\"nofollow noopener\" target=\"_blank\">retransmitir la UFC en Estados Unidos<\/a> a partir de 2026 por 7.700 millones de d\u00f3lares.<\/p>\n<p>El acuerdo, que se extiende por siete a\u00f1os, significar\u00e1 adem\u00e1s el fin del pago por evento que imperaba hasta ahora en la UFC.<\/p>\n","protected":false},"excerpt":{"rendered":"Miami (EE.UU.) (EFE).- El director ejecutivo de la UFC, Dana White, anunci\u00f3 este martes que la Casa Blanca&hellip;\n","protected":false},"author":2,"featured_media":43508,"comment_status":"","ping_status":"","sticky":false,"template":"","format":"standard","meta":{"footnotes":""},"categories":[276],"tags":[168,115,25,24,3833,23,167,343],"class_list":{"0":"post-43507","1":"post","2":"type-post","3":"status-publish","4":"format-standard","5":"has-post-thumbnail","7":"category-ufc","8":"tag-deportes","9":"tag-eeuu","10":"tag-es","11":"tag-espana","12":"tag-independencia","13":"tag-spain","14":"tag-sports","15":"tag-ufc"},"share_on_mastodon":{"url":"","error":""},"_links":{"self":[{"href":"https:\/\/www.europesays.com\/es\/wp-json\/wp\/v2\/posts\/43507","targetHints":{"allow":["GET"]}}],"collection":[{"href":"https:\/\/www.europesays.com\/es\/wp-json\/wp\/v2\/posts"}],"about":[{"href":"https:\/\/www.europesays.com\/es\/wp-json\/wp\/v2\/types\/post"}],"author":[{"embeddable":true,"href":"https:\/\/www.europesays.com\/es\/wp-json\/wp\/v2\/users\/2"}],"replies":[{"embeddable":true,"href":"https:\/\/www.europesays.com\/es\/wp-json\/wp\/v2\/comments?post=43507"}],"version-history":[{"count":0,"href":"https:\/\/www.europesays.com\/es\/wp-json\/wp\/v2\/posts\/43507\/revisions"}],"wp:featuredmedia":[{"embeddable":true,"href":"https:\/\/www.europesays.com\/es\/wp-json\/wp\/v2\/media\/43508"}],"wp:attachment":[{"href":"https:\/\/www.europesays.com\/es\/wp-json\/wp\/v2\/media?parent=43507"}],"wp:term":[{"taxonomy":"category","embeddable":true,"href":"https:\/\/www.europesays.com\/es\/wp-json\/wp\/v2\/categories?post=43507"},{"taxonomy":"post_tag","embeddable":true,"href":"https:\/\/www.europesays.com\/es\/wp-json\/wp\/v2\/tags?post=43507"}],"curies":[{"name":"wp","href":"https:\/\/api.w.org\/{rel}","templated":true}]}}