{"id":4362,"date":"2025-07-26T09:35:08","date_gmt":"2025-07-26T09:35:08","guid":{"rendered":"https:\/\/www.europesays.com\/es\/4362\/"},"modified":"2025-07-26T09:35:08","modified_gmt":"2025-07-26T09:35:08","slug":"la-barba-regresa-al-frigorificos","status":"publish","type":"post","link":"https:\/\/www.europesays.com\/es\/4362\/","title":{"rendered":"La Barba regresa al Frigor\u00edficos"},"content":{"rendered":"<p class=\"ft-text\">A finales de <a href=\"https:\/\/www.farodevigo.es\/deportes\/morrazo\/2024\/04\/25\/barba-cangas-dice-adios-101517521.html\" class=\"ft-link ft-link--decoration\" rel=\"nofollow noopener\" target=\"_blank\">abril de 2024 Juan del Arco anunciaba en O Gata\u00f1al entre lagrimas su retirada como jugador <\/a>de balonmano debido a una lesi\u00f3n en su rodilla izquierda. Ahora el exjugador regresa al Balonm\u00e1n Cangas-Frigor\u00edficos del Morrazo como <strong>integrante del cuerpo t\u00e9cnico de Quique Dom\u00ednguez<\/strong>. Un anuncio que el club desvel\u00f3 ayer a mediod\u00eda a trav\u00e9s de un v\u00eddeo en sus redes sociales, con la participaci\u00f3n del propio Del Arco y su ic\u00f3nica barba. <strong>La Barba del Cangas est\u00e1 de vuelta<\/strong>.<\/p>\n<p class=\"ft-text\">El exjugador madrile\u00f1o est\u00e1 <strong>afincado en Vigo por lazos familiares<\/strong>, algo que ayuda a que regrese a O Gata\u00f1al. Aunque sea en un papel distinto. <strong>\u00ab Estoy contento de volver, es algo que me gusta y que me apasiona. Pero a la vez tambi\u00e9n tengo algo de incertidumbre y nervios por el nuevo rol\u00bb<\/strong>, confiesa Juan del Arco. \u00abEs algo que nunca he hecho, que me coge completamente de nuevas. Es una experiencia completamente nueva que afronto\u00bb, a\u00f1ade. Desde el Frigor\u00edficos del Morrazo est\u00e1n convencidos de que esta nueva etapa ser\u00e1 m\u00e1s que beneficiosa. <strong>\u00abApostamos por la excelencia y Juan encaja a la perfecci\u00f3n en esa apuesta\u00bb<\/strong>, subrayan desde la directiva.<\/p>\n<p class=\"ft-text\">La incorporaci\u00f3n de Juan del Arco al<a href=\"https:\/\/www.farodevigo.es\/deportes\/2025\/06\/13\/quique-dominguez-aficion-le-pido-118564185.html\" class=\"ft-link ft-link--decoration\" rel=\"nofollow noopener\" target=\"_blank\"> cuerpo t\u00e9cnico de Quique Dom\u00ednguez y junto a Felipe Verde<\/a> es un <strong>paso m\u00e1s en la profesionalizaci\u00f3n del club y el crecimiento deportivo<\/strong>. Su presencia puede suponer una importante ayuda para que la plantilla pueda seguir creciendo, tanto a nivel individual como colectivo. De esta manera Del Arco y Quique Dom\u00ednguez<strong> vuelven a cruzar sus caminos despu\u00e9s de coincidir en el Helvetia Anaitasuna<\/strong>. \u00abJuan tiene un gran conocimiento del juego, forjado en diversas ligas y pa\u00edses, participando en torneos de alto nivel, incluyendo un <strong>subcampeonato de Europa con Los Hispanos<\/strong>\u00bb, destaca el entrenador del Frigor\u00edficos.<\/p>\n<p class=\"ft-text\">En sus \u00faltimos temporadas en activo, tanto en Anaitasuna como en Cangas, ya <strong>ejerc\u00eda un papel de l\u00edder e influencia entre sus compa\u00f1eros<\/strong>, especialmente en la primera l\u00ednea y en el centro de la defensa. \u201cEs una incorporaci\u00f3n que nos har\u00e1 mejores, que enriquece al grupo y que ayudar\u00e1 al desarrollo de los jugadores\u201d, concluye Quique Dom\u00ednguez.<\/p>\n<p>\u00abNo s\u00e9 c\u00f3mo va a salir, pero voy a poner todo de mi parte para aprender\u00bb<\/p>\n<p class=\"ft-text\">\u00abNo s\u00e9 c\u00f3mo va a salir, pero voy a poner todo de mi parte para aprender; <strong>me queda much\u00edsimo por aprender de Quique [Dom\u00ednguez] y Felipe [Verde]<\/strong>\u00bb, manifestaba ayer Juan del Arco. Uno de sus objetivos es <strong>\u00abaportar toda la parte buena que tuve como jugador, intentar trasladarla a la plantilla y ayudar en todo lo que se pueda\u00bb<\/strong>. Y sobre todo \u00aba disfrutar de una nueva etapa y a seguir peleando\u00bb.<\/p>\n<p class=\"ft-text\">La directiva del Balonm\u00e1n Cangas-Frigor\u00edficos del Morrazo destaca la trayectoria internacional de Juan del Arco, su visi\u00f3n del juego y su profundo conocimiento de las din\u00e1micas de un equipo de \u00e9lite. \u201cEs una pieza clave para fortalecer la conexi\u00f3n entre el cuerpo t\u00e9cnico y la plantilla\u201d, explican. \u201c<strong>Juan es un profesional ejemplar, un trabajador incansable y un gran conocedor del estilo de juego de Quique Dom\u00ednguez<\/strong>. Es el complemento perfecto para nuestro equipo t\u00e9cnico y contribuir\u00e1 a acelerar el proceso de adaptaci\u00f3n del vestuario a la nueva filosof\u00eda\u201d, concluye el director deportivo del Frigor\u00edficos del Morrazo, \u00d3scar Fern\u00e1ndez.<\/p>\n<p class=\"ft-text\">Como jugador <a href=\"https:\/\/www.farodevigo.es\/deportes\/morrazo\/2022\/07\/27\/cangas-presenta-juan-arco-fichaje-71889300.html\" class=\"ft-link ft-link--decoration\" rel=\"nofollow noopener\" target=\"_blank\">Juan del Arco defendi\u00f3 la camiseta del Cangas una temporada y media<\/a>. Al final de la <a href=\"https:\/\/www.farodevigo.es\/deportes\/morrazo\/2024\/03\/16\/larga-travesia-juan-arco-99541464.html\" class=\"ft-link ft-link--decoration\" rel=\"nofollow noopener\" target=\"_blank\">primera vuelta de la campa\u00f1a 2023\/24 se tuvo que operar y ya no volvi\u00f3 a jugar<\/a>. A pesar de ese periodo tan corto su huella fue profunda. \u201cHay jugadores que est\u00e1n aqu\u00ed muchos a\u00f1os y dejan una peque\u00f1a marca. Hay gente que no est\u00e1 tanto tiempo, pero que deja una marca gigante.<strong> Es el caso de Juan del Arco, que es un ejemplo de todo<\/strong>\u201d, dec\u00edan en su despedida el presidente del Cangas, Alberto Gonz\u00e1lez, y el propio \u00d3scar Fern\u00e1ndez en aquella emotiva despedida.<\/p>\n","protected":false},"excerpt":{"rendered":"A finales de abril de 2024 Juan del Arco anunciaba en O Gata\u00f1al entre lagrimas su retirada como&hellip;\n","protected":false},"author":2,"featured_media":4363,"comment_status":"","ping_status":"","sticky":false,"template":"","format":"standard","meta":{"footnotes":""},"categories":[278],"tags":[2901,2906,4062,376,4058,2903,873,168,4061,25,24,4063,375,409,4064,4060,2596,23,167,4059],"class_list":{"0":"post-4362","1":"post","2":"type-post","3":"status-publish","4":"format-standard","5":"has-post-thumbnail","7":"category-balonmano","8":"tag-arco","9":"tag-asobal","10":"tag-balonman","11":"tag-balonmano","12":"tag-barba","13":"tag-cangas","14":"tag-cuerpo","15":"tag-deportes","16":"tag-dominguez","17":"tag-es","18":"tag-espana","19":"tag-frigorificos","20":"tag-handball","21":"tag-juan","22":"tag-morrazo","23":"tag-quique","24":"tag-regreso","25":"tag-spain","26":"tag-sports","27":"tag-tecnico"},"share_on_mastodon":{"url":"","error":""},"_links":{"self":[{"href":"https:\/\/www.europesays.com\/es\/wp-json\/wp\/v2\/posts\/4362","targetHints":{"allow":["GET"]}}],"collection":[{"href":"https:\/\/www.europesays.com\/es\/wp-json\/wp\/v2\/posts"}],"about":[{"href":"https:\/\/www.europesays.com\/es\/wp-json\/wp\/v2\/types\/post"}],"author":[{"embeddable":true,"href":"https:\/\/www.europesays.com\/es\/wp-json\/wp\/v2\/users\/2"}],"replies":[{"embeddable":true,"href":"https:\/\/www.europesays.com\/es\/wp-json\/wp\/v2\/comments?post=4362"}],"version-history":[{"count":0,"href":"https:\/\/www.europesays.com\/es\/wp-json\/wp\/v2\/posts\/4362\/revisions"}],"wp:featuredmedia":[{"embeddable":true,"href":"https:\/\/www.europesays.com\/es\/wp-json\/wp\/v2\/media\/4363"}],"wp:attachment":[{"href":"https:\/\/www.europesays.com\/es\/wp-json\/wp\/v2\/media?parent=4362"}],"wp:term":[{"taxonomy":"category","embeddable":true,"href":"https:\/\/www.europesays.com\/es\/wp-json\/wp\/v2\/categories?post=4362"},{"taxonomy":"post_tag","embeddable":true,"href":"https:\/\/www.europesays.com\/es\/wp-json\/wp\/v2\/tags?post=4362"}],"curies":[{"name":"wp","href":"https:\/\/api.w.org\/{rel}","templated":true}]}}