{"id":436522,"date":"2026-03-08T19:15:11","date_gmt":"2026-03-08T19:15:11","guid":{"rendered":"https:\/\/www.europesays.com\/es\/436522\/"},"modified":"2026-03-08T19:15:11","modified_gmt":"2026-03-08T19:15:11","slug":"tienen-que-primar-los-actores","status":"publish","type":"post","link":"https:\/\/www.europesays.com\/es\/436522\/","title":{"rendered":"\u00abTienen que primar los actores\u00bb"},"content":{"rendered":"<p style=\"\">Los <a href=\"https:\/\/www.abc.es\/gente\/mejores-looks-alfombra-roja-goya-2026-20260301094736-vi.html\" target=\"_self\" data-voc-vtm-id=\"in-text-traffic\" title=\"Premios Goya\" data-mrf-link=\"www.abc.es\" rel=\"nofollow noopener\">Premios Goya<\/a> vivieron una gala de lo m\u00e1s pol\u00e9mica no tanto por el resultado de los galardones, que esto es cuesti\u00f3n de gustos adem\u00e1s de m\u00e9ritos, sino por unos proleg\u00f3menos marcado por la elecci\u00f3n de los asistentes. La actriz Yolanda Ramos, entre otros  &#8230; muchos, se quej\u00f3 de su ausencia en favor de influencers y ahora ha sido su compa\u00f1era Norma Ruiz quien se ha sumado a las cr\u00edticas y ha recordado: \u00abYo no voy al Bal\u00f3n de Oro\u00bb, en relaci\u00f3n a la gala que reconoce el mejor futbolista de la temporada.<\/p>\n<p class=\"v-d-p\" style=\"\">Yolanda Ramos abri\u00f3 la caja de los truenos con un v\u00eddeo en el que no pudo ser m\u00e1s clara y record\u00f3 c\u00f3mo mientras creadoras de contenido ajenas al mundo del cine -como Dulceida, Laura Escanes, Marina Rivers, Blanca Arimany, Rosanna Zanetti, Roc\u00edo Camacho o Jessica Goicoechea- acud\u00edan a la gala, ella misma insist\u00eda en que solo hab\u00eda sido invitada en dos ocasiones. Un comentario que de inmediato abri\u00f3 un encendido debate en las redes, comentarios groseros incluidos.<\/p>\n<p class=\"v-d-p\" style=\"\">La ceremonia concluy\u00f3, pero el debate no. Al menos, en lo que se refiere a lo que algunos denominan como actores vs influencers, algo que vende. Por una parte, est\u00e1n los que entienden que puede ser una buena estrategia incluir a las creadoras de contenido en una gala como esta porque tienen muchos seguidores y ayuda a conseguir una mayor difusi\u00f3n. Cuesti\u00f3n de marketing, se dir\u00eda. Sin embargo, muchos actores se han quejado al entender que a los organizadores se les ha ido la mano.<\/p>\n<p>\nDe Yolanda Ramos a Norma Ruiz\n<\/p>\n<p class=\"v-d-p\" style=\"\">\u00abNada contra las influencers&#8230; pero yo estaba en pijama en mi casa. Excepto cuando fui nominada, y al a\u00f1o siguiente. Ni antes ni despu\u00e9s me han invitado. Hasta me he convencido de que es m\u00e1s cool que no me inviten\u00bb, dec\u00eda Yolanda Ramos. Luego, quiso matizar sus palabras, aunque quiso dar las gracias a todas las personas que ponen sobre la mesa este tema en redes sociales.<\/p>\n<p class=\"v-d-p\" style=\"\">Ra\u00fal Tej\u00f3n, conocido por su papel en la serie de Netflix llamada &#8216;Machos alfa&#8217; respondi\u00f3 con un simple \u00abno\u00bb cuando le preguntaron si los influencers deber\u00edan acudir a este tipo de eventos. Y ahora ha sido la conocida actriz Norma Ruiz, quien tambi\u00e9n ha levantado la voz de una forma de lo m\u00e1s gr\u00e1fica al recordar que ella no fue invitada a los Premios Goya a pesar de actuar en cuatro pel\u00edculas.<\/p>\n<p>\nTambi\u00e9n Carmen Maura\n<\/p>\n<p class=\"v-d-p\" style=\"\">\u00abYo pienso que es la fiesta del cine espa\u00f1ol y lo que tiene que primar son los actores y las actrices. Porque yo, con todos mis respetos a todo el mundo, no voy a un Bal\u00f3n de Oro ni doy un Bal\u00f3n de Oro a nadie\u00bb, ha dicho la actriz a los medios en la alfombra roja del Festival de Cine de M\u00e1laga.<\/p>\n<p class=\"v-a-t\">\n\u00abYo pienso que es la fiesta del cine espa\u00f1ol y lo que tiene que primar son los actores y las actrices. Porque yo, con todos mis respetos a todo el mundo, no voy a un Bal\u00f3n de Oro ni doy un Bal\u00f3n de Oro a nadie\u00bb\n<\/p>\n<p class=\"v-d-p\" style=\"\">Por su parte, la veterana y emblem\u00e1tica actriz Carmen Maura ha hablado tambi\u00e9n desde la misma a prop\u00f3sito de la pol\u00e9mica y ha sido tan contundente como suele. \u00abNo soy de los organizadores de los Goya. Entonces, lo de las influencers me parece muy bien, pero&#8230; no hacen cine\u00bb. Mientras, Lola Lolita ha defendido la presencia de las influencers en la gala porque, seg\u00fan su opini\u00f3n, \u00abayudan a dar m\u00e1s visibilidad\u00bb a cualquier evento y \u00abeso es algo esencial\u00bb.<\/p>\n","protected":false},"excerpt":{"rendered":"Los Premios Goya vivieron una gala de lo m\u00e1s pol\u00e9mica no tanto por el resultado de los galardones,&hellip;\n","protected":false},"author":2,"featured_media":436523,"comment_status":"","ping_status":"","sticky":false,"template":"","format":"standard","meta":{"footnotes":""},"categories":[174],"tags":[1014,255,146,147,25,24,256,3980,22191,1526,532,92121,5106,23,4991],"class_list":["post-436522","post","type-post","status-publish","format-standard","has-post-thumbnail","category-famosos","tag-actores","tag-celebrities","tag-entertainment","tag-entretenimiento","tag-es","tag-espana","tag-famosos","tag-goya","tag-norma","tag-polemica","tag-premios","tag-primar","tag-ruiz","tag-spain","tag-suma"],"share_on_mastodon":{"url":"https:\/\/pubeurope.com\/@es\/116195159189724800","error":""},"_links":{"self":[{"href":"https:\/\/www.europesays.com\/es\/wp-json\/wp\/v2\/posts\/436522","targetHints":{"allow":["GET"]}}],"collection":[{"href":"https:\/\/www.europesays.com\/es\/wp-json\/wp\/v2\/posts"}],"about":[{"href":"https:\/\/www.europesays.com\/es\/wp-json\/wp\/v2\/types\/post"}],"author":[{"embeddable":true,"href":"https:\/\/www.europesays.com\/es\/wp-json\/wp\/v2\/users\/2"}],"replies":[{"embeddable":true,"href":"https:\/\/www.europesays.com\/es\/wp-json\/wp\/v2\/comments?post=436522"}],"version-history":[{"count":0,"href":"https:\/\/www.europesays.com\/es\/wp-json\/wp\/v2\/posts\/436522\/revisions"}],"wp:featuredmedia":[{"embeddable":true,"href":"https:\/\/www.europesays.com\/es\/wp-json\/wp\/v2\/media\/436523"}],"wp:attachment":[{"href":"https:\/\/www.europesays.com\/es\/wp-json\/wp\/v2\/media?parent=436522"}],"wp:term":[{"taxonomy":"category","embeddable":true,"href":"https:\/\/www.europesays.com\/es\/wp-json\/wp\/v2\/categories?post=436522"},{"taxonomy":"post_tag","embeddable":true,"href":"https:\/\/www.europesays.com\/es\/wp-json\/wp\/v2\/tags?post=436522"}],"curies":[{"name":"wp","href":"https:\/\/api.w.org\/{rel}","templated":true}]}}