{"id":436618,"date":"2026-03-08T20:24:12","date_gmt":"2026-03-08T20:24:12","guid":{"rendered":"https:\/\/www.europesays.com\/es\/436618\/"},"modified":"2026-03-08T20:24:12","modified_gmt":"2026-03-08T20:24:12","slug":"creo-que-tengo-un-artista-en-casa","status":"publish","type":"post","link":"https:\/\/www.europesays.com\/es\/436618\/","title":{"rendered":"Creo que tengo un artista en casa"},"content":{"rendered":"<p id=\"eyjObQXZkO\" data-wc=\"105\"><strong>Eva Gonz\u00e1lez\u00a0<\/strong>ha festejado, por segunda vez esta semana, el octavo cumplea\u00f1os de su <strong>hijo Cayetano<\/strong> (fue el pasado mi\u00e9rcoles cuando <a class=\"hm-link ho-link\" href=\"https:\/\/www.hola.com\/actualidad\/20260305887626\/eva-gonzalez-cayetano-rivera-cumple-hijo\/\" data-mrf-recirculation=\"article-body-link\" rel=\"nofollow noopener\" target=\"_blank\">ya le felicit\u00f3<\/a> en la fecha se\u00f1alada). Ahora tocaba hacerlo en casa con sus seres queridos, as\u00ed que muy probablemente a la cita no han faltado ni su hermana, Mar\u00eda, ni su madre, Encarna. <strong>\u00abHoy toc\u00f3 celebrarte en familia\u00bb<\/strong>, comenzaba diciendo la conductora de\u00a0La Voz\u00a0en su perfil p\u00fablico, a prop\u00f3sito del encuentro que tuvo lugar el s\u00e1bado. Palabras que acompa\u00f1aba con una foto de ella junto al homenajeado, d\u00e1ndole un cari\u00f1oso beso en la cara mientras eran inmortalizados frente a la c\u00e1mara.<\/p>\n<p> <img src=\"https:\/\/www.europesays.com\/es\/wp-content\/uploads\/2026\/03\/7397bdc1c4df-641814727185650614400529446038885569477279561n.jpg\"   width=\"768\" height=\"1024\" loading=\"lazy\" decoding=\"async\" alt=\"Eva Gonz\u00e1lez, celebrando el 8\u00ba cumplea\u00f1os de su hijo\" fetchpriority=\"auto\" class=\"image ho-image\"\/>\u00a9 evagonzalezoficialEva Gonz\u00e1lez, celebrando el 8\u00ba cumplea\u00f1os de su hijo<\/p>\n<p id=\"ek4S620AEu\" data-wc=\"92\">Seguidamente, la presentadora andaluza dedicaba un mensaje cargado ternura para el cumplea\u00f1ero: <strong>\u00ab<\/strong><strong>Eres la luz de mi vida, la sonrisa m\u00e1s bonita, el ni\u00f1o m\u00e1s divertido y mi peque\u00f1o bichito. Mi mundo es m\u00e1s bonito desde que llegaste a \u00e9l. Te amo, mi amor. Felices 8 a\u00f1os, feliz vida\u00bb.<\/strong> En dicha imagen, adem\u00e1s, vemos la deliciosa tarta que hab\u00edan preparado para la ocasi\u00f3n, con tem\u00e1tica del popular videojuego Sonic y el nombre de Cayetano hecho dulce. Tampoco han faltado los globos, con uno gigante que marcaba la edad que este ha alcanzado.<\/p>\n<p> <img src=\"https:\/\/www.europesays.com\/es\/wp-content\/uploads\/2026\/03\/c54a35dd9b6c-eva1.jpg\"   width=\"1024\" height=\"777\" loading=\"lazy\" decoding=\"async\" alt=\"El cocodrilo que ha dibujado el peque\u00f1o Cayetano\" fetchpriority=\"auto\" class=\"image ho-image\"\/>\u00a9 evagonzalezoficialEl cocodrilo que ha dibujado el peque\u00f1o Cayetano<\/p>\n<p id=\"eNRvyFNqE8t\" data-wc=\"94\">La cosa no ha quedado ah\u00ed, puesto que la modelo sevillana tambi\u00e9n nos descubr\u00eda en sus redes sociales el incre\u00edble talento de su hijo y que no conoc\u00edamos hasta ahora. \u00abHoy tenemos mundo animal\u00bb, se\u00f1alaba sobre los dibujos de una jirafa y un cocodrilo que el ni\u00f1o hab\u00eda hecho. <strong>\u00abCreo que tengo un peque\u00f1o artista en casa\u00bb,<\/strong> apostillaba la comunicadora con enorme orgullo. No le falta raz\u00f3n, puesto que el trazo y el realismo de esas siluetas parecen hechas por un adulto, as\u00ed que tal vez estamos ante un futuro pintor de primer nivel.<\/p>\n<p> <img src=\"https:\/\/www.europesays.com\/es\/wp-content\/uploads\/2026\/03\/5b3d894ad3cc-eva2.jpg\"   width=\"810\" height=\"1024\" loading=\"lazy\" decoding=\"async\" alt=\"La jirafa, obra del ni\u00f1o\" fetchpriority=\"auto\" class=\"image ho-image\"\/>\u00a9 evagonzalezoficialLa jirafa, obra del ni\u00f1o de 8 a\u00f1os<\/p>\n<p id=\"eZb431UlCz\" data-wc=\"97\">Posteriormente, despu\u00e9s de la fiesta, tocaba descansar y es ah\u00ed cuando Eva Gonz\u00e1lez (45 a\u00f1os) compart\u00eda otro instante entra\u00f1able con su hijo. <strong>\u00ab\u00bfPuede haber un plan mejor? La paz que me da este momento es inigualable\u00bb,<\/strong> dec\u00eda sobre la escena donde ambos est\u00e1n sentados en el sof\u00e1, previsiblemente viendo la televisi\u00f3n, con \u00e9l apoyado en el hombro de ella. Los \u00faltimos d\u00edas para la presentadora est\u00e1n siendo especialmente emotivos, ya que a este cumplea\u00f1os se suma la Medalla de Andaluc\u00eda que <a class=\"hm-link ho-link\" href=\"https:\/\/www.hola.com\/actualidad\/20260228886672\/eva-gonzalez-arropada-familia-recoge-medalla-andalucia\/\" data-mrf-recirculation=\"article-body-link\" rel=\"nofollow noopener\" target=\"_blank\">recogi\u00f3 entre l\u00e1grimas<\/a> hace una semana en el Teatro de la Maestranza de la capital hispalense.<\/p>\n<p> <img src=\"https:\/\/www.europesays.com\/es\/wp-content\/uploads\/2026\/03\/70c6cf397a1b-gon.jpg\"   width=\"1024\" height=\"814\" loading=\"lazy\" decoding=\"async\" alt=\"La presentadora, con su ni\u00f1o en el sof\u00e1\" fetchpriority=\"auto\" class=\"image ho-image\"\/>\u00a9 evagonzalezoficialLa presentadora, con su ni\u00f1o en el sof\u00e1<\/p>\n<p id=\"egBqM43yBP\" data-wc=\"109\">En el plano sentimental, la que es uno de los rostros principales de Atresmedia tambi\u00e9n atraviesa por un momento de felicidad plena, por su romance con el empresario hostelero Nacho Llanos. Recientemente, la pareja fue captada en el aeropuerto de Sevilla tras su escapada a Tenerife, un viaje a la isla del que <a class=\"hm-link ho-link\" href=\"https:\/\/www.hola.com\/actualidad\/20260225885786\/eva-gonzalez-nacho-llanos-imagenes-exclusivas-romantica-escapada-enamorados\/\" data-mrf-recirculation=\"article-body-link\" rel=\"nofollow noopener\" target=\"_blank\">\u00a1HOLA! les mostr\u00f3 las im\u00e1genes en exclusiva<\/a>. Aunque siempre tratan de mantener la discreci\u00f3n, no cabe duda de que lo suyo va viento en popa a toda vela. De hecho, est\u00e1n a punto de cumplir un a\u00f1o de noviazgo y, aunque nunca se sabe c\u00f3mo pueden evolucionar las relaciones, lo suyo parece cada d\u00eda m\u00e1s afianzado.<\/p>\n","protected":false},"excerpt":{"rendered":"Eva Gonz\u00e1lez\u00a0ha festejado, por segunda vez esta semana, el octavo cumplea\u00f1os de su hijo Cayetano (fue el pasado&hellip;\n","protected":false},"author":2,"featured_media":436619,"comment_status":"","ping_status":"","sticky":false,"template":"","format":"standard","meta":{"footnotes":""},"categories":[174],"tags":[517,255,146,147,25,24,2764,256,23],"class_list":["post-436618","post","type-post","status-publish","format-standard","has-post-thumbnail","category-famosos","tag-actualidad","tag-celebrities","tag-entertainment","tag-entretenimiento","tag-es","tag-espana","tag-eva-gonzalez","tag-famosos","tag-spain"],"share_on_mastodon":{"url":"https:\/\/pubeurope.com\/@es\/116195430908707392","error":""},"_links":{"self":[{"href":"https:\/\/www.europesays.com\/es\/wp-json\/wp\/v2\/posts\/436618","targetHints":{"allow":["GET"]}}],"collection":[{"href":"https:\/\/www.europesays.com\/es\/wp-json\/wp\/v2\/posts"}],"about":[{"href":"https:\/\/www.europesays.com\/es\/wp-json\/wp\/v2\/types\/post"}],"author":[{"embeddable":true,"href":"https:\/\/www.europesays.com\/es\/wp-json\/wp\/v2\/users\/2"}],"replies":[{"embeddable":true,"href":"https:\/\/www.europesays.com\/es\/wp-json\/wp\/v2\/comments?post=436618"}],"version-history":[{"count":0,"href":"https:\/\/www.europesays.com\/es\/wp-json\/wp\/v2\/posts\/436618\/revisions"}],"wp:featuredmedia":[{"embeddable":true,"href":"https:\/\/www.europesays.com\/es\/wp-json\/wp\/v2\/media\/436619"}],"wp:attachment":[{"href":"https:\/\/www.europesays.com\/es\/wp-json\/wp\/v2\/media?parent=436618"}],"wp:term":[{"taxonomy":"category","embeddable":true,"href":"https:\/\/www.europesays.com\/es\/wp-json\/wp\/v2\/categories?post=436618"},{"taxonomy":"post_tag","embeddable":true,"href":"https:\/\/www.europesays.com\/es\/wp-json\/wp\/v2\/tags?post=436618"}],"curies":[{"name":"wp","href":"https:\/\/api.w.org\/{rel}","templated":true}]}}