{"id":437911,"date":"2026-03-09T13:06:08","date_gmt":"2026-03-09T13:06:08","guid":{"rendered":"https:\/\/www.europesays.com\/es\/437911\/"},"modified":"2026-03-09T13:06:08","modified_gmt":"2026-03-09T13:06:08","slug":"los-carburantes-agricolas-suben-de-precio-un-30-y-un-42-el-gasoleo-de-los-transportistas-en-la-region","status":"publish","type":"post","link":"https:\/\/www.europesays.com\/es\/437911\/","title":{"rendered":"Los carburantes agr\u00edcolas suben de precio un 30% y un 42% el gas\u00f3leo de los transportistas en la Regi\u00f3n"},"content":{"rendered":"<p data-end=\"959\" data-start=\"448\">Un <strong data-end=\"521\" data-start=\"464\">movimiento especulativo que no responde a la realidad<\/strong>. As\u00ed califica el presidente de <strong data-end=\"580\" data-start=\"553\">COAG, Jos\u00e9 Miguel Mar\u00edn<\/strong>, la escalada de <strong data-end=\"627\" data-start=\"597\">precios de los carburantes<\/strong> en tan pocos d\u00edas, fruto del conflicto en <strong data-end=\"689\" data-start=\"670\">Oriente Pr\u00f3ximo<\/strong>. Y lo dice as\u00ed porque considera que todav\u00eda es pronto para que la guerra afecte a los <strong data-end=\"807\" data-start=\"776\">precios de venta al p\u00fablico<\/strong>, ya que el carburante que se vende hoy fue adquirido hace semanas, con lo cual no se compr\u00f3 al precio marcado por la desestabilizaci\u00f3n internacional.<\/p>\n<p data-end=\"1325\" data-start=\"961\">La soluci\u00f3n pasa, dice Mar\u00edn, por que el <strong data-end=\"1022\" data-start=\"1002\">Gobierno central<\/strong> haga un <strong data-end=\"1095\" data-start=\"1031\">control real de la subida de venta al p\u00fablico en gasolineras<\/strong> y por empezar a dise\u00f1ar un <strong data-end=\"1145\" data-start=\"1123\">paquete de medidas<\/strong> que venga a mitigar el gran impacto que esta situaci\u00f3n est\u00e1 provocando en el campo, con una <strong data-end=\"1287\" data-start=\"1238\">subida en tan solo una semana de hasta un 30%<\/strong> en los carburantes de uso agr\u00edcola.<\/p>\n<p data-end=\"1787\" data-start=\"1327\">Para los <strong data-end=\"1354\" data-start=\"1336\">transportistas<\/strong> la subida ya es del <strong data-end=\"1382\" data-start=\"1375\">42%<\/strong>. Una situaci\u00f3n insostenible que tambi\u00e9n les recuerda a <strong data-end=\"1446\" data-start=\"1438\">2022<\/strong>, cuando se produjo la invasi\u00f3n de <strong data-end=\"1501\" data-start=\"1481\">Rusia en Ucrania<\/strong>. Por eso, piden las mismas medidas que entonces. Asegura el presidente de <strong data-end=\"1604\" data-start=\"1576\">FROET, Manuel P\u00e9rezCarro<\/strong>, que las medidas ya est\u00e1n dise\u00f1adas y que solo falta aplicarlas. Si eso no pasa, es cuesti\u00f3n de d\u00edas que los <strong data-end=\"1732\" data-start=\"1714\">transportistas<\/strong> no puedan asumir los costes de salir a la carretera.<\/p>\n<p data-end=\"2043\" data-start=\"1789\">No est\u00e1n de acuerdo desde la <strong data-end=\"1860\" data-start=\"1818\">patronal de las estaciones de servicio<\/strong>. Aquellas medidas no les gustaron porque las tuvieron que gestionar ellos y han mandado al <strong data-end=\"1966\" data-start=\"1952\">Ministerio<\/strong> una propuesta de <strong data-end=\"2010\" data-start=\"1984\">reducci\u00f3n de impuestos<\/strong> para abaratar los carburantes.<\/p>\n","protected":false},"excerpt":{"rendered":"Un movimiento especulativo que no responde a la realidad. As\u00ed califica el presidente de COAG, Jos\u00e9 Miguel Mar\u00edn,&hellip;\n","protected":false},"author":2,"featured_media":437912,"comment_status":"","ping_status":"","sticky":false,"template":"","format":"standard","meta":{"footnotes":""},"categories":[80],"tags":[82,31242,42114,95,94,25,24,92343,92342,23],"class_list":["post-437911","post","type-post","status-publish","format-standard","has-post-thumbnail","category-economia","tag-business","tag-carburantes","tag-coag","tag-economia","tag-economy","tag-es","tag-espana","tag-froet","tag-guerra-iru00c1n","tag-spain"],"share_on_mastodon":{"url":"https:\/\/pubeurope.com\/@es\/116199370767843193","error":""},"_links":{"self":[{"href":"https:\/\/www.europesays.com\/es\/wp-json\/wp\/v2\/posts\/437911","targetHints":{"allow":["GET"]}}],"collection":[{"href":"https:\/\/www.europesays.com\/es\/wp-json\/wp\/v2\/posts"}],"about":[{"href":"https:\/\/www.europesays.com\/es\/wp-json\/wp\/v2\/types\/post"}],"author":[{"embeddable":true,"href":"https:\/\/www.europesays.com\/es\/wp-json\/wp\/v2\/users\/2"}],"replies":[{"embeddable":true,"href":"https:\/\/www.europesays.com\/es\/wp-json\/wp\/v2\/comments?post=437911"}],"version-history":[{"count":0,"href":"https:\/\/www.europesays.com\/es\/wp-json\/wp\/v2\/posts\/437911\/revisions"}],"wp:featuredmedia":[{"embeddable":true,"href":"https:\/\/www.europesays.com\/es\/wp-json\/wp\/v2\/media\/437912"}],"wp:attachment":[{"href":"https:\/\/www.europesays.com\/es\/wp-json\/wp\/v2\/media?parent=437911"}],"wp:term":[{"taxonomy":"category","embeddable":true,"href":"https:\/\/www.europesays.com\/es\/wp-json\/wp\/v2\/categories?post=437911"},{"taxonomy":"post_tag","embeddable":true,"href":"https:\/\/www.europesays.com\/es\/wp-json\/wp\/v2\/tags?post=437911"}],"curies":[{"name":"wp","href":"https:\/\/api.w.org\/{rel}","templated":true}]}}