{"id":438258,"date":"2026-03-09T17:33:12","date_gmt":"2026-03-09T17:33:12","guid":{"rendered":"https:\/\/www.europesays.com\/es\/438258\/"},"modified":"2026-03-09T17:33:12","modified_gmt":"2026-03-09T17:33:12","slug":"el-museo-nacional-de-arte-de-cataluna-se-amplia-para-acercarse-a-la-ciudad-noticias-de-cataluna","status":"publish","type":"post","link":"https:\/\/www.europesays.com\/es\/438258\/","title":{"rendered":"El Museo Nacional de Arte de Catalu\u00f1a se ampl\u00eda para acercarse a la ciudad | Noticias de Catalu\u00f1a"},"content":{"rendered":"<p class=\"\"><a href=\"https:\/\/elpais.com\/noticias\/mnac-museo-nacional-arte-cataluna\/\" target=\"_self\" rel=\"nofollow noopener\" title=\"https:\/\/elpais.com\/noticias\/mnac-museo-nacional-arte-cataluna\/\">El Museu Nacional de Arte de Catalunya (MNAC)<\/a> se ampliar\u00e1, por fin, para ganar espacio y acercarse al centro de Barcelona, con la fecha de inauguraci\u00f3n prevista el pr\u00f3ximo 2029. El principal repositorio del arte catal\u00e1n gana 15.000 metros cuadrados del Palacio Victoria Eugenia y sit\u00faa su entrada en la plaza Buhigas, justo a la altura de las columnas de Puig i Cadafalch, en la monta\u00f1a de Montju\u00efc. Con un presupuesto de 112,6 millones de euros, el alcalde de Barcelona, Jaume Collboni; el presidente de la Generalitat, Salvador Illa, y el ministro de Cultura, Ernest Urtasun, junto al director del museo, <a href=\"https:\/\/elpais.com\/cultura\/2025-12-15\/pepe-serra-mnac-el-ministerio-de-cultura-tendra-que-dar-permiso-para-mover-las-pinturas-de-sijena.html\" target=\"_self\" rel=\"nofollow noopener\" title=\"https:\/\/elpais.com\/cultura\/2025-12-15\/pepe-serra-mnac-el-ministerio-de-cultura-tendra-que-dar-permiso-para-mover-las-pinturas-de-sijena.html\">Pepe Serra<\/a>, han presentado este lunes con un gran acto, ante 400 personas, el proyecto arquitect\u00f3nico del nuevo museo, que debe inaugurarse coincidiendo con la conmemoraci\u00f3n del centenario de la Exposici\u00f3n Universal de 1929.<\/p>\n<p>M\u00e1s informaci\u00f3n<\/p>\n<p class=\"\">En el Palau Victoria Eugenia, situado unos metros m\u00e1s abajo del Palau Nacional, con un sinf\u00edn de escaleras que dificultan el acceso, todas las instituciones se han unido para celebrar el arranque definitivo de la ampliaci\u00f3n del museo nacional, el mayor repositorio del arte catal\u00e1n, con la presentaci\u00f3n del proyecto arquitect\u00f3nico de HArquitectes y Christ &amp; Gantenbein, ganadores del concurso de ampliaci\u00f3n, que han mostrado p\u00fablicamente por primera vez los detalles de las obras de reforma de esta nave que tambi\u00e9n es obra de Puig i Cadafalch.<\/p>\n<p class=\"\">De aqu\u00ed a tres a\u00f1os, <a href=\"https:\/\/elpais.com\/espana\/catalunya\/2025-12-15\/el-mnac-cerrara-de-forma-parcial-en-2027-para-centrarse-en-la-ampliacion.html\" target=\"_self\" rel=\"nofollow noopener\" title=\"https:\/\/elpais.com\/espana\/catalunya\/2025-12-15\/el-mnac-cerrara-de-forma-parcial-en-2027-para-centrarse-en-la-ampliacion.html\">el MNAC,<\/a> que es el museo m\u00e1s grade de Catalu\u00f1a, ganar\u00e1 muchos metros expositivos para llegar casi a los 20.000, que permitir\u00e1n expoer buena parte de su colecci\u00f3n. De las 300.000 obras aproximadamente que atesora, solo un 20% est\u00e1 expuesto (entre 2.500 y 3.000), mientras que un 68% est\u00e1 en las reservas y entre un 8 y un 10% depositados en otros centros o prestado. Con esta ampliaci\u00f3n, se culminar\u00e1 el proyecto fundacional de su primer director, Joaquim Folch i Torres, en 1934, interrumpido y escindido por la Guerra Civil y el franquismo.<\/p>\n<p><img alt=\"\" decoding=\"auto\" class=\"_re lazyload a_m-v\" height=\"491\"  width=\"414\"  src=\"https:\/\/www.europesays.com\/es\/wp-content\/uploads\/2026\/03\/OH4LSWEQEZC5LHABHK3OLKV3WQ.jpg\" loading=\"lazy\"\/>As\u00ed ser\u00e1 el vest\u00edbulo del nuevo MNAC.<\/p>\n<p class=\"\">Por su parte, Pepe Serra ha resumido los valores en que se basa esta ampliaci\u00f3n, como ofrecer un servicio p\u00fablico para los artistas y los ciudadanos y ser la base de la red de museos p\u00fablicos, pero tambi\u00e9n ha reconocido que todav\u00eda no existe un relato muse\u00edstico para ello, sino que es un trabajo colectivo que est\u00e1 en marcha y se presentar\u00e1, seguramente con un acto de estas caracter\u00edsticas, cuando est\u00e9 bien definido. El director ha enfatizado que \u201cse har\u00e1 posible por primera vez el prop\u00f3sito del museo desde los inicios de sus estatutos\u201d. Joan Oliveras, presidente del MNAC, ha destacado que debe ser \u201cel \u00e1gora del siglo XXI para la agitaci\u00f3n cultural\u201d.<\/p>\n<p class=\"\">En los parlamentos oficiales, Jaume Collboni ha recordado que esta obra va en la l\u00ednea de la transformaci\u00f3n de la <a href=\"https:\/\/elpais.com\/espana\/catalunya\/2025-02-27\/jaume-collboni-senala-montjuic-y-los-barrios-de-su-entorno-como-una-nueva-centralidad-de-barcelona.html\" target=\"_self\" rel=\"nofollow noopener\" title=\"https:\/\/elpais.com\/espana\/catalunya\/2025-02-27\/jaume-collboni-senala-montjuic-y-los-barrios-de-su-entorno-como-una-nueva-centralidad-de-barcelona.html\">monta\u00f1a de Montju\u00efc <\/a>que impulsa el Ayuntamiento de Barcelona, con la vista puesta en la conmemoraci\u00f3n de la Exposici\u00f3n de 1929 de aqu\u00ed a tres a\u00f1os. La entrada del museo en la plaza Buhigas, justo a la altura de las columnas de Puig i Cadafalch, supondr\u00e1 una mejora de los accesos para que el MNAC sea m\u00e1s accesible a la ciudadan\u00eda. <\/p>\n<p class=\"\">Ernest Urtasun ha hecho hincapi\u00e9 en que el principal museo de arte catal\u00e1n ha vivido \u201cdurante muchos a\u00f1os con una limitaci\u00f3n de espacios que ha significado que grandes obras y disciplinas sigan todav\u00eda en los almacenes\u201d. Con esta iniciativa, se duplicar\u00e1 su superficie expositiva, \u201cpero lo m\u00e1s importante es que har\u00e1 posible explicar mejor la historia del arte y algunos de sus expresiones como la fotograf\u00eda, el c\u00f3mic o la ilustraci\u00f3n\u201d, ha a\u00f1adido. \u201cEl MNAC baja a la ciudad y estar\u00e1 m\u00e1s conectado con la vida urbana\u201d, ha sintetizado.<\/p>\n<p><img alt=\"\" decoding=\"auto\" class=\"_re lazyload a_m-h\" height=\"252\"  width=\"414\"  src=\"https:\/\/www.europesays.com\/es\/wp-content\/uploads\/2026\/03\/6TSSTYVTNVHW7KONJM6JH5JAGY.jpg\" loading=\"lazy\"\/>Presentaci\u00f3n p\u00fablica del proyecto arquitect\u00f3nico de ampliaci\u00f3n del MNAC con todas las autoridades.Albert Garcia<\/p>\n<p class=\"\">Para terminar, Salvador Illa ha manifestado que \u201cel nuevo MNAC podr\u00e1 desplegar todo su potencial como gran proyecto de pa\u00eds\u201d, que ha situado al mismo nivel que la culminaci\u00f3n de la Sagrada Familia o la puesta en marcha de la estaci\u00f3n de la Sagrera. No ha dudado en mantener que ser\u00e1 \u201cuno de los grandes museos de Europa y del mundo\u201d, puesto que alberga una de las mayores colecciones de arte rom\u00e1nico, como el \u00e1pside de Sant Climent de Ta\u00fcll o las <a href=\"https:\/\/elpais.com\/espana\/catalunya\/2026-03-02\/el-mnac-licita-el-traslado-de-las-pinturas-profanas-de-sijena.html\" target=\"_self\" rel=\"nofollow noopener\" title=\"https:\/\/elpais.com\/espana\/catalunya\/2026-03-02\/el-mnac-licita-el-traslado-de-las-pinturas-profanas-de-sijena.html\">pinturas de la Sala Capitular de Sijena<\/a>, pendientes de una sentencia de devoluci\u00f3n.<\/p>\n<p class=\"\"><b>Mucha luz y salas di\u00e1fanas<\/b><\/p>\n<p class=\"\">Por primera vez, este lunes se ha podido ver p\u00fablicamente el proyecto de rehabilitaci\u00f3n del Palacio Victoria Eugenia y los largos pasillos que deben conectarlo con el Palacio Nacional. Josep Ricart, en representaci\u00f3n de <a href=\"https:\/\/elpais.com\/espana\/catalunya\/2021-04-14\/una-enorme-galeria-elemento-principal-del-proyecto-ganador-para-ampliar-el-macba.html\" target=\"_self\" rel=\"nofollow noopener\" title=\"https:\/\/elpais.com\/espana\/catalunya\/2021-04-14\/una-enorme-galeria-elemento-principal-del-proyecto-ganador-para-ampliar-el-macba.html\">HArquitectes y Christ &amp; Gantenbein<\/a>, ha subrayado que ser\u00e1n dos edificios para un solo museo, y que todo el trabajo ha sido ser de m\u00ednima intervenci\u00f3n para no tocar demasiado un pabell\u00f3n hist\u00f3rico del arquitecto modernista, que sirvi\u00f3 como lugar expositivo en el 29 y fue de los primeros edificios de hormig\u00f3n de la ciudad. <\/p>\n<p class=\"\">La principal novedad es la fachada principal, que se situar\u00e1 en la plaza Bohigas para que la puerta sea m\u00e1s accesible, de forma que tambi\u00e9n se crear\u00e1 un vistoso tri\u00e1ngulo expositivo con el Pabell\u00f3n Mies van der Rohe a un lado y el CaixaForum enfrente. Un gran z\u00f3calo transparente permitir\u00e1 la continuidad visual entre el espacio p\u00fablico y el museo, que entrar\u00e1n m\u00e1s en contacto que nunca. La nave ya cuenta con claraboyas, que se ampliar\u00e1n para obtener mucha m\u00e1s luz natural. <\/p>\n<p class=\"\">La conexi\u00f3n con el Palacio Nacional se realizar\u00e1 a trav\u00e9s de unos pasadizos enterrados, por donde transitar\u00e1n los visitantes para moverse por las dos sedes, y a la vez servir\u00e1 para la gesti\u00f3n y log\u00edstica interna, como el traslado de obras. El vest\u00edbulo, amplio y di\u00e1fano, \u201cser\u00e1 el primer episodio de un largo recorrido que llegar\u00e1 hasta el Palacio Nacional\u201d, seg\u00fan Josep Ricart. Si todo va como es previsto, el museo estar\u00e1 parcialmente cerrado en 2027, 2028 y 2029, para inaugurarse a finales de este a\u00f1o, muy significativo para la ciudad. <\/p>\n<p><img alt=\"\" decoding=\"auto\" class=\"_re lazyload a_m-h\" height=\"166\"  width=\"414\"  src=\"https:\/\/www.europesays.com\/es\/wp-content\/uploads\/2026\/03\/XUNIKTYTT5H45AMIANEQPPRF34.jpg\" loading=\"lazy\"\/>As\u00ed ser\u00e1 la fachada del MNAC.<\/p>\n","protected":false},"excerpt":{"rendered":"El Museu Nacional de Arte de Catalunya (MNAC) se ampliar\u00e1, por fin, para ganar espacio y acercarse al&hellip;\n","protected":false},"author":2,"featured_media":438259,"comment_status":"","ping_status":"","sticky":false,"template":"","format":"standard","meta":{"footnotes":""},"categories":[173],"tags":[229,92393,233,505,231,230,1980,232,234,146,147,5963,25,24,241,3453,3873,17948,69613,13347,23],"class_list":["post-438258","post","type-post","status-publish","format-standard","has-post-thumbnail","category-arte-y-diseno","tag-arte","tag-arte-medieval","tag-arte-y-diseno","tag-artistas","tag-arts","tag-arts-and-design","tag-cataluna","tag-design","tag-diseno","tag-entertainment","tag-entretenimiento","tag-ernest-urtasun","tag-es","tag-espana","tag-exposiciones","tag-mnac","tag-museos","tag-museos-publicos","tag-pepe-serra","tag-salvador-illa","tag-spain"],"share_on_mastodon":{"url":"https:\/\/pubeurope.com\/@es\/116200420631824279","error":""},"_links":{"self":[{"href":"https:\/\/www.europesays.com\/es\/wp-json\/wp\/v2\/posts\/438258","targetHints":{"allow":["GET"]}}],"collection":[{"href":"https:\/\/www.europesays.com\/es\/wp-json\/wp\/v2\/posts"}],"about":[{"href":"https:\/\/www.europesays.com\/es\/wp-json\/wp\/v2\/types\/post"}],"author":[{"embeddable":true,"href":"https:\/\/www.europesays.com\/es\/wp-json\/wp\/v2\/users\/2"}],"replies":[{"embeddable":true,"href":"https:\/\/www.europesays.com\/es\/wp-json\/wp\/v2\/comments?post=438258"}],"version-history":[{"count":0,"href":"https:\/\/www.europesays.com\/es\/wp-json\/wp\/v2\/posts\/438258\/revisions"}],"wp:featuredmedia":[{"embeddable":true,"href":"https:\/\/www.europesays.com\/es\/wp-json\/wp\/v2\/media\/438259"}],"wp:attachment":[{"href":"https:\/\/www.europesays.com\/es\/wp-json\/wp\/v2\/media?parent=438258"}],"wp:term":[{"taxonomy":"category","embeddable":true,"href":"https:\/\/www.europesays.com\/es\/wp-json\/wp\/v2\/categories?post=438258"},{"taxonomy":"post_tag","embeddable":true,"href":"https:\/\/www.europesays.com\/es\/wp-json\/wp\/v2\/tags?post=438258"}],"curies":[{"name":"wp","href":"https:\/\/api.w.org\/{rel}","templated":true}]}}