{"id":438553,"date":"2026-03-09T21:22:15","date_gmt":"2026-03-09T21:22:15","guid":{"rendered":"https:\/\/www.europesays.com\/es\/438553\/"},"modified":"2026-03-09T21:22:15","modified_gmt":"2026-03-09T21:22:15","slug":"el-polemico-comentario-que-podria-costarle-el-oscar-a-timothee-chalamet-libertad-digital","status":"publish","type":"post","link":"https:\/\/www.europesays.com\/es\/438553\/","title":{"rendered":"El pol\u00e9mico comentario que podr\u00eda costarle el Oscar a Timoth\u00e9e Chalamet &#8211; Libertad Digital"},"content":{"rendered":"<p>El equilibrio de todo nominado a los Oscar es precario y, en tiempos de cancelaci\u00f3n inmediata y f\u00e1cil pol\u00e9mica en redes, unas palabras tomadas a la ligera por <strong>Timoth\u00e9e Chalamet<\/strong> podr\u00edan costarle caro al actor de Marty Supreme. <\/p>\n<p>Este fin de semana <strong>Chalamet<\/strong> ha estado en el centro de la pol\u00e9mica en redes hasta el punto de especularse con la posibilidad de una pr\u00f3xima cancelaci\u00f3n del int\u00e9rprete a manos de las redes sociales, siempre deseosas de carne y sangre. La raz\u00f3n principal son <strong>unos comentarios sobre el ballet y la \u00f3pera<\/strong> que se hicieron virales y han convertido a Chalamet de \u00eddolo a cancelado.<\/p>\n<p>En una charla p\u00fablica sobre el futuro del cine con el tambi\u00e9n actor <strong>Matthew McConaughey<\/strong> -con el que comparti\u00f3 presencia en el film Interstellar de Christopher Nolan- Chalamet coment\u00f3 que no le gustar\u00eda trabajar en disciplinas como el ballet o la \u00f3pera porque son artes que parecen necesitar que la gente \u00ablas mantenga vivas\u00bb aunque, seg\u00fan \u00e9l, <strong>\u00abya no le interesen a nadie\u00bb<\/strong>. Aunque a\u00f1adi\u00f3 despu\u00e9s que ten\u00eda \u00abtodo el respeto\u00bb por quienes trabajan en ellas, la frase se recort\u00f3 mientras la broma elitista de Chalamet hac\u00eda furor en la web.<\/p>\n<p>    Relacionado<\/p>\n<p>Muchos artistas y fans del mundo de la m\u00fasica cl\u00e1sica y la danza lo interpretaron como <strong>un desprecio a esas artes<\/strong>. Cantantes de \u00f3pera y bailarines lo criticaron p\u00fablicamente, e instituciones como el <strong>Metropolitan Opera<\/strong> o el <strong>Royal Ballet and Opera<\/strong> respondieron en redes defendiendo que estas disciplinas siguen muy vivas, ofreciendo al actor abonos para sus espect\u00e1culos. Otros se\u00f1alaron adem\u00e1s que Chalamet <strong>viene de una familia ligada al ballet<\/strong>, as\u00ed que esperaban m\u00e1s respeto.<\/p>\n<p>La frase fue considerada arrogante o despectiva y se viraliz\u00f3 justo en plena temporada de premios, algo que podr\u00eda perjudicar ampliamente al actor de Wonka y Dune, hasta ahora el favorito de las apuestas. No falta quien se ha re\u00eddo del actor por criticar a los cantantes de \u00f3pera tras ser nominado por interpretar a un jugador de ping-pong, como el actor <strong>Colin Jost<\/strong> en el programa c\u00f3mico Saturday Night Live.<\/p>\n<blockquote class=\"twitter-tweet\"><p>&#13;<\/p>\n<p dir=\"ltr\" lang=\"en\">SNL&#8217;s Weekend Update joke about Timoth\u00e9e Chalamet&#8217;s controversial opera\/ballet comment<\/p>\n<p>&#13;<br \/>\nColin Jost: Timoth\u00e9e Chalamet is being criticized by major opera and ballet organizations after he said that no one cares about those art forms. Chalamet made the comment on a press tour for\u2026 <a href=\"https:\/\/t.co\/pJfITmy3zd\" target=\"_blank\" rel=\"nofollow\">pic.twitter.com\/pJfITmy3zd<\/a><\/p>\n<p>&#13;<br \/>\n\u2014 Spencer Althouse (@SpencerAlthouse) <a href=\"https:\/\/twitter.com\/SpencerAlthouse\/status\/2030516825130193128?ref_src=twsrc%5Etfw\" target=\"_blank\" rel=\"nofollow noopener\">March 8, 2026<\/a><\/p><\/blockquote>\n<p>Y es que el creciente triunfo de su competidor en la misma categor\u00eda, <strong>Michael B. Jordan<\/strong>, en las \u00faltimas galas de premios, destacando la del Sindicato de Actores, ha hecho escalar al actor afroamericano presente por partida doble en Los Pecadores (Sinners), la pel\u00edcula m\u00e1s nominada de la noche. Jordan se ha convertido en la principal amenaza de Chalamet incluso por encima del hasta ahora segundo favorito de la noche en la categor\u00eda m\u00e1s competida, <strong>Leonardo DiCaprio<\/strong> por Una batalla tras otra.<\/p>\n<p>Chalamet cuenta en su haber con el aval del Globo de Oro y el Premio de la Cr\u00edtica por su papel de Marty Supreme, lo que \u2014en a\u00f1adidura a su nominaci\u00f3n en pasados a\u00f1os\u2014 le mantiene como uno de los aspirantes m\u00e1s fuertes a conseguir el premio.<\/p>\n<p>            <script async src=\"https:\/\/platform.twitter.com\/widgets.js\" charset=\"utf-8\"><\/script><\/p>\n","protected":false},"excerpt":{"rendered":"El equilibrio de todo nominado a los Oscar es precario y, en tiempos de cancelaci\u00f3n inmediata y f\u00e1cil&hellip;\n","protected":false},"author":2,"featured_media":438554,"comment_status":"","ping_status":"","sticky":false,"template":"","format":"standard","meta":{"footnotes":""},"categories":[174],"tags":[255,146,147,25,24,256,79745,7452,7638,3889,23,33953],"class_list":["post-438553","post","type-post","status-publish","format-standard","has-post-thumbnail","category-famosos","tag-celebrities","tag-entertainment","tag-entretenimiento","tag-es","tag-espana","tag-famosos","tag-marty-supreme","tag-opera","tag-premios-oscar","tag-sector-del-cine","tag-spain","tag-timothee-chalamet"],"share_on_mastodon":{"url":"https:\/\/pubeurope.com\/@es\/116201320927627044","error":""},"_links":{"self":[{"href":"https:\/\/www.europesays.com\/es\/wp-json\/wp\/v2\/posts\/438553","targetHints":{"allow":["GET"]}}],"collection":[{"href":"https:\/\/www.europesays.com\/es\/wp-json\/wp\/v2\/posts"}],"about":[{"href":"https:\/\/www.europesays.com\/es\/wp-json\/wp\/v2\/types\/post"}],"author":[{"embeddable":true,"href":"https:\/\/www.europesays.com\/es\/wp-json\/wp\/v2\/users\/2"}],"replies":[{"embeddable":true,"href":"https:\/\/www.europesays.com\/es\/wp-json\/wp\/v2\/comments?post=438553"}],"version-history":[{"count":0,"href":"https:\/\/www.europesays.com\/es\/wp-json\/wp\/v2\/posts\/438553\/revisions"}],"wp:featuredmedia":[{"embeddable":true,"href":"https:\/\/www.europesays.com\/es\/wp-json\/wp\/v2\/media\/438554"}],"wp:attachment":[{"href":"https:\/\/www.europesays.com\/es\/wp-json\/wp\/v2\/media?parent=438553"}],"wp:term":[{"taxonomy":"category","embeddable":true,"href":"https:\/\/www.europesays.com\/es\/wp-json\/wp\/v2\/categories?post=438553"},{"taxonomy":"post_tag","embeddable":true,"href":"https:\/\/www.europesays.com\/es\/wp-json\/wp\/v2\/tags?post=438553"}],"curies":[{"name":"wp","href":"https:\/\/api.w.org\/{rel}","templated":true}]}}