{"id":439158,"date":"2026-03-10T05:27:14","date_gmt":"2026-03-10T05:27:14","guid":{"rendered":"https:\/\/www.europesays.com\/es\/439158\/"},"modified":"2026-03-10T05:27:14","modified_gmt":"2026-03-10T05:27:14","slug":"el-mnac-arranca-una-ampliacion-faraonica-que-transformara-montjuic","status":"publish","type":"post","link":"https:\/\/www.europesays.com\/es\/439158\/","title":{"rendered":"El MNAC arranca una ampliaci\u00f3n fara\u00f3nica que transformar\u00e1 Montju\u00efc"},"content":{"rendered":"<p style=\"\">La apuesta es rotunda, convertir al <strong>Museo Nacional de Arte de Catalu\u00f1a (MNAC)<\/strong> en uno de los centros de arte m\u00e1s importantes de todo el mundo. Por fin se conoce el proyecto ganador de la transformaci\u00f3n del MNAC, codiciada desde 2004, y su ambici\u00f3n  &#8230; es enorme, incluso megal\u00f3mana, uniendo el Pabell\u00f3n Victoria Eugenia con el <a href=\"https:\/\/www.abc.es\/cultura\/mnac-rinde-homenaje-carrera-cincuenta-mujeres-artistas-20260307152124-nt.html\" target=\"_self\" data-voc-vtm-id=\"in-text-traffic\" title=\"Palacio Nacional\" data-mrf-link=\"www.abc.es\" rel=\"nofollow noopener\">Palacio Nacional<\/a>, actual sede del museo, en una \u00fanica gran edificaci\u00f3n que venza hasta un desnivel de 92 metros desde la plaza Carles Bohigas, en la falda de Montju\u00efc, hasta la c\u00faspide de su actual sede.<\/p>\n<p class=\"v-d-p\" style=\"\">El proyecto vencedor es obra de <strong>los estudios Harquitectos y Christ &amp; Gantenbein<\/strong>, con sedes en Basilea y Barcelona. Su propuesta ha sido la menos intervencionista y la m\u00e1s enfocada en respetar los recorridos planteados por las estructuras de la construcci\u00f3n original de Puig i Cadafalch. Su planteamiento principal es hacer del nuevo pabell\u00f3n la puerta de entrada al museo, transformando por completo la actual imagen de la monta\u00f1a de Montju\u00efc. \u00abHay que tener en cuenta que Puig i Cadafalch ya plante\u00f3 este pabell\u00f3n como un espacio muy polivalente para la exhibici\u00f3n de exposiciones. Fue uno de los primeros edificios de hormig\u00f3n de Espa\u00f1a. Nuestro trabajo ha sido saber gestionar las demandas requeridas por la ampliaci\u00f3n con su disponibilidad dentro del pabell\u00f3n y los diferentes espacios\u00bb, coment\u00f3 Josep Ricart, uno de los arquitectos del estudio Harquitectos junto a David Lorente, Xavier Ros y Roger Tud\u00f3.<\/p>\n<p class=\"v-d-p\" style=\"\">La idea de dos pabellones como un \u00fanico edificio y la puerta de entrada en la falda de la monta\u00f1a har\u00e1 que el acceso al museo se simplifique y mucho. Una de las cr\u00edticas actuales al MNAC, a parte de su falta de espacio, era su complicado acceso. La ampliaci\u00f3n corregir\u00e1 estos dos aspectos. Y para conseguirlo la inversi\u00f3n p\u00fablica ser\u00e1 ingente. En total, hay presupuestados cerca de<strong> 113 millones de euros<\/strong>, de los que los estudios de arquitectura recibir\u00e1n 8 millones por su trabajo. De este gran montante, el 50 por ciento lo destinar\u00e1 la Generalitat, con 56 millones de euros; el Ayuntamiento de Barcelona, con 22,5 millones, copar\u00e1 un 20 por ciento del total; y la administraci\u00f3n General del Estado, con cerca de 34 millones de euros, el 30 por ciento restante de la inversi\u00f3n. <\/p>\n<p>La presentaci\u00f3n de la ampliaci\u00f3n del MNAC, con una imagen del exterior y los representantes institucionales presentes en el acto.<\/p>\n<p>(EP)<\/p>\n<p class=\"v-d-p\" style=\"\">\u00abEl MNAC es una instituci\u00f3n extraordinaria que custodia una de las colecciones de arte medieval m\u00e1s importantes del mundo. Ha vivido todos estos a\u00f1os con una gran limitaci\u00f3n de espacio que s\u00f3lo le ha permitido mostrar una peque\u00f1a parte de sus colecciones. Al duplicar su espacio expositivo podr\u00e1 explicar mejor la historia del arte de la segunda mitad del siglo XX y abrir una nueva etapa para la instituci\u00f3n\u00bb, asegur\u00f3 Ernest Urtasun, ministro de Cultura.<\/p>\n<ul class=\"v-cmp-rld__u\">\n<li class=\"v-cmp-rld__l\">\n<p><a class=\"v-a-lnk\" href=\"http:\/\/www.abc.es\/cultura\/mnac-expone-135-cuadros-depositos-franquistas-20260219150201-nt.html#vtm_modulosEngag=noticiasrelacionadas-cmp-uno:cultura:noticia:1\" title=\"El MNAC expone las 135 obras de sus dep\u00f3sitos franquistas\" data-voc-vtm-id=\"in-text-traffic\" rel=\"nofollow noopener\" target=\"_blank\"><br \/>\n<img decoding=\"async\" loading=\"lazy\" src=\"https:\/\/www.europesays.com\/es\/wp-content\/uploads\/2026\/03\/1507327490-U20802857674O9-RTqFe7Xix4Nj5N8PMTjViwO-366x256@diario_abc.JPG\" class=\"v-a-img\" width=\"258\" height=\"180\" alt=\"El MNAC expone las 135 obras de sus dep\u00f3sitos franquistas\"\/><br \/>\n<\/a><\/p>\n<\/li>\n<\/ul>\n<p class=\"v-d-p\" style=\"\">Las obras, que se iniciar\u00e1n en la segunda mitad de este mismo a\u00f1o con la redacci\u00f3n de los proyectos b\u00e1sicos y ejecutivos, quiere acabar la primera etapa de sus intervenciones en 2029, en el centenario de la <strong>Exposici\u00f3n Universal de 1929<\/strong> en Barcelona, que dio raz\u00f3n de ser a este tramo inicial de la monta\u00f1a de Montju\u00efc. Durante este tiempo, el museo tendr\u00e1 que cerrar parcialmente en diferentes etapas y no se descarta que tenga que cerrar por completo su acceso al p\u00fablico en la etapa final de las obras. \u00abEsta ampliaci\u00f3n es absolutamente leg\u00edtima y necesaria. Desde su fundaci\u00f3n, el prop\u00f3sito del MNAC fue mostrar todo el arte en Catalu\u00f1a acometido en el tiempo y hasta la actualidad. Esta ampliaci\u00f3n nos permitir\u00e1 cumplir con nuestros ejes fundacionales\u00bb, afirm\u00f3 Pepe Serra, director del MNAC.<\/p>\n<p class=\"v-a-t\">\n\u00abEl proyecto va mucho m\u00e1s all\u00e1 de un edificio y quiere convertir al MNAC en uno de los grandes museos del mundo\u00bb\n<\/p>\n<p class=\"v-pst__p\">Salvador Illa<\/p>\n<p class=\"v-pst__j\">Presidente de la Generalitat<\/p>\n<p class=\"v-d-p\" style=\"\">Las im\u00e1genes renderizadas de c\u00f3mo ser\u00e1 el nuevo museo son francamente espectaculares e incluyen convertir puentes en pasillos acristalados o levantar grandes fachadas abiertas donde la luz natural ser\u00e1 la gran protagonista. En total, las obras podr\u00edan reducirse a tres actuaciones principales. La primera, la rehabilitaci\u00f3n del <strong>Palacio Victoria Eugenia<\/strong>, que pasar\u00e1 de sus 14.397 metros cuadrados a unos 22.400. El segundo, la construcci\u00f3n de los diferentes sistemas de conexi\u00f3n entre los dos edificios, que incluir\u00e1n pasillos para los visitantes y las exposiciones, y t\u00faneles internos para el paso de mercanc\u00edas y bienes culturales. <\/p>\n<p>&#8216;Renders&#8217; de c\u00f3mo quedar\u00e1 la ampliaci\u00f3n del MNAC.<\/p>\n<p class=\"v-d-p\" style=\"\">Por \u00faltimo, ser\u00e1 necesaria una importante rehabilitaci\u00f3n de la sede actual, el Palacio Nacional, para adecuarla a la nueva disposici\u00f3n del museo. \u00abEl proyecto va mucho m\u00e1s all\u00e1 de un edificio y quiere convertir al MNAC en uno de los grandes museos del mundo. Es una oportunidad hist\u00f3rica que no pod\u00edamos dejar escapar\u00bb, apunt\u00f3 Salvador Illa, presidente de la Generalitat.<\/p>\n<p class=\"v-d-p\" style=\"\">En total, el museo pasar\u00e1 de un total de<strong> 49.000 metros<\/strong> cuadrados de superficie construida a m\u00e1s de <strong>71.000<\/strong>. De esta, se aumentar\u00e1n las \u00e1reas expositivas y de programas p\u00fablicos de 21.000 en la actualidad a las cerca de 34.000 en 2029. \u00abEsta ampliaci\u00f3n debe convertir al MNAC en el \u00e1gora del siglo XXI para la agitaci\u00f3n cultural y nos abre un futuro estimulante\u00bb, sentenci\u00f3 Joan Oliveres, presidente del patronato del museo.<\/p>\n<p>\nEl MNAC se expande en Montju\u00efc\n<\/p>\n<p class=\"v-d-p\" style=\"\">Un total de <strong>30 estudios de arquitectura<\/strong> presentaron sus candidaturas al concurso internacional, de las que cinco resultaron finalistas. Dentro de los criterios esenciales que ten\u00edan que recoger los proyectos estaba convertir los dos pabellones en un \u00fanico edificio; la recuperaci\u00f3n completa de un edificio patrimonial como el pabell\u00f3n Victoria Eugenia; la creaci\u00f3n de espacios polivalentes para poder abrir las voces del proyecto museogr\u00e1fico; y que la intervenci\u00f3n fuera m\u00ednima e integrada con el exterior, as\u00ed como el compromiso m\u00e1ximo con los criterios de sostenibilidad y protecci\u00f3n medioambiental. Los estudios Harquitectos y Christ &amp; Gantenbein lograron vencer todos los requisitos planteados y ganaron el concurso por unanimidad. \u00abSe distingue por ser una propusta donde la configuraci\u00f3n y polivalencia de los espacios permitir\u00e1 presentar al museo como un espacio de acogida y al servicio de la ciudadan\u00eda\u00bb, seg\u00fan dict\u00f3 la resoluci\u00f3n del jurado, formado por tres representantes de la Generalitat, uno del Ayuntamiento, otro del ministerio de Cultura, dos del propio MNAC, incluyendo a Pepe Serra y 4 del Colegio Oficial de Arquitectos de Catalu\u00f1a (COAC).<\/p>\n<p class=\"v-d-p\" style=\"\"> El <strong>dec\u00e1logo<\/strong> que ha construido el relato de esta esperada ampliaci\u00f3n incluye: \u00abCulminar la misi\u00f3n de proyectar internacionalmente la creaci\u00f3n art\u00edstica en Catalu\u00f1a a lo largo de toda su historia y hasta la actualidad. La oportunidad de unir dos contextos vinculados, los que llevan desde la Exposici\u00f3n Universal de 1929 al 2029. Apostar con fuerza por la cultura humanista en tiempos de incertidumbre como los que vivimos ahora. Adem\u00e1s, convertir al MNAC en el coraz\u00f3n de la red de museos de Catalu\u00f1a repartidos en todo su territorio. Transformarse en un hogar abierto a todos los artistas y creadores. Dejar atr\u00e1s la idea de museo como contenedor y apostar por la idea de \u00e1gora o creadora de relatos comunitarios. Por \u00faltimo, apuntalar el museo como servicio p\u00fablico que garantice la educaci\u00f3n, la inclusi\u00f3n y la garant\u00eda al acceso a los derechos culturales, as\u00ed como la sostenibilidad y el compromiso clim\u00e1tico como ejes motores de su actuaci\u00f3n\u00bb. <\/p>\n","protected":false},"excerpt":{"rendered":"La apuesta es rotunda, convertir al Museo Nacional de Arte de Catalu\u00f1a (MNAC) en uno de los centros&hellip;\n","protected":false},"author":2,"featured_media":439159,"comment_status":"","ping_status":"","sticky":false,"template":"","format":"standard","meta":{"footnotes":""},"categories":[173],"tags":[5306,5881,229,233,231,230,232,234,146,147,25,24,92526,3453,25488,23,9746],"class_list":["post-439158","post","type-post","status-publish","format-standard","has-post-thumbnail","category-arte-y-diseno","tag-ampliacion","tag-arranca","tag-arte","tag-arte-y-diseno","tag-arts","tag-arts-and-design","tag-design","tag-diseno","tag-entertainment","tag-entretenimiento","tag-es","tag-espana","tag-faraonica","tag-mnac","tag-montjuic","tag-spain","tag-transformara"],"share_on_mastodon":{"url":"https:\/\/pubeurope.com\/@es\/116203228049191445","error":""},"_links":{"self":[{"href":"https:\/\/www.europesays.com\/es\/wp-json\/wp\/v2\/posts\/439158","targetHints":{"allow":["GET"]}}],"collection":[{"href":"https:\/\/www.europesays.com\/es\/wp-json\/wp\/v2\/posts"}],"about":[{"href":"https:\/\/www.europesays.com\/es\/wp-json\/wp\/v2\/types\/post"}],"author":[{"embeddable":true,"href":"https:\/\/www.europesays.com\/es\/wp-json\/wp\/v2\/users\/2"}],"replies":[{"embeddable":true,"href":"https:\/\/www.europesays.com\/es\/wp-json\/wp\/v2\/comments?post=439158"}],"version-history":[{"count":0,"href":"https:\/\/www.europesays.com\/es\/wp-json\/wp\/v2\/posts\/439158\/revisions"}],"wp:featuredmedia":[{"embeddable":true,"href":"https:\/\/www.europesays.com\/es\/wp-json\/wp\/v2\/media\/439159"}],"wp:attachment":[{"href":"https:\/\/www.europesays.com\/es\/wp-json\/wp\/v2\/media?parent=439158"}],"wp:term":[{"taxonomy":"category","embeddable":true,"href":"https:\/\/www.europesays.com\/es\/wp-json\/wp\/v2\/categories?post=439158"},{"taxonomy":"post_tag","embeddable":true,"href":"https:\/\/www.europesays.com\/es\/wp-json\/wp\/v2\/tags?post=439158"}],"curies":[{"name":"wp","href":"https:\/\/api.w.org\/{rel}","templated":true}]}}