{"id":439452,"date":"2026-03-10T09:29:17","date_gmt":"2026-03-10T09:29:17","guid":{"rendered":"https:\/\/www.europesays.com\/es\/439452\/"},"modified":"2026-03-10T09:29:17","modified_gmt":"2026-03-10T09:29:17","slug":"actores-contra-influencers-por-robarles-su-sitio-en-la-alfombra-roja","status":"publish","type":"post","link":"https:\/\/www.europesays.com\/es\/439452\/","title":{"rendered":"actores contra influencers por &#8216;robarles&#8217; su sitio en la alfombra roja"},"content":{"rendered":"<p style=\"\">Una de las<strong> pol\u00e9micas que ha rodeado la gala de los Goya 2026<\/strong> ha sido la presencia de influencers y creadores de contenido, dejando fuera a muchos actores, guionistas, directores, productores, t\u00e9cnicos y otras muchas profesiones relacionadas con el mundo audiovisual. A ra\u00edz  &#8230; de esta decisi\u00f3n por parte de la Academia, numerosos actores han puesto el grito en el cielo quej\u00e1ndose de esta situaci\u00f3n. <\/p>\n<p class=\"v-d-p\" style=\"\">\u00abNada contra las influencers pero <a href=\"https:\/\/www.abc.es\/gente\/indignacion-yolanda-ramos-gala-goya-parece-error-20260305093113-nt.html\" target=\"_self\" data-voc-vtm-id=\"in-text-traffic\" title=\"yo estaba en pijama en mi casa\" data-mrf-link=\"www.abc.es\" rel=\"nofollow noopener\">yo estaba en pijama en mi casa<\/a>&#8230; Excepto cuando fui nominada y al a\u00f1o siguiente, ni antes ni despu\u00e9s me han invitado nunca\u00bb, coment\u00f3 Yolanda Ramos a trav\u00e9s de sus redes sociales. \u00abEs la fiesta del cine espa\u00f1ol, y lo que tiene que primar son los actores y las actrices. Con todos mis respetos a todo el mundo, <strong>yo no voy a una gala del Bal\u00f3n de Oro<\/strong> ni doy un bal\u00f3n de oro a nadie\u00bb, apunt\u00f3 la int\u00e9rprete Norma Ruiz. \u00abLos influencers\u2026 me parece muy bien, pero no hacen cine\u00bb, coment\u00f3 tambi\u00e9n Carmen Maura. Por su parte, Andrea Duro opin\u00f3 que \u00ablos actores deber\u00edan estar m\u00e1s presentes en la gala de los Goya\u00bb. Dafne Fern\u00e1ndez, Llum Barrera, Luc\u00eda Romero o Ra\u00fal Tej\u00f3n fueron otros actores que tambi\u00e9n expresaron su opini\u00f3n al respecto sobre este tema tan pol\u00e9mico. <\/p>\n<p>\nLas influencers defienden su trabajo\n<\/p>\n<p class=\"v-d-p\" style=\"\">Por la otra cara de la moneda, los influencers defienden su trabajo. Javi Hoyos fue el primero en subrayar la importancia de contar con este tipo de personajes con el objetivo de \u00abdar visibilidad, promocionar y brindar una cobertura m\u00e1s amplia al cine nacional\u00bb, en un momento en el que, tal y como afirm\u00f3, \u00abmuchas butacas est\u00e1n vac\u00edas\u00bb en las salas de cine de todo el pa\u00eds. \u00abMucha gente no sab\u00eda que era la fiesta del cine, y eso<a href=\"https:\/\/www.abc.es\/gente\/indignacion-yolanda-ramos-gala-goya-parece-error-20260305093113-nt.html\" target=\"_self\" data-voc-vtm-id=\"in-text-traffic\" title=\" es publicidad gratuita\" data-mrf-link=\"www.abc.es\" rel=\"nofollow noopener\"> es publicidad gratuita<\/a>. Es una manera de llegar a la gente\u00bb, sentenci\u00f3. <\/p>\n<ul class=\"v-cmp-rld__u\">\n<li class=\"v-cmp-rld__l\">\n<p><a class=\"v-a-lnk\" href=\"http:\/\/www.abc.es\/gente\/beatriz-paises-bajos-claus-von-amsberg-anos-20260309041646-nt.html#vtm_modulosEngag=noticiasrelacionadas-cmp-uno:gente:noticia:1\" title=\"60 a\u00f1os de la boda de Beatriz de Holanda: un novio nazi, un pa\u00eds indignado y 5.000 polic\u00edas\" data-voc-vtm-id=\"in-text-traffic\" rel=\"nofollow noopener\" target=\"_blank\"><br \/>\n<img decoding=\"async\" loading=\"lazy\" src=\"https:\/\/www.europesays.com\/es\/wp-content\/uploads\/2026\/03\/beatriz-claus-U04457012641Sos-366x256@diario_abc.jpg\" class=\"v-a-img\" width=\"258\" height=\"180\" alt=\"60 a\u00f1os de la boda de Beatriz de Holanda: un novio nazi, un pa\u00eds indignado y 5.000 polic\u00edas\"\/><br \/>\n<\/a><\/p>\n<\/li>\n<\/ul>\n<p class=\"v-d-p\" style=\"\">Lola Lolita aprovech\u00f3 su asistencia al Festival de M\u00e1laga para confesar que <a href=\"https:\/\/www.abc.es\/gente\/norma-ruiz-suma-polemica-premios-goya-primar-20260308150000-nt_amp.html\" target=\"_self\" data-voc-vtm-id=\"in-text-traffic\" title=\" \u00abYo, a nivel cine, no pinto nada\u00bb\" data-mrf-link=\"www.abc.es\" rel=\"nofollow noopener\"> \u00abYo, a nivel cine, no pinto nada\u00bb<\/a>, aunque \u00abcreo que a nivel de exposici\u00f3n en redes puedo ense\u00f1ar todo esto y seguir aportando un granito de arena, sobre todo al cine espa\u00f1ol. Yo feliz, y seguir\u00e9 haci\u00e9ndolo todos los a\u00f1os que me lo permitan\u00bb. A ella se le sum\u00f3 Sara Fructuoso, quien defendi\u00f3 la presencia de influencers en este tipo de eventos. \u00abYo creo que somos una figura importante como cualquier otra en la rama del arte. Al final somos otro tipo de <strong>oficio art\u00edstico<\/strong>\u00bb pues, seg\u00fan ella \u00abno solo hay actores en los Goya, hay otro tipo de personajes en el mundo de la comunicaci\u00f3n audiovisual\u00bb. <\/p>\n<p class=\"v-a-t\">\nLos influencers se defienden: \u00abSomos una figura importante como cualquier otra en la rama del arte\u00bb\n<\/p>\n<p>\nRespuesta de la Academia\n<\/p>\n<p class=\"v-d-p\" style=\"\">Por su parte, la Academia de Cine se desvincula de la pelea asegurando que los influencers y creadores de contenido acuden a la gala vinculadas a patrocinadores del evento. Explican que estas invitaciones no responden a una decisi\u00f3n directa de sustituir a profesionales del sector y seg\u00fan fuentes de la instituci\u00f3n, estas personas acuden a este tipo de eventos de la mano de patrocinadoras, que forman parte de la organizaci\u00f3n del evento y que tambi\u00e9n participan en la promoci\u00f3n del cine y de la gala.<\/p>\n<p class=\"v-d-p\" style=\"\">Sin embargo, el ministro de Cultura, Ernest Urtasun, afirm\u00f3 que aqu\u00ed<a href=\"https:\/\/www.abc.es\/gente\/norma-ruiz-suma-polemica-premios-goya-primar-20260308150000-nt_amp.html\" target=\"_self\" data-voc-vtm-id=\"in-text-traffic\" title=\" \u00abtodo el mundo tiene su lugar\u00bb\" data-mrf-link=\"www.abc.es\" rel=\"nofollow noopener\"> \u00abtodo el mundo tiene su lugar\u00bb<\/a> y record\u00f3 que las invitaciones pertenec\u00edan a la Academia.<\/p>\n","protected":false},"excerpt":{"rendered":"Una de las pol\u00e9micas que ha rodeado la gala de los Goya 2026 ha sido la presencia de&hellip;\n","protected":false},"author":2,"featured_media":439453,"comment_status":"","ping_status":"","sticky":false,"template":"","format":"standard","meta":{"footnotes":""},"categories":[91],"tags":[1014,19340,146,147,25,24,9915,69,2183,92574,13644,982,23],"class_list":["post-439452","post","type-post","status-publish","format-standard","has-post-thumbnail","category-entretenimiento","tag-actores","tag-alfombra","tag-entertainment","tag-entretenimiento","tag-es","tag-espana","tag-estalla","tag-guerra","tag-influencers","tag-robarles","tag-roja","tag-sitio","tag-spain"],"share_on_mastodon":{"url":"https:\/\/pubeurope.com\/@es\/116204179847310944","error":""},"_links":{"self":[{"href":"https:\/\/www.europesays.com\/es\/wp-json\/wp\/v2\/posts\/439452","targetHints":{"allow":["GET"]}}],"collection":[{"href":"https:\/\/www.europesays.com\/es\/wp-json\/wp\/v2\/posts"}],"about":[{"href":"https:\/\/www.europesays.com\/es\/wp-json\/wp\/v2\/types\/post"}],"author":[{"embeddable":true,"href":"https:\/\/www.europesays.com\/es\/wp-json\/wp\/v2\/users\/2"}],"replies":[{"embeddable":true,"href":"https:\/\/www.europesays.com\/es\/wp-json\/wp\/v2\/comments?post=439452"}],"version-history":[{"count":0,"href":"https:\/\/www.europesays.com\/es\/wp-json\/wp\/v2\/posts\/439452\/revisions"}],"wp:featuredmedia":[{"embeddable":true,"href":"https:\/\/www.europesays.com\/es\/wp-json\/wp\/v2\/media\/439453"}],"wp:attachment":[{"href":"https:\/\/www.europesays.com\/es\/wp-json\/wp\/v2\/media?parent=439452"}],"wp:term":[{"taxonomy":"category","embeddable":true,"href":"https:\/\/www.europesays.com\/es\/wp-json\/wp\/v2\/categories?post=439452"},{"taxonomy":"post_tag","embeddable":true,"href":"https:\/\/www.europesays.com\/es\/wp-json\/wp\/v2\/tags?post=439452"}],"curies":[{"name":"wp","href":"https:\/\/api.w.org\/{rel}","templated":true}]}}