{"id":44030,"date":"2025-08-13T05:07:08","date_gmt":"2025-08-13T05:07:08","guid":{"rendered":"https:\/\/www.europesays.com\/es\/44030\/"},"modified":"2025-08-13T05:07:08","modified_gmt":"2025-08-13T05:07:08","slug":"hay-ocho-personas-desaparecidas-por-explosion-en-empresa-de-detonantes-para-mineria-en-brasil","status":"publish","type":"post","link":"https:\/\/www.europesays.com\/es\/44030\/","title":{"rendered":"Hay ocho personas desaparecidas por explosi\u00f3n en empresa de detonantes para miner\u00eda en Brasil"},"content":{"rendered":"\n<p> Escrito en  LATAM el 12\/8\/2025 \u00b7 08:23 hs <\/p>\n<p>EFE.- Al menos ocho personas est\u00e1n <strong>desaparecidas<\/strong> tras una <strong>fuerte<\/strong> <strong>explosi\u00f3n<\/strong> ocurrida este martes en una f\u00e1brica de explosivos en la zona metropolitana de <strong>Curitiba<\/strong>, en el sur de Brasil, informaron fuentes oficiales.<\/p>\n<p>La explosi\u00f3n sucedi\u00f3 poco antes de las 6:00 de la ma\u00f1ana, en una f\u00e1brica de <strong>Enaex<\/strong> <strong>Brasil<\/strong>, empresa que fabrica <strong>explosivos para miner\u00eda.<\/strong><\/p>\n<p>El secretario de Seguridad P\u00fablica de Curitiba, <strong>Hudson<\/strong> <strong>Teixeira<\/strong>, afirm\u00f3 que <strong>hay v\u00edctimas mortales<\/strong> y cifr\u00f3 en ocho el n\u00famero de trabajadores que se encontraban en el lugar del siniestro.<\/p>\n<p>\u00abHay muertos, pero no sabemos cu\u00e1ntos. El n\u00famero de personas que hab\u00eda en el lugar era ocho personas. Pero no sabemos todav\u00eda cu\u00e1ntos sobrevivientes\u00a0hay\u00bb, dijo Teixeira a periodistas.<\/p>\n<p>Las autoridades usan\u00a0perros y drones en la b\u00fasqueda de los supervivientes, mientras que un <strong>escuadr\u00f3n antibomba<\/strong> est\u00e1 trabajando en el lugar para examinar el<strong> estado de otros explosivos.<\/strong><\/p>\n<p>Seg\u00fan medios locales, la explosi\u00f3n caus\u00f3<strong> da\u00f1os a viviendas y comercios de la zona<\/strong>, situada a las afueras del t\u00e9rmino municipal de Quatro Barras, en la regi\u00f3n metropolitana de Curitiba, capital del estado de Paran\u00e1.\u00a0<\/p>\n","protected":false},"excerpt":{"rendered":"Escrito en LATAM el 12\/8\/2025 \u00b7 08:23 hs EFE.- Al menos ocho personas est\u00e1n desaparecidas tras una fuerte&hellip;\n","protected":false},"author":2,"featured_media":44031,"comment_status":"","ping_status":"","sticky":false,"template":"","format":"standard","meta":{"footnotes":""},"categories":[42],"tags":[3216,17,18,46,13,14,11,61,62,63,64,19,20,9,10,15,16,12,21,22,65,66,67],"class_list":{"0":"post-44030","1":"post","2":"type-post","3":"status-publish","4":"format-standard","5":"has-post-thumbnail","7":"category-internacional","8":"tag-brasil","9":"tag-breaking-news","10":"tag-breakingnews","11":"tag-explosion","12":"tag-featured-news","13":"tag-featurednews","14":"tag-headlines","15":"tag-internacional","16":"tag-international","17":"tag-international-news","18":"tag-internationalnews","19":"tag-latest-news","20":"tag-latestnews","21":"tag-news","22":"tag-noticias","23":"tag-noticias-destacadas","24":"tag-noticiasdestacadas","25":"tag-titulares","26":"tag-ultimas-noticias","27":"tag-ultimasnoticias","28":"tag-world","29":"tag-world-news","30":"tag-worldnews"},"share_on_mastodon":{"url":"","error":""},"_links":{"self":[{"href":"https:\/\/www.europesays.com\/es\/wp-json\/wp\/v2\/posts\/44030","targetHints":{"allow":["GET"]}}],"collection":[{"href":"https:\/\/www.europesays.com\/es\/wp-json\/wp\/v2\/posts"}],"about":[{"href":"https:\/\/www.europesays.com\/es\/wp-json\/wp\/v2\/types\/post"}],"author":[{"embeddable":true,"href":"https:\/\/www.europesays.com\/es\/wp-json\/wp\/v2\/users\/2"}],"replies":[{"embeddable":true,"href":"https:\/\/www.europesays.com\/es\/wp-json\/wp\/v2\/comments?post=44030"}],"version-history":[{"count":0,"href":"https:\/\/www.europesays.com\/es\/wp-json\/wp\/v2\/posts\/44030\/revisions"}],"wp:featuredmedia":[{"embeddable":true,"href":"https:\/\/www.europesays.com\/es\/wp-json\/wp\/v2\/media\/44031"}],"wp:attachment":[{"href":"https:\/\/www.europesays.com\/es\/wp-json\/wp\/v2\/media?parent=44030"}],"wp:term":[{"taxonomy":"category","embeddable":true,"href":"https:\/\/www.europesays.com\/es\/wp-json\/wp\/v2\/categories?post=44030"},{"taxonomy":"post_tag","embeddable":true,"href":"https:\/\/www.europesays.com\/es\/wp-json\/wp\/v2\/tags?post=44030"}],"curies":[{"name":"wp","href":"https:\/\/api.w.org\/{rel}","templated":true}]}}