{"id":440374,"date":"2026-03-10T21:31:08","date_gmt":"2026-03-10T21:31:08","guid":{"rendered":"https:\/\/www.europesays.com\/es\/440374\/"},"modified":"2026-03-10T21:31:08","modified_gmt":"2026-03-10T21:31:08","slug":"se-ha-despedido-dando-las-gracias-y-con-un-te-quiero","status":"publish","type":"post","link":"https:\/\/www.europesays.com\/es\/440374\/","title":{"rendered":"\u00abSe ha despedido dando las gracias y con un \u2018te quiero\u2019\u201d"},"content":{"rendered":"<p class=\"paragraph\"><b>Carlos Ardanaz Baigorri,<\/b> enfermo de ELA a los 59 a\u00f1os y conocido como<b> \u00abEl Puma\u00bb de Olite<\/b>, ha fallecido este martes a mediod\u00eda en su casa, acompa\u00f1ado por su mujer, <b>Mar\u00eda<\/b>, y sus dos hijos,<b> Tamara<\/b> y <b>Carlos<\/b>. El Puma se despidi\u00f3 dando las gracias, con un \u00abte quiero\u00bb y una sonrisa en los labios, seg\u00fan relat\u00f3 Mar\u00eda a este peri\u00f3dico, y record\u00f3 an\u00e9cdotas con su nieto en la pe\u00f1a Unz\u00fae. Agradecido por la vida y por su familia.<\/p>\n<p class=\"paragraph\">Su mayor preocupaci\u00f3n en estos \u00faltimos momentos era que la enfermedad siguiera visibiliz\u00e1ndose y que los afectados continuaran denunciando su situaci\u00f3n. Hace unos d\u00edas hab\u00eda anunciado que hab\u00eda iniciado el <b>procedimiento legal para recibir ayuda m\u00e9dica para morir (eutanasia<\/b>) ante la falta de aplicaci\u00f3n efectiva de las ayudas previstas en la Ley ELA, aprobada en 2024. \u201cYo no me he rendido. He llegado hasta donde me han dejado\u201d, dec\u00eda en su despedida.<\/p>\n<p class=\"paragraph\">Ardanaz y<b>\u00a0su esposa, Mar\u00eda Garc\u00eda<\/b>, comparecieron en octubre de 2025 ante el Parlamento de Navarra para reclamar medidas urgentes y la puesta en marcha de un plan de choque que, seg\u00fan denunciaron, sigue sin ejecutarse.\u00a0<b>Ante el avance de la enfermedad y la falta de respuestas, el pasado 20 de febrero Ardanaz formaliz\u00f3 la ratificaci\u00f3n de su voluntad<\/b>\u00a0dentro del procedimiento contemplado en la legislaci\u00f3n vigente, haciendo p\u00fablico un mensaje dirigido a responsables pol\u00edticos y a la sociedad para reclamar una atenci\u00f3n efectiva y urgente a los enfermos de ELA.\u00a0<\/p>\n<p>Te puede interesar<img decoding=\"async\" loading=\"lazy\" alt=\"dddddddddddddddd\" width=\"396\" height=\"252\" src=\"https:\/\/www.europesays.com\/es\/wp-content\/uploads\/2026\/03\/69a6e24f869ec.jpeg\"\/><img decoding=\"async\" loading=\"lazy\" alt=\"Carlos Ardanaz Baigorri y su mujer Mar\u00eda Garc\u00eda, ambos de Olite, se conocieron en la ni\u00f1ez. Ambos son padres de son hijos, Tamara y Carlos y abuelo de Aitor.\" width=\"396\" height=\"252\" src=\"https:\/\/www.europesays.com\/es\/wp-content\/uploads\/2026\/03\/68b8020726398.jpeg\"\/><\/p>\n<p class=\"paragraph\">\u00abMe da mucha pena marcharme, pensando que<b> quienes nos gobiernan miran hacia otro lado<\/b> ante necesidades vitales que requieren atenci\u00f3n y, en su lugar, se pasan la responsabilidad unos a otros mientras el tiempo pasa y fallecemos en la lucha por sobrevivir. Con vuestro silencio, casi seis meses despu\u00e9s, y con la misma humildad, hoy dedico estas palabras al Gobierno de Navarra: Gracias a vuestros hechos \u2014o mejor dicho, a vuestros no hechos\u2014 he tomado mi decisi\u00f3n. <b>He decidido morir<\/b>\u00ab, expon\u00edan en una carta que public\u00f3 este peri\u00f3dico el pasado jueves.\u00a0<\/p>\n<p class=\"paragraph\">\u00abEl Puma\u201d, as\u00ed es como se le conoce en Olite a Carlos, era un alba\u00f1il apasionado por el f\u00fatbol y un referente en la localidad por su generosidad. Un<b>\u00a0devoto del Club Deportivo Erriberri<\/b>, donde comenz\u00f3 jugando y fund\u00f3 la cantera del equipo local que adquiri\u00f3 su propio apodo: \u201cLos Pumas\u201d. Tambi\u00e9n arbitr\u00f3 partidos de f\u00fatbol en categor\u00eda de veteranos.\u00a0<b>Y fue en uno de estos encuentros cuando sinti\u00f3 en\u00a0 los primero s\u00edntomas. Se agach\u00f3 para atender a un portero y cuando quiso levantarse no pod\u00eda.<\/b>\u00a0Los dolores se encadenaron a pie de tajo en la rehabilitaci\u00f3n de la iglesia de Lodosa, en octubre de 2022. Le fallaban las piernas, se ca\u00eda, no pod\u00eda levantarse. Tras varias revisiones de espalda, dieron con un problema en la m\u00e9dula que podr\u00eda ser el origen. Pero el problema se fue agudizando, hasta que en septiembre de 2023 recibi\u00f3 el diagn\u00f3stico. El 9 de septiembre de 2024 lanz\u00f3 el cohete en fiestas de Olite.<\/p>\n","protected":false},"excerpt":{"rendered":"Carlos Ardanaz Baigorri, enfermo de ELA a los 59 a\u00f1os y conocido como \u00abEl Puma\u00bb de Olite, ha&hellip;\n","protected":false},"author":2,"featured_media":440375,"comment_status":"","ping_status":"","sticky":false,"template":"","format":"standard","meta":{"footnotes":""},"categories":[8],"tags":[54044,17,18,415,25,24,13,14,11,19,20,8938,9,10,15,16,29614,47607,23,12,21,22],"class_list":["post-440374","post","type-post","status-publish","format-standard","has-post-thumbnail","category-espana","tag-ardanaz","tag-breaking-news","tag-breakingnews","tag-carlos","tag-es","tag-espana","tag-featured-news","tag-featurednews","tag-headlines","tag-latest-news","tag-latestnews","tag-muere","tag-news","tag-noticias","tag-noticias-destacadas","tag-noticiasdestacadas","tag-olite","tag-puma","tag-spain","tag-titulares","tag-ultimas-noticias","tag-ultimasnoticias"],"share_on_mastodon":{"url":"https:\/\/pubeurope.com\/@es\/116207018661446032","error":""},"_links":{"self":[{"href":"https:\/\/www.europesays.com\/es\/wp-json\/wp\/v2\/posts\/440374","targetHints":{"allow":["GET"]}}],"collection":[{"href":"https:\/\/www.europesays.com\/es\/wp-json\/wp\/v2\/posts"}],"about":[{"href":"https:\/\/www.europesays.com\/es\/wp-json\/wp\/v2\/types\/post"}],"author":[{"embeddable":true,"href":"https:\/\/www.europesays.com\/es\/wp-json\/wp\/v2\/users\/2"}],"replies":[{"embeddable":true,"href":"https:\/\/www.europesays.com\/es\/wp-json\/wp\/v2\/comments?post=440374"}],"version-history":[{"count":0,"href":"https:\/\/www.europesays.com\/es\/wp-json\/wp\/v2\/posts\/440374\/revisions"}],"wp:featuredmedia":[{"embeddable":true,"href":"https:\/\/www.europesays.com\/es\/wp-json\/wp\/v2\/media\/440375"}],"wp:attachment":[{"href":"https:\/\/www.europesays.com\/es\/wp-json\/wp\/v2\/media?parent=440374"}],"wp:term":[{"taxonomy":"category","embeddable":true,"href":"https:\/\/www.europesays.com\/es\/wp-json\/wp\/v2\/categories?post=440374"},{"taxonomy":"post_tag","embeddable":true,"href":"https:\/\/www.europesays.com\/es\/wp-json\/wp\/v2\/tags?post=440374"}],"curies":[{"name":"wp","href":"https:\/\/api.w.org\/{rel}","templated":true}]}}