{"id":44061,"date":"2025-08-13T05:43:23","date_gmt":"2025-08-13T05:43:23","guid":{"rendered":"https:\/\/www.europesays.com\/es\/44061\/"},"modified":"2025-08-13T05:43:23","modified_gmt":"2025-08-13T05:43:23","slug":"un-pequeno-departamento-de-61-m2-es-perfecto-para-recibir-visitas","status":"publish","type":"post","link":"https:\/\/www.europesays.com\/es\/44061\/","title":{"rendered":"Un peque\u00f1o departamento de 61 m2 es perfecto para recibir visitas"},"content":{"rendered":"<p>\u00abEste <strong>peque\u00f1o departamento<\/strong> de 61 metros cuadrados en el bulevar Richard Lenoir es m\u00edo. Lo compr\u00e9 hace dos a\u00f1os y medio, en un edificio cl\u00e1sico de piedra de estilo haussmaniano\u00bb, explica la arquitecta y dise\u00f1adora de interiores Juliette Rubel. \u00abTen\u00eda muchas ganas de hacer un ejercicio estil\u00edstico en un edificio de estilo haussmaniano\u00bb. As\u00ed pues, el ejercicio comenz\u00f3 por reorganizar el espacio de tres a dos habitaciones, bas\u00e1ndose en el principio de una cocina que se abre a la sala, como un bar para recibir invitados, maximizando el espacio habitable en relaci\u00f3n con el tama\u00f1o del <strong>peque\u00f1o departamento<\/strong>. Una abertura arqueada de la antigua cocina inspir\u00f3 al arquitecto para crear la puerta del cuarto de ba\u00f1o o el pasillo de la entrada a la sala, que se desdobla en un arco-nicho de espejo que responde a las ventanas arqueadas de la sala \u00aben un estilo m\u00e1s bien contempor\u00e1neo que contrasta bien con las molduras, la chimenea y las cornisas del <strong>peque\u00f1o departamento<\/strong>\u00ab.<\/p>\n<p>El comedor se sit\u00faa frente a la isla tipo bar de la cocina. Alrededor de una mesa dise\u00f1ada a medida por Juliette Rubel, una silla Bertoia, sillones Kembo y un sill\u00f3n vintage Tulip de Eero Saarinen. En la barra, una l\u00e1mpara Brumbury de Luigi Massoni y en el banco empotrado a medida que recorre las ventanas frontales, una l\u00e1mpara Panthella. En la pared, una litograf\u00eda de Wang Guangyi y, a la derecha, una escultura luminosa del artista Guy Bareff.<\/p>\n<p>Yvan MoreauUna gran sala de estar<\/p>\n<p>En este sentido, Juliette Rubel trabaja exclusivamente con materiales naturales: piedra en la cocina y el ba\u00f1o \u2014cuarcita brasile\u00f1a y m\u00e1rmol Calacatta\u2014 utilizada tanto en el suelo como para revestir los elementos de mobiliario empotrados \u2014bar, ba\u00f1era, etc.\u2014, que acompa\u00f1a con pintura all-over beige en las paredes, y espejos que reflejan la luz de las ventanas. \u00abLa idea es crear profundidad en este lado. Para dar la ilusi\u00f3n de que tenemos una habitaci\u00f3n atravesada\u00bb. El suelo de parqu\u00e9 en espiga se conserv\u00f3, simplemente lijado. Esto nos lleva a la cocina, que, vista desde el lado del comedor, tiene todos los c\u00f3digos de la barra de un peque\u00f1o restaurante. \u201c\u00a1Esa era la idea! Con una marquesina de bar cuyo dise\u00f1o es lineal aqu\u00ed y que he cubierto de espejos para reflejar las molduras del techo. Tambi\u00e9n es una forma de minimizar el peso de este elemento, que no es m\u00e1s que un m\u00f3dulo de almacenamiento para la cocina\u201d. Una barra de bar gr\u00e1fica y r\u00edtmica para a\u00f1adir ligereza, realizada en roble oscuro, al igual que las patas de la mesa dise\u00f1ada a medida por el arquitecto, las estanter\u00edas del librero y, sobre todo, el largo banco que corre bajo las ventanas de esta amplia sala de recepci\u00f3n, que incorpora un almacenamiento muy necesario en un espacio reducido. Cabe destacar que el primer estante del mueble bar est\u00e1 abierto, de modo que no s\u00f3lo se pueden colocar objetos en \u00e9l, sino que tambi\u00e9n se puede mirar por las tres ventanas al entrar y tener una mejor idea de la sensaci\u00f3n de espacio de la habitaci\u00f3n.<\/p>\n<p>La cocina est\u00e1 abierta como un bar, lo que permite ver las ventanas de la sala.<\/p>\n<p>Yvan Moreau<\/p>\n<p>Las aberturas arqueadas que dan a la sala responden a las ventanas arqueadas de la sala.<\/p>\n<p>Yvan MoreauMadera, m\u00e1rmol y cuarcita<\/p>\n<p>El banco enfilado oculta tambi\u00e9n los radiadores, al tiempo que ofrece asientos informales para recibir a los invitados. Permite modular el espacio y sirve de asiento a la mesa de comedor, que puede deslizarse a lo largo del banco en un esp\u00edritu de mobiliario m\u00f3vil. El tablero de la mesa de comedor es de cuarcita brasile\u00f1a en tonos ostra, la misma piedra utilizada para la barra de la isla y el suelo de la cocina. Esta piedra es ideal para la cocina porque, a diferencia del m\u00e1rmol, es resistente a la acidez, y el arquitecto asumi\u00f3 este gesto decorativo en un all-over de media altura que es a la vez un bloque y un color s\u00f3lido.<\/p>\n<p>En cuanto a los <a href=\"https:\/\/www.admagazine.com\/articulos\/un-pequeno-departamento-que-es-un-oasis-de-elegancia-y-tranquilidad\" rel=\"nofollow noopener\" target=\"_blank\">materiales del <strong>peque\u00f1o departamento<\/strong><\/a>, veamos el m\u00e1rmol Calacatta del cuarto de ba\u00f1o, en tonos beige y caf\u00e9. El arquitecto eligi\u00f3 este m\u00e1rmol porque sus bordes suelen rechazarse por ser muy pronunciados. \u00abEs un tipo de Calacatta que no es noble, pero me gusta porque contrasta. La idea era dar protagonismo a esta piedra y que el resto la reflejara, as\u00ed que trabaj\u00e9 con espejos que duplican y modifican las perspectivas\u00bb. Para las paredes, el arquitecto opt\u00f3 por \u00abcalmar las cosas\u00bb con un hormig\u00f3n encerado lo m\u00e1s ligero posible, dejando solo la parte inferior del cuarto de ba\u00f1o en m\u00e1rmol veteado y mate. La grifer\u00eda cobriza hace eco a los tonos de los lavabos, la ba\u00f1era y el suelo, mientras que un espejo ligeramente ahumado emite reflejos anaranjados, un espejo redondo que contrasta con las l\u00edneas rectas del cuarto de ba\u00f1o y se hace eco del arco de la puerta.<\/p>\n","protected":false},"excerpt":{"rendered":"\u00abEste peque\u00f1o departamento de 61 metros cuadrados en el bulevar Richard Lenoir es m\u00edo. Lo compr\u00e9 hace dos&hellip;\n","protected":false},"author":2,"featured_media":18859,"comment_status":"","ping_status":"","sticky":false,"template":"","format":"standard","meta":{"footnotes":""},"categories":[173],"tags":[229,233,231,230,9258,232,234,146,147,25,24,23],"class_list":{"0":"post-44061","1":"post","2":"type-post","3":"status-publish","4":"format-standard","5":"has-post-thumbnail","7":"category-arte-y-diseno","8":"tag-arte","9":"tag-arte-y-diseno","10":"tag-arts","11":"tag-arts-and-design","12":"tag-casas-pequenas","13":"tag-design","14":"tag-diseno","15":"tag-entertainment","16":"tag-entretenimiento","17":"tag-es","18":"tag-espana","19":"tag-spain"},"share_on_mastodon":{"url":"","error":""},"_links":{"self":[{"href":"https:\/\/www.europesays.com\/es\/wp-json\/wp\/v2\/posts\/44061","targetHints":{"allow":["GET"]}}],"collection":[{"href":"https:\/\/www.europesays.com\/es\/wp-json\/wp\/v2\/posts"}],"about":[{"href":"https:\/\/www.europesays.com\/es\/wp-json\/wp\/v2\/types\/post"}],"author":[{"embeddable":true,"href":"https:\/\/www.europesays.com\/es\/wp-json\/wp\/v2\/users\/2"}],"replies":[{"embeddable":true,"href":"https:\/\/www.europesays.com\/es\/wp-json\/wp\/v2\/comments?post=44061"}],"version-history":[{"count":0,"href":"https:\/\/www.europesays.com\/es\/wp-json\/wp\/v2\/posts\/44061\/revisions"}],"wp:featuredmedia":[{"embeddable":true,"href":"https:\/\/www.europesays.com\/es\/wp-json\/wp\/v2\/media\/18859"}],"wp:attachment":[{"href":"https:\/\/www.europesays.com\/es\/wp-json\/wp\/v2\/media?parent=44061"}],"wp:term":[{"taxonomy":"category","embeddable":true,"href":"https:\/\/www.europesays.com\/es\/wp-json\/wp\/v2\/categories?post=44061"},{"taxonomy":"post_tag","embeddable":true,"href":"https:\/\/www.europesays.com\/es\/wp-json\/wp\/v2\/tags?post=44061"}],"curies":[{"name":"wp","href":"https:\/\/api.w.org\/{rel}","templated":true}]}}