{"id":440676,"date":"2026-03-11T01:41:13","date_gmt":"2026-03-11T01:41:13","guid":{"rendered":"https:\/\/www.europesays.com\/es\/440676\/"},"modified":"2026-03-11T01:41:13","modified_gmt":"2026-03-11T01:41:13","slug":"jack-white-obligado-a-aclarar-sus-palabras-sobre-taylor-swift-jenesaispop-com","status":"publish","type":"post","link":"https:\/\/www.europesays.com\/es\/440676\/","title":{"rendered":"Jack White, obligado a aclarar sus palabras sobre Taylor Swift \u2013 jenesaispop.com"},"content":{"rendered":"<p>Jack White est\u00e1 harto de la cultura del \u00abclickbait\u00bb. As\u00ed lo ha hecho saber en un comunicado, ahora borrado, en el que aclar\u00f3 sus \u00faltimas declaraciones sobre Taylor Swift y su forma de escribir. \u00c9l le cont\u00f3 a <a href=\"https:\/\/www.theguardian.com\/culture\/2026\/mar\/08\/jack-white-white-stripes-lyrics-selected-writing-book-interview\" rel=\"noopener nofollow\" target=\"_blank\">The Guardian<\/a> que le parece \u00abun poco aburrido escribir sobre m\u00ed mismo\u00bb. El p\u00fablico, por supuesto, ha interpretado que estaba llamando aburrida a Swift. <\/p>\n<p>\u00abSe ha vuelto muy popular la forma que tiene Taylor Swift de escribir sobre todo lo que tiene que ver con sus rupturas p\u00fablicas, lo cual no me parece demasiado interesante. Creo que es un poco aburrido para m\u00ed escribir sobre m\u00ed mismo\u00bb, declar\u00f3 White en The Guardian. \u00abSi es algo realmente doloroso, no voy a poner ah\u00ed esta cosa importante y dolorosa por la que pas\u00e9 para que alg\u00fan idiota en Internet lo pisotee\u00bb, concluy\u00f3, explicando que prefiere escribir desde la perspectiva de un personaje.<\/p>\n<p>Por supuesto, sus palabras fueron malinterpretadas. \u00abNo dije que la m\u00fasica de Taylor es aburrida o lo que sea que el clickbait est\u00e9 intentando arrastrar\u00bb, comenz\u00f3 su comunicado. Mientras explicaba que simplemente dio su opini\u00f3n respecto a c\u00f3mo le gustaba escribir a \u00e9l, con \u00abpersonajes imaginarios\u00bb pareci\u00e9ndole m\u00e1s interesantes que la realidad, White dej\u00f3 claro que no era una cr\u00edtica a Swift: \u00abEstoy muy feliz de que haya tenido \u00e9xito con tantos amantes de la m\u00fasica a su propia manera\u00bb. <\/p>\n<p>\u00abSimplemente porque diga que tengo una manera de hacer las cosas no significa que piense que todos tengan que hacerlo igual. Deber\u00edan hacer lo que funcione para ellos\u00bb, se pod\u00eda leer en el comunicado. Jack White acab\u00f3 asegurando que el hecho de que se hayan sacado sus palabras de contexto le ha hecho tener \u00abmenos y menos ganas de hacer entrevistas\u00bb en una \u00e9poca en la que hay una \u00abdemanda masiva por el clickbait y el contenido\u00bb.<\/p>\n<blockquote class=\"twitter-tweet\">\n<p lang=\"es\" dir=\"ltr\">no se muy bien cu\u00e1l es el contexto pero me gust\u00f3 este comunicado de Jack White en su exilio cubano contra la literatura del yo desde la literatura del yo. Est\u00e1 cuenta es org\u00e1nica de Jack White <a href=\"https:\/\/t.co\/S2KpqLt83S\" rel=\"nofollow\">pic.twitter.com\/S2KpqLt83S<\/a><\/p>\n<p>\u2014 \/pol\/ (@PabloAmerico1) <a href=\"https:\/\/twitter.com\/PabloAmerico1\/status\/2031136742032470068?ref_src=twsrc%5Etfw\" rel=\"nofollow noopener\" target=\"_blank\">March 9, 2026<\/a><\/p>\n<\/blockquote>\n<p><script async src=\"https:\/\/platform.twitter.com\/widgets.js\" charset=\"utf-8\"><\/script><\/p>\n","protected":false},"excerpt":{"rendered":"Jack White est\u00e1 harto de la cultura del \u00abclickbait\u00bb. As\u00ed lo ha hecho saber en un comunicado, ahora&hellip;\n","protected":false},"author":2,"featured_media":440677,"comment_status":"","ping_status":"","sticky":false,"template":"","format":"standard","meta":{"footnotes":""},"categories":[170],"tags":[146,147,25,24,26909,184,185,23,3945],"class_list":["post-440676","post","type-post","status-publish","format-standard","has-post-thumbnail","category-musica","tag-entertainment","tag-entretenimiento","tag-es","tag-espana","tag-jack-white","tag-music","tag-musica","tag-spain","tag-taylor-swift"],"share_on_mastodon":{"url":"https:\/\/pubeurope.com\/@es\/116208001672348924","error":""},"_links":{"self":[{"href":"https:\/\/www.europesays.com\/es\/wp-json\/wp\/v2\/posts\/440676","targetHints":{"allow":["GET"]}}],"collection":[{"href":"https:\/\/www.europesays.com\/es\/wp-json\/wp\/v2\/posts"}],"about":[{"href":"https:\/\/www.europesays.com\/es\/wp-json\/wp\/v2\/types\/post"}],"author":[{"embeddable":true,"href":"https:\/\/www.europesays.com\/es\/wp-json\/wp\/v2\/users\/2"}],"replies":[{"embeddable":true,"href":"https:\/\/www.europesays.com\/es\/wp-json\/wp\/v2\/comments?post=440676"}],"version-history":[{"count":0,"href":"https:\/\/www.europesays.com\/es\/wp-json\/wp\/v2\/posts\/440676\/revisions"}],"wp:featuredmedia":[{"embeddable":true,"href":"https:\/\/www.europesays.com\/es\/wp-json\/wp\/v2\/media\/440677"}],"wp:attachment":[{"href":"https:\/\/www.europesays.com\/es\/wp-json\/wp\/v2\/media?parent=440676"}],"wp:term":[{"taxonomy":"category","embeddable":true,"href":"https:\/\/www.europesays.com\/es\/wp-json\/wp\/v2\/categories?post=440676"},{"taxonomy":"post_tag","embeddable":true,"href":"https:\/\/www.europesays.com\/es\/wp-json\/wp\/v2\/tags?post=440676"}],"curies":[{"name":"wp","href":"https:\/\/api.w.org\/{rel}","templated":true}]}}