{"id":441078,"date":"2026-03-11T07:25:11","date_gmt":"2026-03-11T07:25:11","guid":{"rendered":"https:\/\/www.europesays.com\/es\/441078\/"},"modified":"2026-03-11T07:25:11","modified_gmt":"2026-03-11T07:25:11","slug":"supervivientes-2026-marisa-jara-da-la-ultima-hora-sobre-su-estado-de-salud-hay-nuevo-salvado-y-un-bombazo","status":"publish","type":"post","link":"https:\/\/www.europesays.com\/es\/441078\/","title":{"rendered":"&#8216;Supervivientes 2026&#8217;: Marisa Jara da la \u00faltima hora sobre su estado de salud, hay nuevo salvado y un bombazo"},"content":{"rendered":"<p class=\"v-mdl-ath__p v-mdl-ath__p--6\">\nMi\u00e9rcoles, 11 de marzo 2026, 01:59<\/p>\n<p>| Actualizado 02:05h.<\/p>\n<p class=\"v-p\">Nueva gala de &#8216;Supervivientes 2026&#8217; con m\u00faltiples novedades. Ion Aramendi ejerci\u00f3 de maestro de ceremonias en una noche en la que hubo de todo. Desde la actualizaci\u00f3n del estado de salud de Marisa Jara tras su evacuaci\u00f3n y el susto del d\u00eda anterior, hasta un salvado de la expulsi\u00f3n.<\/p>\n<p class=\"v-p\">Marisa Jara, concursante de &#8216;Supervivientes 2026&#8217; ten\u00eda que ser evacuada de urgencia de Playa Derrota debido a los insufribles dolores persistentes que padec\u00eda durante la convivencia. Sus compa\u00f1eros se centraban en ayudarla desde el primer momento que la ve\u00edan lamentarse, sin embargo, el servicio m\u00e9dico tomaba la decisi\u00f3n de trasladarla. Durante la gala de &#8216;Supervivientes. Tierra de Nadie&#8217; Marisa ha desvelado su estado de salud actual y si puede, y quiere continuar en esta experiencia tan salvaje.<\/p>\n<p class=\"v-p\">Despu\u00e9s de vivir este momento tan duro, Ion Aramendi conectaba con ella desde la caba\u00f1a m\u00e9dica donde ha podido ser atendida. En primer lugar, Marisa le desvela c\u00f3mo se encuentra en estos momentos: \u00abEstoy sobrepasada, la verdad. Desde que he venido no he parado de tener un problema detr\u00e1s de otro. Vine con gripe, con placas; el d\u00eda que me tir\u00e9 del helic\u00f3ptero y ayer tuve un dolor de endometriosis brutal que creo que, solo las mujeres que lo sufren saben lo que es y es que cre\u00eda que me mor\u00eda del dolor\u00bb.<\/p>\n<p class=\"v-p\">Sobre los resultados del equipo m\u00e9dico; Ion desvela que ya est\u00e1 todo bien, y no duda pese a esto, conocer por parte de Marisa si peligra su continuidad en el concurso, a lo que ella responde que \u00absi quiero continuar, a pesar de todo quiero continuar\u00bb. Tras esto, la concursante era incapaz de contener las l\u00e1grimas de emoci\u00f3n despu\u00e9s del dolor sufrido.<\/p>\n<p>Nominados definitivos<\/p>\n<p class=\"v-p\">Finalmente, la audiencia decidi\u00f3 que el salvado de la semana fuera Jos\u00e9 Manuel Soto. Por lo tanto, Marisa, Toni y \u00c1lex deber\u00e1n enfrentarse a la primera expulsi\u00f3n del concurso el pr\u00f3ximo jueves.<\/p>\n<p class=\"v-p\">Adem\u00e1s, Dar\u00edo y Borja permanecer\u00e1n en Playa Destino donde ir\u00e1n los expulsados cada semana tras la decisi\u00f3n de Almudena de expulsarlos. \u00danicamente ellos saben que contin\u00faan en el concurso, mientras el resto creer\u00e1 que han regresado a Espa\u00f1a. <\/p>\n<p>Reporta un error<\/p>\n","protected":false},"excerpt":{"rendered":"Mi\u00e9rcoles, 11 de marzo 2026, 01:59 | Actualizado 02:05h. Nueva gala de &#8216;Supervivientes 2026&#8217; con m\u00faltiples novedades. Ion&hellip;\n","protected":false},"author":2,"featured_media":441079,"comment_status":"","ping_status":"","sticky":false,"template":"","format":"standard","meta":{"footnotes":""},"categories":[171],"tags":[3076,5734,146,147,25,24,693,1458,61114,64955,524,166,52526,57,23,3947,214,1885],"class_list":["post-441078","post","type-post","status-publish","format-standard","has-post-thumbnail","category-tv","tag-3076","tag-bombazo","tag-entertainment","tag-entretenimiento","tag-es","tag-espana","tag-estado","tag-hora","tag-jara","tag-marisa","tag-nuevo","tag-salud","tag-salvado","tag-sobre","tag-spain","tag-supervivientes","tag-tv","tag-ultima"],"share_on_mastodon":{"url":"https:\/\/pubeurope.com\/@es\/116209354456048745","error":""},"_links":{"self":[{"href":"https:\/\/www.europesays.com\/es\/wp-json\/wp\/v2\/posts\/441078","targetHints":{"allow":["GET"]}}],"collection":[{"href":"https:\/\/www.europesays.com\/es\/wp-json\/wp\/v2\/posts"}],"about":[{"href":"https:\/\/www.europesays.com\/es\/wp-json\/wp\/v2\/types\/post"}],"author":[{"embeddable":true,"href":"https:\/\/www.europesays.com\/es\/wp-json\/wp\/v2\/users\/2"}],"replies":[{"embeddable":true,"href":"https:\/\/www.europesays.com\/es\/wp-json\/wp\/v2\/comments?post=441078"}],"version-history":[{"count":0,"href":"https:\/\/www.europesays.com\/es\/wp-json\/wp\/v2\/posts\/441078\/revisions"}],"wp:featuredmedia":[{"embeddable":true,"href":"https:\/\/www.europesays.com\/es\/wp-json\/wp\/v2\/media\/441079"}],"wp:attachment":[{"href":"https:\/\/www.europesays.com\/es\/wp-json\/wp\/v2\/media?parent=441078"}],"wp:term":[{"taxonomy":"category","embeddable":true,"href":"https:\/\/www.europesays.com\/es\/wp-json\/wp\/v2\/categories?post=441078"},{"taxonomy":"post_tag","embeddable":true,"href":"https:\/\/www.europesays.com\/es\/wp-json\/wp\/v2\/tags?post=441078"}],"curies":[{"name":"wp","href":"https:\/\/api.w.org\/{rel}","templated":true}]}}