{"id":44127,"date":"2025-08-13T06:39:09","date_gmt":"2025-08-13T06:39:09","guid":{"rendered":"https:\/\/www.europesays.com\/es\/44127\/"},"modified":"2025-08-13T06:39:09","modified_gmt":"2025-08-13T06:39:09","slug":"se-acerca-la-cumbre-de-trump-y-rusia-en-alaska-y-el-escenario-no-es-casual-el-pais-expres","status":"publish","type":"post","link":"https:\/\/www.europesays.com\/es\/44127\/","title":{"rendered":"Se acerca la cumbre de Trump y Rusia en Alaska, y el escenario no es casual | El PA\u00cdS Expr\u00e9s"},"content":{"rendered":"<p><img fetchpriority=\"high\" alt=\"putin trump\" decoding=\"auto\" class=\"_re  a_m-h\" height=\"414\"  width=\"414\"  src=\"https:\/\/www.europesays.com\/es\/wp-content\/uploads\/2025\/08\/Z3S5AZD2NFB3VOSWRUJH6CKGVE.png\" loading=\"eager\"\/>Foto: Evan Vucci (AP)<\/p>\n<p>Guerra de Rusia en Ucrania<\/p>\n<p class=\"\">Se acerca la reuni\u00f3n entre el presidente de EE UU, Donald Trump, y su hom\u00f3logo ruso, Vlad\u00edmir Putin, para discutir del fin de la guerra en Ucrania. Los dos mandatarios se ver\u00e1n las caras este viernes en territorio estadounidense. <\/p>\n<p class=\"\"><b>La cumbre ser\u00e1 en Alaska, y la elecci\u00f3n de este escenario no es casual\u2026 <\/b>Rusia vendi\u00f3 la pen\u00ednsula a Estados Unidos en 1867 por 7,2 millones de rublos de oro. Es una cifra irrisoria si se considera la riqueza que el oro y el petr\u00f3leo generaron en las d\u00e9cadas siguientes. <\/p>\n<ul>\n<li>Ser\u00e1 la primera vez que un presidente ruso pise Alaska desde que fue vendida.<\/li>\n<li>Y, aunque recuperarla no es una prerrogativa de Putin, en sectores ultranacionalistas no faltan lamentos por haberla perdido.<\/li>\n<\/ul>\n<p class=\"\"><b>Mientras, Volod\u00edmir Zelenski, pide cautelas.<\/b> El presidente de Ucrania advirti\u00f3 este martes de que Rusia no se dispone a poner fin a la guerra, sino que estar\u00eda preparando una nueva ofensiva. <\/p>\n<ul>\n<li>El ucranio se reunir\u00e1 este mi\u00e9rcoles con los l\u00edderes europeos. Juntos hablar\u00e1n por tel\u00e9fono con Trump para intentar convencerle de no excluir Ucrania y la UE de los negociados de paz.<\/li>\n<\/ul>\n<p class=\"\">\u00a9Foto: Evan Vucci (AP)<\/p>\n<p class=\"\"><a href=\"https:\/\/elpais.com\/internacional\/2025-08-13\/alaska-escenario-ideal-para-la-ambicion-rusa-de-recuperar-una-relacion-privilegiada-con-ee-uu.html\" target=\"_self\" rel=\"nofollow noopener\" title=\"https:\/\/elpais.com\/internacional\/2025-08-13\/alaska-escenario-ideal-para-la-ambicion-rusa-de-recuperar-una-relacion-privilegiada-con-ee-uu.html\">Si quieres saber m\u00e1s, puedes leer aqu\u00ed.<\/a><\/p>\n","protected":false},"excerpt":{"rendered":"Foto: Evan Vucci (AP) Guerra de Rusia en Ucrania Se acerca la reuni\u00f3n entre el presidente de EE&hellip;\n","protected":false},"author":2,"featured_media":44128,"comment_status":"","ping_status":"","sticky":false,"template":"","format":"standard","meta":{"footnotes":""},"categories":[42],"tags":[9017,17,18,352,629,13,14,69,7082,11,61,62,63,64,19,20,9,10,15,16,1614,12,7081,21,22,7083,14181,65,66,67],"class_list":{"0":"post-44127","1":"post","2":"type-post","3":"status-publish","4":"format-standard","5":"has-post-thumbnail","7":"category-internacional","8":"tag-alaska","9":"tag-breaking-news","10":"tag-breakingnews","11":"tag-donald-trump","12":"tag-estados-unidos","13":"tag-featured-news","14":"tag-featurednews","15":"tag-guerra","16":"tag-guerra-de-rusia-en-ucrania","17":"tag-headlines","18":"tag-internacional","19":"tag-international","20":"tag-international-news","21":"tag-internationalnews","22":"tag-latest-news","23":"tag-latestnews","24":"tag-news","25":"tag-noticias","26":"tag-noticias-destacadas","27":"tag-noticiasdestacadas","28":"tag-rusia","29":"tag-titulares","30":"tag-ucrania","31":"tag-ultimas-noticias","32":"tag-ultimasnoticias","33":"tag-vladimir-putin","34":"tag-volodimir-zelenski","35":"tag-world","36":"tag-world-news","37":"tag-worldnews"},"share_on_mastodon":{"url":"","error":""},"_links":{"self":[{"href":"https:\/\/www.europesays.com\/es\/wp-json\/wp\/v2\/posts\/44127","targetHints":{"allow":["GET"]}}],"collection":[{"href":"https:\/\/www.europesays.com\/es\/wp-json\/wp\/v2\/posts"}],"about":[{"href":"https:\/\/www.europesays.com\/es\/wp-json\/wp\/v2\/types\/post"}],"author":[{"embeddable":true,"href":"https:\/\/www.europesays.com\/es\/wp-json\/wp\/v2\/users\/2"}],"replies":[{"embeddable":true,"href":"https:\/\/www.europesays.com\/es\/wp-json\/wp\/v2\/comments?post=44127"}],"version-history":[{"count":0,"href":"https:\/\/www.europesays.com\/es\/wp-json\/wp\/v2\/posts\/44127\/revisions"}],"wp:featuredmedia":[{"embeddable":true,"href":"https:\/\/www.europesays.com\/es\/wp-json\/wp\/v2\/media\/44128"}],"wp:attachment":[{"href":"https:\/\/www.europesays.com\/es\/wp-json\/wp\/v2\/media?parent=44127"}],"wp:term":[{"taxonomy":"category","embeddable":true,"href":"https:\/\/www.europesays.com\/es\/wp-json\/wp\/v2\/categories?post=44127"},{"taxonomy":"post_tag","embeddable":true,"href":"https:\/\/www.europesays.com\/es\/wp-json\/wp\/v2\/tags?post=44127"}],"curies":[{"name":"wp","href":"https:\/\/api.w.org\/{rel}","templated":true}]}}