{"id":441352,"date":"2026-03-11T10:49:10","date_gmt":"2026-03-11T10:49:10","guid":{"rendered":"https:\/\/www.europesays.com\/es\/441352\/"},"modified":"2026-03-11T10:49:10","modified_gmt":"2026-03-11T10:49:10","slug":"portada-de-hola-lecturas-semana-y-diez-minutos-del-miercoles-11-de-marzo","status":"publish","type":"post","link":"https:\/\/www.europesays.com\/es\/441352\/","title":{"rendered":"portada de \u00a1Hola!, Lecturas, Semana y Diez Minutos del mi\u00e9rcoles 11 de marzo"},"content":{"rendered":"<p style=\"\">El romance entre Mbapp\u00e9 y Ester Exp\u00f3sito, la inauguraci\u00f3n del nuevo club privado de \u00cd\u00f1igo Onieva o el reciente encuentro de la infanta Cristina e I\u00f1aki Urdangarin, entre los principales contenidos de las revistas del coraz\u00f3n. Estas son las portadas de hoy, mi\u00e9rcoles 11 de  &#8230; marzo de 2026, de \u00a1Hola!, Diez Minutos, Semana y Lecturas:<\/p>\n<p>\nLa fiesta de inauguraci\u00f3n del nuevo club privado de \u00cd\u00f1igo Onieva en \u00a1Hola!\n<\/p>\n<p class=\"v-d-p\" style=\"\">La revista \u00a1Hola! publica este mi\u00e9rcoles las im\u00e1genes de <strong>Tamara Falc\u00f3 e \u00cd\u00f1igo Onieva<\/strong> en la inauguraci\u00f3n de <strong>Vega Members Club<\/strong>, el <a href=\"https:\/\/www.abc.es\/gente\/vega-20260305041316-nt.html\" title=\"www.abc.es\" data-voc-vtm-id=\"in-text-traffic\" data-mrf-link=\"www.abc.es\" rel=\"nofollow noopener\" target=\"_blank\">nuevo club privado<\/a> que acaba de abrir en Madrid, del que el empresario es fundador junto con otros socios, entre los que se encuentran Cristiano Ronaldo y Manuel Campos Guallar. Entre los asistentes a esta fiesta de apertura, rostros tan famosos como Juan del Val, Alonso Aznar y Renata Collado, Enrique Sol\u00eds, Kike Sarasola, Gonzalo de la Cierva y Patricia Olmedilla o la propia Isabel Preysler, que acudi\u00f3 a apoyar a su yerno.<\/p>\n<p class=\"v-d-p\" style=\"\">La publicaci\u00f3n tambi\u00e9n recoge nuevas im\u00e1genes exclusivas de Ester Exp\u00f3sito y Kylian Mbapp\u00e9 despu\u00e9s de que se haya destapado su romance. Adem\u00e1s, publican tambi\u00e9n una entrevista con Lauren S\u00e1nchez Bezos, la mujer del magnate de Amazon y Blue Origin, en la que se sincera sobre su nuevo proyecto, y nos dan a conocer m\u00e1s detalles sobre la nueva generaci\u00f3n de mujeres en la Casa de Alba, m\u00e1s unidas que nunca en el homenaje a la Duquesa.<\/p>\n<p>\nLas fotos que confirman el romance de Mbapp\u00e9 y Ester Exp\u00f3sito en Semana\n<\/p>\n<p class=\"v-d-p\" style=\"\">La revista Semana lleva en su portada im\u00e1genes exclusivas que confirmar\u00edan el <strong>romance entre Mbapp\u00e9 y Ester Exp\u00f3sito<\/strong> tras los rumores que han circulado despu\u00e9s de que fueran vistos en Par\u00eds este pasado fin de semana. En esta publicaci\u00f3n, nos desentra\u00f1an la escapada de la pareja a la llamada &#8216;ciudad del amor&#8217;, con reveladoras fotograf\u00edas que \u00abdemuestran que existe algo m\u00e1s que una amistad entre ellos\u00bb.<\/p>\n<p class=\"v-d-p\" style=\"\">Adem\u00e1s, el nuevo n\u00famero de la revista tambi\u00e9n cuenta en exclusiva con una entrevista de la que fuera pareja de Bernardo Pantoja, Junco, casi tres a\u00f1os despu\u00e9s del fallecimiento del padre de Anabel y hermano de Isabel Pantoja. En ella, la japonesa desvela las amenazas de la tonadillera para que abandonara el domicilio familiar tras su muerte y asegura que Bernardo \u00abten\u00eda miedo a su familia\u00bb.<\/p>\n<p>\nEntrevista a Jacob Petrus, presentador de &#8216;Aqu\u00ed la tierra&#8217;, en Lecturas\n<\/p>\n<p class=\"v-d-p\" style=\"\">Este mi\u00e9rcoles, Lecturas nos da a conocer en sus p\u00e1ginas un poco m\u00e1s sobre el lado personal de Jacob Petrus, el presentador estrella de &#8216;Aqu\u00ed la tierra&#8217; en La 1, que ha conseguido ganarse el cari\u00f1o del p\u00fablico durante casi una d\u00e9cada al frente del espacio. As\u00ed, descubriremos m\u00e1s sobre su infancia, su pasi\u00f3n por el medioambiente y los secretos del \u00e9xito de su programa en la cadena p\u00fablica en esta entrevista en exclusiva con la revista.<\/p>\n<p class=\"v-d-p\" style=\"\">Al igual que en otras portadas, Lecturas tambi\u00e9n recoge en sus p\u00e1ginas la historia detr\u00e1s de la \u00abnueva pareja sorpresa\u00bb, Ester Exp\u00f3sito y Mbapp\u00e9, tras ser descubiertos en la capital francesa. Tambi\u00e9n el adi\u00f3s de Sonsoles \u00d3nega a su padre, Fernando, fallecido la pasada semana, y las dur\u00edsimas declaraciones de la veterana actriz Lola Herrera sobre su vida sentimental en &#8216;Lo de \u00c9vole&#8217;.<\/p>\n<p>\nLa infanta Cristina coincide con I\u00f1aki Urdangarin y Ainhoa Armentia, en Diez Minutos\n<\/p>\n<p class=\"v-d-p\" style=\"\">Diez Minutos desvela en exclusiva en su portada la primera coincidencia p\u00fablica de la infanta Cristina con su exmarido, I\u00f1aki Urdangarin, y su ahora pareja, Ainhoa Armentia. En su interior, encontraremos las fotos que demuestran que la hermana de Felipe VI y el exjugador de balonmano se encontraron el pasado 8 de marzo en Barcelona durante el partido que enfrentaba al Granollers, el equipo de su hijo Pablo Urdangarin, frente al Bar\u00e7a el Bar\u00e7a.<\/p>\n<p class=\"v-d-p\" style=\"\">En Diez Minutos tambi\u00e9n recogen en sus p\u00e1ginas la nueva cita de Tamara Gorro y Cayetano Rivera, que ya no esconden su amor en las calles de Madrid, y el apoyo de Tamara Falc\u00f3 e Isabel Preysler a \u00cd\u00f1igo Onieva en su nueva aventura laboral.<\/p>\n","protected":false},"excerpt":{"rendered":"El romance entre Mbapp\u00e9 y Ester Exp\u00f3sito, la inauguraci\u00f3n del nuevo club privado de \u00cd\u00f1igo Onieva o el&hellip;\n","protected":false},"author":2,"featured_media":441353,"comment_status":"","ping_status":"","sticky":false,"template":"","format":"standard","meta":{"footnotes":""},"categories":[174],"tags":[3900,255,4835,1630,146,147,25,24,256,315,5561,15094,295,1264,338,11076,773,23],"class_list":["post-441352","post","type-post","status-publish","format-standard","has-post-thumbnail","category-famosos","tag-hola","tag-celebrities","tag-corazon","tag-diez","tag-entertainment","tag-entretenimiento","tag-es","tag-espana","tag-famosos","tag-hoy","tag-lecturas","tag-marzo","tag-miercoles","tag-minutos","tag-portada","tag-revistas","tag-semana","tag-spain"],"share_on_mastodon":{"url":"https:\/\/pubeurope.com\/@es\/116210156662895212","error":""},"_links":{"self":[{"href":"https:\/\/www.europesays.com\/es\/wp-json\/wp\/v2\/posts\/441352","targetHints":{"allow":["GET"]}}],"collection":[{"href":"https:\/\/www.europesays.com\/es\/wp-json\/wp\/v2\/posts"}],"about":[{"href":"https:\/\/www.europesays.com\/es\/wp-json\/wp\/v2\/types\/post"}],"author":[{"embeddable":true,"href":"https:\/\/www.europesays.com\/es\/wp-json\/wp\/v2\/users\/2"}],"replies":[{"embeddable":true,"href":"https:\/\/www.europesays.com\/es\/wp-json\/wp\/v2\/comments?post=441352"}],"version-history":[{"count":0,"href":"https:\/\/www.europesays.com\/es\/wp-json\/wp\/v2\/posts\/441352\/revisions"}],"wp:featuredmedia":[{"embeddable":true,"href":"https:\/\/www.europesays.com\/es\/wp-json\/wp\/v2\/media\/441353"}],"wp:attachment":[{"href":"https:\/\/www.europesays.com\/es\/wp-json\/wp\/v2\/media?parent=441352"}],"wp:term":[{"taxonomy":"category","embeddable":true,"href":"https:\/\/www.europesays.com\/es\/wp-json\/wp\/v2\/categories?post=441352"},{"taxonomy":"post_tag","embeddable":true,"href":"https:\/\/www.europesays.com\/es\/wp-json\/wp\/v2\/tags?post=441352"}],"curies":[{"name":"wp","href":"https:\/\/api.w.org\/{rel}","templated":true}]}}