{"id":441982,"date":"2026-03-11T19:03:09","date_gmt":"2026-03-11T19:03:09","guid":{"rendered":"https:\/\/www.europesays.com\/es\/441982\/"},"modified":"2026-03-11T19:03:09","modified_gmt":"2026-03-11T19:03:09","slug":"los-paises-de-la-aie-liberan-400-millones-de-barriles-de-petroleo-de-sus-reservas-estrategicas","status":"publish","type":"post","link":"https:\/\/www.europesays.com\/es\/441982\/","title":{"rendered":"Los pa\u00edses de la AIE liberan 400 millones de barriles de petr\u00f3leo de sus reservas estrat\u00e9gicas"},"content":{"rendered":"<p>    <img src=\"https:\/\/www.europesays.com\/es\/wp-content\/uploads\/2026\/03\/1773255789_49_2026-03-11T153A083A45Z-91081321.jpg\" width=\"1024\" height=\"682\" alt=\"\" loading=\"eager\" decoding=\"sync\" fetchpriority=\"high\"\/><\/p>\n<p>            afp_tickers        <\/p>\n<p>        Este contenido fue publicado en    <\/p>\n<p>        11 marzo 2026 &#8211; 18:55\n<\/p>\n<p>Los 32 pa\u00edses miembros de la Agencia Internacional de la Energ\u00eda (AIE) decidieron el mi\u00e9rcoles \u00abpor unanimidad\u00bb liberar en el mercado 400 millones de barriles de petr\u00f3leo procedentes de sus reservas estrat\u00e9gicas, el mayor desbloqueo de su historia, anunci\u00f3 la instituci\u00f3n.<\/p>\n<p>\u00abLos pa\u00edses de la AIE pondr\u00e1n 400 millones de barriles de petr\u00f3leo (\u2026) a disposici\u00f3n del mercado para compensar la p\u00e9rdida de suministro por el cierre efectivo del estrecho de Ormuz\u00bb, anunci\u00f3 el director ejecutivo de la agencia, Fatih Birol, en una declaraci\u00f3n en v\u00eddeo el mi\u00e9rcoles.<\/p>\n<p>\u00abLos pa\u00edses de la AIE han decidido por unanimidad lanzar la mayor liberaci\u00f3n de reservas de petr\u00f3leo de emergencia de la historia de nuestra agencia\u00bb, que forma parte de la Organizaci\u00f3n para la Cooperaci\u00f3n y el Desarrollo Econ\u00f3micos (OCDE), a\u00f1adi\u00f3 Birol.<\/p>\n<p>\u00abSe trata de una acci\u00f3n de gran envergadura que tiene como objetivo mitigar los efectos inmediatos de la perturbaci\u00f3n de los mercados. Pero, para que quede claro, lo m\u00e1s importante para el retorno a unos flujos estables de petr\u00f3leo y gas es la reanudaci\u00f3n del tr\u00e1nsito por el estrecho de Ormuz\u00bb, afirm\u00f3.<\/p>\n<p>Seg\u00fan Birol, las reservas de emergencia se pondr\u00e1n a disposici\u00f3n del mercado seg\u00fan un calendario adaptado a la situaci\u00f3n nacional de cada pa\u00eds miembro y se complementar\u00e1n con medidas de emergencia adicionales en algunos pa\u00edses.<\/p>\n<p>La guerra en Oriente Medio, que comenz\u00f3 el 28 de febrero, est\u00e1 perturbando el comercio de petr\u00f3leo a trav\u00e9s del estrecho de Ormuz, un punto de paso crucial por el que transitan cada d\u00eda 15 millones de barriles de petr\u00f3leo y otros 5 millones de barriles diarios de productos petrol\u00edferos, lo que representa aproximadamente el 25 % del transporte mundial de petr\u00f3leo por v\u00eda mar\u00edtima.<\/p>\n<p>Los miembros de la AIE poseen m\u00e1s de 1.200 millones de barriles en sus reservas de emergencia, a los que se suman 600 millones de barriles de reservas en manos de la industria en virtud de obligaciones gubernamentales.<\/p>\n<p>El anuncio llega mientras los l\u00edderes del G7, el grupo que re\u00fane a las econom\u00edas m\u00e1s avanzadas del mundo, estudia las repercusiones econ\u00f3micas de la guerra entre Estados Unidos e Israel con Ir\u00e1n, que entr\u00f3 en su segunda semana.<\/p>\n<p>Los dirigentes del G7 tienen previsto reunirse por videoconferencia este mi\u00e9rcoles para \u00abtratar seguramente\u00bb el tema de las reservas energ\u00e9ticas, seg\u00fan el ministro franc\u00e9s de Econom\u00eda, Roland Lescure.\u00a0<\/p>\n<p>Este mismo mi\u00e9rcoles Jap\u00f3n -cuyas reservas estrat\u00e9gicas de petr\u00f3leo se encuentran entre las mayores del mundo- y Alemania afirmaron que tambi\u00e9n recurrir\u00edan a sus reservas de crudo.<\/p>\n<p>La liberaci\u00f3n coordinada de reservas de la AIE es la sexta en la historia de la instituci\u00f3n, creada en 1974.<\/p>\n<p>En 1991, en v\u00edsperas de la guerra del Golfo, ya se llevaron a cabo acciones colectivas similares as\u00ed como en 2005, tras los huracanes Katrina y Rita, en 2011, con motivo de la guerra civil libia, y en dos ocasiones tras la invasi\u00f3n de Ucrania por parte de Rusia en 2022.<\/p>\n<p>ngu-nal\/ved\/pc\/ahg<\/p>\n","protected":false},"excerpt":{"rendered":"afp_tickers Este contenido fue publicado en 11 marzo 2026 &#8211; 18:55 Los 32 pa\u00edses miembros de la Agencia&hellip;\n","protected":false},"author":2,"featured_media":441983,"comment_status":"","ping_status":"","sticky":false,"template":"","format":"standard","meta":{"footnotes":""},"categories":[42],"tags":[17,18,82,9396,58157,84,14686,13,14,11,61,62,63,64,19,20,87,9,10,15,16,14690,90,12,21,22,65,66,67],"class_list":["post-441982","post","type-post","status-publish","format-standard","has-post-thumbnail","category-internacional","tag-breaking-news","tag-breakingnews","tag-business","tag-company-information","tag-consumers","tag-economy-general","tag-energy-and-resource","tag-featured-news","tag-featurednews","tag-headlines","tag-internacional","tag-international","tag-international-news","tag-internationalnews","tag-latest-news","tag-latestnews","tag-macro-economics","tag-news","tag-noticias","tag-noticias-destacadas","tag-noticiasdestacadas","tag-oil-and-gas-upstream-activities","tag-ticker","tag-titulares","tag-ultimas-noticias","tag-ultimasnoticias","tag-world","tag-world-news","tag-worldnews"],"share_on_mastodon":{"url":"","error":""},"_links":{"self":[{"href":"https:\/\/www.europesays.com\/es\/wp-json\/wp\/v2\/posts\/441982","targetHints":{"allow":["GET"]}}],"collection":[{"href":"https:\/\/www.europesays.com\/es\/wp-json\/wp\/v2\/posts"}],"about":[{"href":"https:\/\/www.europesays.com\/es\/wp-json\/wp\/v2\/types\/post"}],"author":[{"embeddable":true,"href":"https:\/\/www.europesays.com\/es\/wp-json\/wp\/v2\/users\/2"}],"replies":[{"embeddable":true,"href":"https:\/\/www.europesays.com\/es\/wp-json\/wp\/v2\/comments?post=441982"}],"version-history":[{"count":0,"href":"https:\/\/www.europesays.com\/es\/wp-json\/wp\/v2\/posts\/441982\/revisions"}],"wp:featuredmedia":[{"embeddable":true,"href":"https:\/\/www.europesays.com\/es\/wp-json\/wp\/v2\/media\/441983"}],"wp:attachment":[{"href":"https:\/\/www.europesays.com\/es\/wp-json\/wp\/v2\/media?parent=441982"}],"wp:term":[{"taxonomy":"category","embeddable":true,"href":"https:\/\/www.europesays.com\/es\/wp-json\/wp\/v2\/categories?post=441982"},{"taxonomy":"post_tag","embeddable":true,"href":"https:\/\/www.europesays.com\/es\/wp-json\/wp\/v2\/tags?post=441982"}],"curies":[{"name":"wp","href":"https:\/\/api.w.org\/{rel}","templated":true}]}}