{"id":442092,"date":"2026-03-11T20:48:12","date_gmt":"2026-03-11T20:48:12","guid":{"rendered":"https:\/\/www.europesays.com\/es\/442092\/"},"modified":"2026-03-11T20:48:12","modified_gmt":"2026-03-11T20:48:12","slug":"informacion-sobre-la-nominalidad-de-las-entradas","status":"publish","type":"post","link":"https:\/\/www.europesays.com\/es\/442092\/","title":{"rendered":"Informaci\u00f3n sobre la nominalidad de las entradas"},"content":{"rendered":"<p>La Real Sociedad quiere trasladar a sus socios\/as informaci\u00f3n de inter\u00e9s y utilidad sobre la nominalidad de las entradas para la final de la Copa del Rey del pr\u00f3ximo 18 de abril en La Cartuja, Sevilla. Tras la reuni\u00f3n operativa mantenida con la RFEF, la Real Sociedad informa a sus socios\/as que las entradas para la final de la Copa del Rey ser\u00e1n nominativas. Esto significa que el nombre, apellidos y DNI que figuren en la entrada deber\u00e1n coincidir con la identidad de la persona que acceda con ella al estadio.\u00a0<\/p>\n<p>La elecci\u00f3n de la ubicaci\u00f3n concreta de la localidad y el pago de la entrada deber\u00e1n realizarse a trav\u00e9s de un portal de venta espec\u00edfico de la RFEF. Para cumplimentar este proceso de compra ser\u00e1 preciso utilizar un c\u00f3digo de acceso al portal de la RFEF que la Real Sociedad facilitar\u00e1 mediante correo electr\u00f3nico a cada socio\/a adjudicatario de una entrada.\u00a0<\/p>\n<p>A la hora de completar el pago correspondiente de su entrada, cada Socio\/a podr\u00e1 introducir los datos identificativos (nombre, apellidos y DNI) de la persona que vaya a utilizar la entrada. Por tanto, ser\u00e1 obligatorio que el nombre que figure en la entrada digital coincida con la identidad del portador en el acceso al estadio. Una vez realizado el pago de la entrada a trav\u00e9s del portal de venta de la RFEF, no se admitir\u00e1n devoluciones.<\/p>\n","protected":false},"excerpt":{"rendered":"La Real Sociedad quiere trasladar a sus socios\/as informaci\u00f3n de inter\u00e9s y utilidad sobre la nominalidad de las&hellip;\n","protected":false},"author":2,"featured_media":442093,"comment_status":"","ping_status":"","sticky":false,"template":"","format":"standard","meta":{"footnotes":""},"categories":[268],"tags":[1517,210,290,2493,168,5089,4401,25,24,1058,280,282,494,1044,6598,25488,25166,798,281,492,23,167],"class_list":["post-442092","post","type-post","status-publish","format-standard","has-post-thumbnail","category-futbol","tag-atletico","tag-barcelona","tag-celta","tag-copa","tag-deportes","tag-entrada","tag-entradas","tag-es","tag-espana","tag-final","tag-football","tag-futbol","tag-granada","tag-liga","tag-localidad","tag-montjuic","tag-nuevos-carmenes","tag-real","tag-soccer","tag-sociedad","tag-spain","tag-sports"],"share_on_mastodon":{"url":"https:\/\/pubeurope.com\/@es\/116212511827278125","error":""},"_links":{"self":[{"href":"https:\/\/www.europesays.com\/es\/wp-json\/wp\/v2\/posts\/442092","targetHints":{"allow":["GET"]}}],"collection":[{"href":"https:\/\/www.europesays.com\/es\/wp-json\/wp\/v2\/posts"}],"about":[{"href":"https:\/\/www.europesays.com\/es\/wp-json\/wp\/v2\/types\/post"}],"author":[{"embeddable":true,"href":"https:\/\/www.europesays.com\/es\/wp-json\/wp\/v2\/users\/2"}],"replies":[{"embeddable":true,"href":"https:\/\/www.europesays.com\/es\/wp-json\/wp\/v2\/comments?post=442092"}],"version-history":[{"count":0,"href":"https:\/\/www.europesays.com\/es\/wp-json\/wp\/v2\/posts\/442092\/revisions"}],"wp:featuredmedia":[{"embeddable":true,"href":"https:\/\/www.europesays.com\/es\/wp-json\/wp\/v2\/media\/442093"}],"wp:attachment":[{"href":"https:\/\/www.europesays.com\/es\/wp-json\/wp\/v2\/media?parent=442092"}],"wp:term":[{"taxonomy":"category","embeddable":true,"href":"https:\/\/www.europesays.com\/es\/wp-json\/wp\/v2\/categories?post=442092"},{"taxonomy":"post_tag","embeddable":true,"href":"https:\/\/www.europesays.com\/es\/wp-json\/wp\/v2\/tags?post=442092"}],"curies":[{"name":"wp","href":"https:\/\/api.w.org\/{rel}","templated":true}]}}