{"id":442103,"date":"2026-03-11T20:57:19","date_gmt":"2026-03-11T20:57:19","guid":{"rendered":"https:\/\/www.europesays.com\/es\/442103\/"},"modified":"2026-03-11T20:57:19","modified_gmt":"2026-03-11T20:57:19","slug":"conan-obrien-despliega-la-alfombra-roja-casi-marron-de-los-oscar-de-2026-estoy-usando-lo-que-la-gente-ve-en-las-noticias-para-que-sigan-los-oscar-premios-oscar-cine","status":"publish","type":"post","link":"https:\/\/www.europesays.com\/es\/442103\/","title":{"rendered":"Conan O\u2019Brien despliega la alfombra roja (casi marr\u00f3n) de los Oscar de 2026: \u201cEstoy usando lo que la gente ve en las noticias para que sigan los Oscar\u201d | Premios Oscar | Cine"},"content":{"rendered":"<p class=\"\">Un a\u00f1o m\u00e1s, y ya van 98, Hollywood se engalana para los premios Oscar. El evento cinematogr\u00e1fico m\u00e1s poderoso del planeta toma la ciudad de Los \u00c1ngeles no solo el domingo (madrugada del 14 al 15 de marzo en Espa\u00f1a) en el que se celebra, sino durante d\u00edas e incluso semanas antes, con actividades paralelas, cortes de tr\u00e1fico y el inevitable caos metropolitano. Y este mi\u00e9rcoles da su pistoletazo de salida, con uno de los momentos m\u00e1s simb\u00f3licos: el despliegue de la alfombra roja por parte del presentador de la gala, <a href=\"https:\/\/elpais.com\/cultura\/2025-03-17\/los-oscar-de-2026-ya-tienen-fecha-y-presentador-el-15-de-marzo-y-repetira-conan-obrien.html\" target=\"_blank\" rel=\"noreferrer nofollow noopener\" title=\"https:\/\/elpais.com\/cultura\/2025-03-17\/los-oscar-de-2026-ya-tienen-fecha-y-presentador-el-15-de-marzo-y-repetira-conan-obrien.html\">el actor y c\u00f3mico Conan O\u2019Brien.<\/a><\/p>\n<p class=\"\">En una tonalidad algo m\u00e1s oscura que la de los pasados a\u00f1os, casi amarronada, el conductor de la gala ha hecho correr dos rollos de la alfombra roja que cubrir\u00e1n la entrada del Teatro Dolby. El tapete, que pisar\u00e1n lo m\u00e1s de 2.000 invitados a la gala del domingo, se extiende casi 250 metros, <a href=\"https:\/\/elpais.com\/us\/entretenimiento\/2024-05-23\/ana-martinez-la-latina-que-manda-sobre-las-estrellas-del-paseo-de-la-fama-de-hollywood.html\" target=\"_self\" rel=\"nofollow noopener\" title=\"https:\/\/elpais.com\/us\/entretenimiento\/2024-05-23\/ana-martinez-la-latina-que-manda-sobre-las-estrellas-del-paseo-de-la-fama-de-hollywood.html\">a lo largo de Hollywood Boulevard, en el coraz\u00f3n del Paseo de la Fama<\/a>, cortado para la ocasi\u00f3n durante toda la semana. <\/p>\n<p>M\u00e1s informaci\u00f3n<\/p>\n<p class=\"\">O\u2019Brien ha estado acompa\u00f1ado por tres operarios, Ignacio, Anthony y Eddie \u2014trabajan en el montaje varios cientos de persona, pero en concreto en colocar la alfombra alrededor de una docena\u2014, que le han ayudado a ir soltando el pesado rollo. Despu\u00e9s ha repetido la jugada, porque la entrada al evento es tan ancha (ocupa toda una calle) que en realidad la alfombra est\u00e1 dividida en dos trozos que despu\u00e9s se unen de manera casi invisible. Al acabar, como ya <a href=\"https:\/\/elpais.com\/cultura\/2024-11-15\/conan-obrien-presentara-por-primera-vez-los-premios-oscar-en-2025.html\" target=\"_self\" rel=\"nofollow noopener\" title=\"https:\/\/elpais.com\/cultura\/2024-11-15\/conan-obrien-presentara-por-primera-vez-los-premios-oscar-en-2025.html\">hizo el a\u00f1o pasado, cuando se estren\u00f3 en los premios<\/a>, se ha tumbado en el trozo de rollo restante para posar ante los fot\u00f3grafos.<\/p>\n<p><img alt=\"\" decoding=\"auto\" class=\"_re lazyload a_m-v\" height=\"736\" width=\"414\"  src=\"https:\/\/www.europesays.com\/es\/wp-content\/uploads\/2026\/03\/ZJFHBKYN6BCZJNT7G62PFFNYEA.jpg\" loading=\"lazy\"\/><\/p>\n<p>01:21<\/p>\n<p>Despliegue de la alfombra roja para los Oscar<\/p>\n<p>Conan O&#8217;Brien despliega la alfombra roja de los 98\u00ba Oscar.Foto: Michael Buckner\/Variety (Getty Images) | V\u00eddeo: Mar\u00eda Porcel<\/p>\n<p class=\"\">Adem\u00e1s, O\u2019Brien ha estado particularmente hablador y divertido. Ha bromeado afirmando estar tranquilo, \u201cquiz\u00e1 demasiado\u201d, porque estaba \u201ctomando los mismos tranquilizantes que les dan a los caballos\u201d. Tambi\u00e9n ha asegurado que va a ser \u201cm\u00e1s ambicioso que el a\u00f1o pasado\u201d y que tiene varias sorpresas preparadas. No ha querido desvelar muchos detalles de la gala, pero ha sido preguntado acerca de si hablar\u00e1 acerca de la guerra entre Estados Unidos e Ir\u00e1n. Su respuesta ha sido invitar a los espectadores a que la vean. \u201cQue conecten y lo vean. Estoy usando lo que la gente ve en las noticias para que sigan los Oscar. Y ese es un punto todav\u00eda m\u00e1s bajo\u201d, re\u00eda, haciendo ver que el espectador conectar\u00e1 con la gala para saber si hay cr\u00edticas hacia la situaci\u00f3n pol\u00edtica.<\/p>\n<p><img alt=\"\" decoding=\"auto\" class=\"_re lazyload a_m-h\" height=\"276\"  width=\"414\"  src=\"https:\/\/www.europesays.com\/es\/wp-content\/uploads\/2026\/03\/J6ESMHHZHVNLZMDW2VU7B5ZEAM.jpg\" loading=\"lazy\"\/>Conan O&#8217;Brien, rodeado de periodistas y c\u00e1maras, desenrolla la alfombra roja de los 98\u00ba premios Oscar.Carlos Barria (Reuters)<\/p>\n<p class=\"\">Vestido con un mono vaquero, a modo de operario o t\u00e9cnico, ha asegurado que le encantaba la prenda, que era \u201cmuy c\u00f3moda y \u00fatil\u201d, y que estaba pensando en pon\u00e9rsela el domingo. El de Massachussets, de 62 a\u00f1os, no ha querido dar sus favoritas para la noche en la que se celebran las mejores pel\u00edculas de la temporada; ha afirmado que no ser\u00eda correcto por su parte. Pero no ha podido dejar de apuntar a <a href=\"https:\/\/elpais.com\/smoda\/famosos\/2026-01-19\/justicia-para-rose-byrne-como-la-actriz-mas-discreta-es-la-estrella-inesperada-de-la-carrera-hacia-el-oscar.html\" target=\"_self\" rel=\"nofollow noopener\" title=\"https:\/\/elpais.com\/smoda\/famosos\/2026-01-19\/justicia-para-rose-byrne-como-la-actriz-mas-discreta-es-la-estrella-inesperada-de-la-carrera-hacia-el-oscar.html\">alguien en concreto: la actriz Rose Byrne<\/a>, candidata por la pel\u00edcula independiente <a href=\"https:\/\/elpais.com\/cultura\/cine\/2026-01-16\/si-pudiera-te-daria-una-patada-primer-plano-del-viaje-al-abismo-de-rose-byrne.html\" target=\"_self\" rel=\"nofollow noopener\" title=\"https:\/\/elpais.com\/cultura\/cine\/2026-01-16\/si-pudiera-te-daria-una-patada-primer-plano-del-viaje-al-abismo-de-rose-byrne.html\">Si pudiera, te dar\u00eda una patada<\/a>, en la que se mete en la piel de una sufrida madre superada por el agotamiento&#8230; y en la que O\u2019Brien interpreta, precisamente, a su terapeuta. Byrne gan\u00f3 el Globo de Oro por dicho premio, y parte como segunda en las apuestas del Oscar a la mejor actriz, en una categor\u00eda encabezada por <a href=\"https:\/\/elpais.com\/gente\/2026-03-09\/jessie-buckley-la-nueva-novia-de-hollywood-que-acaricia-el-oscar-casi-desde-el-anonimato.html\" target=\"_blank\" rel=\"noreferrer nofollow noopener\" title=\"https:\/\/elpais.com\/gente\/2026-03-09\/jessie-buckley-la-nueva-novia-de-hollywood-que-acaricia-el-oscar-casi-desde-el-anonimato.html\">la irlandesa Jessie Buckley, por Hamnet<\/a>, pero su compa\u00f1ero no ha querido dejar de alabarla.<\/p>\n<p><img alt=\"\" decoding=\"auto\" class=\"_re lazyload a_m-h\" height=\"276\"  width=\"414\"  src=\"https:\/\/www.europesays.com\/es\/wp-content\/uploads\/2026\/03\/4M6WPMQP3BFVTM4QVZTQA6HPYI.jpg\" loading=\"lazy\"\/>El montaje, en Hollywood Boulevard, de la alfombra roja de los Oscar, el 11 de marzo de 2026.Frazer Harrison (WireImage)<\/p>\n<p class=\"\">\u201cEs un gran a\u00f1o para las pel\u00edculas, para el cine, y estoy realmente contento de estar aqu\u00ed\u201d, ha afirmado O\u2019Brien, rodeado de periodistas de todos los pa\u00edses del mundo que le ped\u00edan saludos para sus regiones, desde Corea hasta M\u00e9xico. \u201cOh, M\u00e9xico. Yo grab\u00e9 una telenovela all\u00ed, llevaba un bigote\u201d, comentaba divertido. \u00bfY habla espa\u00f1ol? \u201cS\u00ed, un poquito. Estudi\u00e9 espa\u00f1ol en la escuela secundaria para 10 minutos y cuando puedo hablo espa\u00f1ol\u00bb, comentaba, precisamente, en espa\u00f1ol. <\/p>\n<p class=\"\">O\u2019Brien ha pasado apenas 15 minutos en la alfombra. Pero mientras, y despu\u00e9s, los operarios segu\u00edan trabajando, colocando los m\u00e1s de 275 metros de largo de alfombra, por casi 20 de ancho que se expandir\u00e1n por toda la entrada de los premios y por toda la calle, por el centro del famoso Paseo de la Fama de Hollywood, esta semana m\u00e1s hollywoodiense y con m\u00e1s estrellas que nunca.<\/p>\n","protected":false},"excerpt":{"rendered":"Un a\u00f1o m\u00e1s, y ya van 98, Hollywood se engalana para los premios Oscar. El evento cinematogr\u00e1fico m\u00e1s&hellip;\n","protected":false},"author":2,"featured_media":442104,"comment_status":"","ping_status":"","sticky":false,"template":"","format":"standard","meta":{"footnotes":""},"categories":[91],"tags":[1014,1015,22404,177,13803,209,146,147,25,24,629,1505,3691,753,532,34251,7638,10758,23],"class_list":["post-442103","post","type-post","status-publish","format-standard","has-post-thumbnail","category-entretenimiento","tag-actores","tag-actrices","tag-alfombra-roja","tag-cine","tag-cine-americano","tag-cultura","tag-entertainment","tag-entretenimiento","tag-es","tag-espana","tag-estados-unidos","tag-hollywood","tag-los-angeles","tag-peliculas","tag-premios","tag-premios-cine","tag-premios-oscar","tag-presentadores-television","tag-spain"],"share_on_mastodon":{"url":"https:\/\/pubeurope.com\/@es\/116212547642067177","error":""},"_links":{"self":[{"href":"https:\/\/www.europesays.com\/es\/wp-json\/wp\/v2\/posts\/442103","targetHints":{"allow":["GET"]}}],"collection":[{"href":"https:\/\/www.europesays.com\/es\/wp-json\/wp\/v2\/posts"}],"about":[{"href":"https:\/\/www.europesays.com\/es\/wp-json\/wp\/v2\/types\/post"}],"author":[{"embeddable":true,"href":"https:\/\/www.europesays.com\/es\/wp-json\/wp\/v2\/users\/2"}],"replies":[{"embeddable":true,"href":"https:\/\/www.europesays.com\/es\/wp-json\/wp\/v2\/comments?post=442103"}],"version-history":[{"count":0,"href":"https:\/\/www.europesays.com\/es\/wp-json\/wp\/v2\/posts\/442103\/revisions"}],"wp:featuredmedia":[{"embeddable":true,"href":"https:\/\/www.europesays.com\/es\/wp-json\/wp\/v2\/media\/442104"}],"wp:attachment":[{"href":"https:\/\/www.europesays.com\/es\/wp-json\/wp\/v2\/media?parent=442103"}],"wp:term":[{"taxonomy":"category","embeddable":true,"href":"https:\/\/www.europesays.com\/es\/wp-json\/wp\/v2\/categories?post=442103"},{"taxonomy":"post_tag","embeddable":true,"href":"https:\/\/www.europesays.com\/es\/wp-json\/wp\/v2\/tags?post=442103"}],"curies":[{"name":"wp","href":"https:\/\/api.w.org\/{rel}","templated":true}]}}