{"id":442263,"date":"2026-03-11T23:11:11","date_gmt":"2026-03-11T23:11:11","guid":{"rendered":"https:\/\/www.europesays.com\/es\/442263\/"},"modified":"2026-03-11T23:11:11","modified_gmt":"2026-03-11T23:11:11","slug":"el-peor-musico-de-metallica-segun-sus-propios-integrantes","status":"publish","type":"post","link":"https:\/\/www.europesays.com\/es\/442263\/","title":{"rendered":"El \u201cpeor\u201d m\u00fasico de Metallica seg\u00fan sus propios integrantes"},"content":{"rendered":"<p>Por\u00a0<a aria-label=\"Link a autor\" class=\"base-link article-body__byline__author\" href=\"https:\/\/www.latercera.com\/autor\/culto\/\" target=\"_self\" rel=\"nofollow noopener\">Equipo de Culto<\/a>11 MARZO 2026<img alt=\"\" class=\"global-image\" decoding=\"async\"  src=\"https:\/\/www.europesays.com\/es\/wp-content\/uploads\/2026\/03\/KC3BVKSSJNFSBCN4LF5CY4O4BM.png\"  fetchpriority=\"high\" loading=\"eager\"\/><a href=\"#comments\" class=\"article-body__social__btn\">Comentarios<\/a><\/p>\n<p class=\"article-body__paragraph\">La historia del rock est\u00e1 llena de virtuosos, pero <a href=\"https:\/\/es.wikipedia.org\/wiki\/Metallica\" target=\"_self\" rel=\"nofollow noopener\" title=\"https:\/\/es.wikipedia.org\/wiki\/Metallica\"><b>Metallica <\/b><\/a>ha demostrado que la qu\u00edmica y la composici\u00f3n pueden ser m\u00e1s poderosas que la t\u00e9cnica por s\u00ed sola. Sus canciones directas, se metieron de lleno en la historia grande del rock.<\/p>\n<p class=\"article-body__paragraph\">Sin embargo, esto no ha impedido que los propios miembros de la banda reconozcan las limitaciones de sus compa\u00f1eros. As\u00ed ocurri\u00f3 durante la famosa entrevista concedida a la revista <a href=\"https:\/\/web.archive.org\/web\/20051228044715\/http:\/\/www.playboy.com\/arts-entertainment\/features\/metallica\/05.html\" target=\"_self\" rel=\"nofollow noopener\" title=\"https:\/\/web.archive.org\/web\/20051228044715\/http:\/\/www.playboy.com\/arts-entertainment\/features\/metallica\/05.html\"><b>Playboy en abril de 2001<\/b><\/a>. El cuarteto estaba bajo un clima de tensi\u00f3n absoluta, eran los d\u00edas previos a la salida del bajista <a href=\"https:\/\/es.wikipedia.org\/wiki\/Jason_Newsted\" target=\"_self\" rel=\"nofollow noopener\" title=\"https:\/\/es.wikipedia.org\/wiki\/Jason_Newsted\"><b>Jason Newsted<\/b><\/a> y del proceso de rehabilitaci\u00f3n de <a href=\"https:\/\/es.wikipedia.org\/wiki\/James_Hetfield\" rel=\"nofollow noopener\" title=\"James Hetfield\" target=\"_blank\"><b>James Hetfield<\/b><\/a><b>. <\/b><\/p>\n<p class=\"article-body__paragraph\"><b>Por ello, en la entrevista los comentarios tienen ese picor propio de quienes pasan por unos malos momentos.<\/b> As\u00ed, fue Hetfield quien critic\u00f3 la forma de tocar de su compa\u00f1ero, el baterista dan\u00e9s <a href=\"https:\/\/es.wikipedia.org\/wiki\/Lars_Ulrich\" rel=\"nofollow noopener\" title=\"Lars Ulrich\" target=\"_blank\"><b>Lars Ulrich<\/b><\/a>.<\/p>\n<p class=\"article-body__paragraph\">\u201c(Cuando empezamos) la verdad es que Lars no era un buen baterista. <b>Al d\u00eda de hoy, no es el \u2018Baterista del A\u00f1o\u2019. Todos lo sabemos<\/b>\u201d, declar\u00f3 James, desmitificando la figura de Ulrich ante los ojos de millones de fan\u00e1ticos.<\/p>\n<p class=\"article-body__paragraph\">Ulrich contest\u00f3 reconociendo que el momento de grupo era tan malo que ni siquiera se hablaban entre ellos de manera individual. \u201cJames y Jason no se llaman, as\u00ed que tienen una conversaci\u00f3n a trav\u00e9s de ti\u201d, dijo el baterista. Y mirando a Hetfield reconoci\u00f3: \u201cHace tiempo que no hablo con \u00e9l, es cierto\u201d. La ropa sucia se lavaba en p\u00fablico.<\/p>\n<p>M\u00e1s sobre:<a class=\"base-link article-body__tags__item\" href=\"https:\/\/www.latercera.com\/etiqueta\/musica\/\" target=\"_self\" rel=\"nofollow noopener\">M\u00fasica<\/a><a class=\"base-link article-body__tags__item\" href=\"https:\/\/www.latercera.com\/etiqueta\/metallica\/\" target=\"_self\" rel=\"nofollow noopener\">Metallica<\/a><a class=\"base-link article-body__tags__item\" href=\"https:\/\/www.latercera.com\/etiqueta\/james-hetfield\/\" target=\"_self\" rel=\"nofollow noopener\">James Hetfield<\/a><a class=\"base-link article-body__tags__item\" href=\"https:\/\/www.latercera.com\/etiqueta\/lars-ulrich\/\" target=\"_self\" rel=\"nofollow noopener\">Lars Ulrich<\/a><a class=\"base-link article-body__tags__item\" href=\"https:\/\/www.latercera.com\/etiqueta\/kirk-hammett\/\" target=\"_self\" rel=\"nofollow noopener\">Kirk Hammett<\/a><a class=\"base-link article-body__tags__item\" href=\"https:\/\/www.latercera.com\/etiqueta\/jason-newsted\/\" target=\"_self\" rel=\"nofollow noopener\">Jason Newsted<\/a><a class=\"base-link article-body__tags__item\" href=\"https:\/\/www.latercera.com\/etiqueta\/musica-culto\/\" target=\"_self\" rel=\"nofollow noopener\">M\u00fasica Culto<\/a><\/p>\n<p class=\"article-body__newsletter__title\">NEWSLETTER<\/p>\n<p><img decoding=\"async\" class=\"newsletter-card__image\" src=\"https:\/\/www.latercera.com\/pf\/resources\/images\/newsletter\/culto.svg?d=1114&amp;mxId=00000000\" alt=\"Newsletter\"\/>CultoMi\u00e9rcoles, AMSeries, libros, m\u00fasica y cine que est\u00e1n en boca de todos. La gu\u00eda pop para entrar con estilo a las conversaciones del momento.Regi\u0301strate\tAl suscribirte est\u00e1s aceptando los <a href=\"https:\/\/www.latercera.com\/terminos-y-condiciones\/\" target=\"_blank\" rel=\"nofollow noopener\">T\u00e9rminos y Condiciones<\/a> y las <a href=\"https:\/\/www.latercera.com\/aviso-de-privacidad\/\" target=\"_blank\" rel=\"nofollow noopener\">Pol\u00edticas de Privacidad<\/a> de La Tercera.<\/p>\n","protected":false},"excerpt":{"rendered":"Por\u00a0Equipo de Culto11 MARZO 2026Comentarios La historia del rock est\u00e1 llena de virtuosos, pero Metallica ha demostrado que&hellip;\n","protected":false},"author":2,"featured_media":442264,"comment_status":"","ping_status":"","sticky":false,"template":"","format":"standard","meta":{"footnotes":""},"categories":[170],"tags":[146,147,25,24,39619,92985,55597,17883,479,184,185,2792,23],"class_list":["post-442263","post","type-post","status-publish","format-standard","has-post-thumbnail","category-musica","tag-entertainment","tag-entretenimiento","tag-es","tag-espana","tag-james-hetfield","tag-jason-newsted","tag-kirk-hammett","tag-lars-ulrich","tag-metallica","tag-music","tag-musica","tag-musica-culto","tag-spain"],"share_on_mastodon":{"url":"https:\/\/pubeurope.com\/@es\/116213074315326291","error":""},"_links":{"self":[{"href":"https:\/\/www.europesays.com\/es\/wp-json\/wp\/v2\/posts\/442263","targetHints":{"allow":["GET"]}}],"collection":[{"href":"https:\/\/www.europesays.com\/es\/wp-json\/wp\/v2\/posts"}],"about":[{"href":"https:\/\/www.europesays.com\/es\/wp-json\/wp\/v2\/types\/post"}],"author":[{"embeddable":true,"href":"https:\/\/www.europesays.com\/es\/wp-json\/wp\/v2\/users\/2"}],"replies":[{"embeddable":true,"href":"https:\/\/www.europesays.com\/es\/wp-json\/wp\/v2\/comments?post=442263"}],"version-history":[{"count":0,"href":"https:\/\/www.europesays.com\/es\/wp-json\/wp\/v2\/posts\/442263\/revisions"}],"wp:featuredmedia":[{"embeddable":true,"href":"https:\/\/www.europesays.com\/es\/wp-json\/wp\/v2\/media\/442264"}],"wp:attachment":[{"href":"https:\/\/www.europesays.com\/es\/wp-json\/wp\/v2\/media?parent=442263"}],"wp:term":[{"taxonomy":"category","embeddable":true,"href":"https:\/\/www.europesays.com\/es\/wp-json\/wp\/v2\/categories?post=442263"},{"taxonomy":"post_tag","embeddable":true,"href":"https:\/\/www.europesays.com\/es\/wp-json\/wp\/v2\/tags?post=442263"}],"curies":[{"name":"wp","href":"https:\/\/api.w.org\/{rel}","templated":true}]}}