{"id":442420,"date":"2026-03-12T01:13:08","date_gmt":"2026-03-12T01:13:08","guid":{"rendered":"https:\/\/www.europesays.com\/es\/442420\/"},"modified":"2026-03-12T01:13:08","modified_gmt":"2026-03-12T01:13:08","slug":"iran-extiende-el-frente-al-estrecho-de-ormuz-y-convierte-la-guerra-en-un-conflicto-global","status":"publish","type":"post","link":"https:\/\/www.europesays.com\/es\/442420\/","title":{"rendered":"Ir\u00e1n extiende el frente al estrecho de Ormuz y convierte la guerra en un conflicto global"},"content":{"rendered":"<p>Ir\u00e1n traslad\u00f3 el frente al estrecho de Ormuz para convertir la guerra en un conflicto global. Mientras Donald Trump trataba de calmar a los mercados  &#8230; afirmando que la ofensiva podr\u00eda terminar \u00abpronto\u00bb porque ya no queda \u00abpr\u00e1cticamente nada por atacar\u00bb, al menos tres petroleros fueron atacados en Ormuz y la Guardia Revolucionaria advirti\u00f3 que cualquier barco que quiera cruzar debe obtener la aprobaci\u00f3n de Ir\u00e1n o podr\u00eda convertirse en objetivo. El portavoz de los paramilitares, Ebrahim Zolfaqari, declar\u00f3 adem\u00e1s que \u00abno permitiremos que ni un solo litro de petr\u00f3leo llegue a Estados Unidos, a Israel o a sus socios. Cualquier barco o petrolero que se dirija hacia ellos ser\u00e1 un objetivo leg\u00edtimo\u00bb. Zolfaqari advirti\u00f3 al mundo para que se prepare a ver \u00abel barril a 200 d\u00f3lares, porque el precio del petr\u00f3leo depende de la seguridad regional, y ustedes la han desestabilizado\u00bb.<\/p>\n<p class=\"v-p\">Las amenazas de Teher\u00e1n se hicieron realidad y el contraalmirante de la Guardia Revolucionaria, Alireza Tangsiri, inform\u00f3 que dispararon y detuvieron dos barcos que ignoraron sus advertencias. Tangsiri critic\u00f3 las promesas de Washington de proteger a los barcos que atraviesen el estrecho, calific\u00e1ndolas de \u00abpromesas vac\u00edas\u00bb. Ormuz, por donde pasa cerca del 20 por ciento del suministro mundial de petr\u00f3leo y gas, permanece pr\u00e1cticamente cerrado por la amenaza de los drones, misiles y minas. Desde el 28 de febrero, cuando Trump y Benjam\u00edn Netanyahu lanzaron una operaci\u00f3n militar sorpresa contra la rep\u00fablica isl\u00e1mica y asesinaron al L\u00edder Supremo, 14 barcos han sido atacados. <\/p>\n<p class=\"v-p\">En la madrugada del mi\u00e9rcoles al jueves, un nuevo ataque un tripulante muerto en un barco en llamas en el puerto iraqu\u00ed de Basora. .Farhan Al Fartousi, de la Compa\u00f1\u00eda General de Puertos de Irak, declar\u00f3 a la televisi\u00f3n estatal que un miembro de la tripulaci\u00f3n de un petrolero hab\u00eda muerto y 38 hab\u00edan sido rescatados hasta el momento, y que \u00abcontin\u00faa la b\u00fasqueda de los desaparecidos\u00bb.<\/p>\n<p class=\"v-p\">Seg\u00fan los iran\u00edes, el estrecho sigue abierto, pero solo \u00abpara barcos que no sirvan a los intereses de Estados Unidos e Israel\u00bb. Un anuncio que no convence a las grandes compa\u00f1\u00edas de transporte mar\u00edtimo que han preferido parar la actividad antes que arriesgarse a cruzar. Los problemas en el estrecho, que se extienden a los pa\u00edses vecinos del Golfo con ataques diarios por parte de Ir\u00e1n, han provocado un fuerte aumento de los precios mundiales del gas y petr\u00f3leo. Kuwait, Qatar, Arabia Saud\u00ed y Emiratos \u00c1rabes Unidos volvieron a interceptar drones y misiles y varios drones impactaron en los tanques de combustible del puerto de Salalah, en Om\u00e1n.<\/p>\n<p>Liberaci\u00f3n r\u00e9cord de petr\u00f3leo<\/p>\n<p class=\"v-p\">El Golfo est\u00e1 paralizado y la Agencia Internacional de la Energ\u00eda acord\u00f3 liberar un r\u00e9cord de 400 millones de barriles de petr\u00f3leo para responder a la interrupci\u00f3n causada por la guerra contra Ir\u00e1n. Es la sexta vez en su historia que toma esta decisi\u00f3n, que adopt\u00f3 por \u00faltima vez en 2022 tras la invasi\u00f3n rusa de Ucrania.<\/p>\n<p class=\"v-p\">Trump repiti\u00f3 por segundo d\u00eda que la guerra puede acabar \u00abpronto\u00bb, pero desde Israel no llegan mensajes que apunten en esta direcci\u00f3n. El ministro de Defensa israel\u00ed, Israel Katz, asegur\u00f3 que \u00abesta operaci\u00f3n continuar\u00e1 sin l\u00edmite de tiempo, tanto como sea necesario, hasta que alcancemos todos los objetivos y decidamos el resultado de la campa\u00f1a\u00bb. <\/p>\n<p class=\"v-p\">El objetivo final ha ido variando con el paso de los d\u00edas y pierde fuerza la posibilidad de un cambio de r\u00e9gimen. Israel\u00edes y estadounidenses apuntan ahora a causar el mayor da\u00f1o posible a las defensas y al programa bal\u00edstico del enemigo para dejarle en una situaci\u00f3n de debilidad extrema. El sistema isl\u00e1mico, sin embargo, parece reforzado tras la elecci\u00f3n del nuevo l\u00edder supremo, Mojtaba Jamenei, y mantiene el pulso ante las amenazas de Trump y su equipo. <\/p>\n<p class=\"v-p\">El paradero Jamenei, hijo del anterior l\u00edder que dirigi\u00f3 el pa\u00eds durante casi cuatro d\u00e9cadas, sigue siendo una inc\u00f3gnita y The New York Times inform\u00f3 que result\u00f3 herido en las piernas en los primeros bombardeos de la guerra. No ha aparecido en p\u00fablico desde su nombramiento y, seg\u00fan las fuentes citadas por el Times, esto se debe a las heridas, pero tambi\u00e9n al temor a que sea objeto de un ataque directo por parte de Estados Unidos o Israel. <\/p>\n<p class=\"v-p\">El diario estadounidense recogi\u00f3 tambi\u00e9n un mensaje publicado en Telegram por Yousef Pezeshkian, hijo del presidente y asesor del gobierno, en el que explic\u00f3 que \u00abhe o\u00eddo noticias de que el se\u00f1or Mojtaba Khamenei hab\u00eda resultado herido. Pregunt\u00e9 a algunos amigos que ten\u00edan contactos. Me dijeron que, gracias a Dios, est\u00e1 sano y salvo\u00bb. <\/p>\n<p class=\"v-p\">Pese a la dureza de los bombardeos, miles de personas desafiaron a los aviones israel\u00edes que castigan Teher\u00e1n para rendir homenaje a altos mandos militares iran\u00edes muertos en los ataques de Estados Unidos e Israel. La capital se visit\u00f3 de luto en un funeral multitudinario que recorri\u00f3 las calles del centro.<\/p>\n<p>Ataque en el centro de Beirut<\/p>\n<p class=\"v-p\">Mientras los iran\u00edes extienden el frente a Ormuz para intentar aliviar la presi\u00f3n, L\u00edbano sufri\u00f3 un d\u00eda m\u00e1s de duros bombardeos en la frontera y por tercera vez Israel atac\u00f3 el centro de Beirut, fuera de los barrios del sur. Los israel\u00edes golpearon en un edificio de viviendas y mataron al menos a 4 personas. La crisis humanitaria crece d\u00eda a d\u00eda ante la impotencia de las autoridades y ya son m\u00e1s de 750.000 los desplazados internos.<\/p>\n","protected":false},"excerpt":{"rendered":"Ir\u00e1n traslad\u00f3 el frente al estrecho de Ormuz para convertir la guerra en un conflicto global. Mientras Donald&hellip;\n","protected":false},"author":2,"featured_media":442421,"comment_status":"","ping_status":"","sticky":false,"template":"","format":"standard","meta":{"footnotes":""},"categories":[42],"tags":[17,18,11500,1438,41443,13691,13,14,3419,4975,69,11,61,62,63,64,3137,19,20,9,10,15,16,90848,12,21,22,65,66,67],"class_list":["post-442420","post","type-post","status-publish","format-standard","has-post-thumbnail","category-internacional","tag-breaking-news","tag-breakingnews","tag-conflicto","tag-convierte","tag-estrecho","tag-extiende","tag-featured-news","tag-featurednews","tag-frente","tag-global","tag-guerra","tag-headlines","tag-internacional","tag-international","tag-international-news","tag-internationalnews","tag-iran","tag-latest-news","tag-latestnews","tag-news","tag-noticias","tag-noticias-destacadas","tag-noticiasdestacadas","tag-ormuz","tag-titulares","tag-ultimas-noticias","tag-ultimasnoticias","tag-world","tag-world-news","tag-worldnews"],"share_on_mastodon":{"url":"https:\/\/pubeurope.com\/@es\/116213553927001251","error":""},"_links":{"self":[{"href":"https:\/\/www.europesays.com\/es\/wp-json\/wp\/v2\/posts\/442420","targetHints":{"allow":["GET"]}}],"collection":[{"href":"https:\/\/www.europesays.com\/es\/wp-json\/wp\/v2\/posts"}],"about":[{"href":"https:\/\/www.europesays.com\/es\/wp-json\/wp\/v2\/types\/post"}],"author":[{"embeddable":true,"href":"https:\/\/www.europesays.com\/es\/wp-json\/wp\/v2\/users\/2"}],"replies":[{"embeddable":true,"href":"https:\/\/www.europesays.com\/es\/wp-json\/wp\/v2\/comments?post=442420"}],"version-history":[{"count":0,"href":"https:\/\/www.europesays.com\/es\/wp-json\/wp\/v2\/posts\/442420\/revisions"}],"wp:featuredmedia":[{"embeddable":true,"href":"https:\/\/www.europesays.com\/es\/wp-json\/wp\/v2\/media\/442421"}],"wp:attachment":[{"href":"https:\/\/www.europesays.com\/es\/wp-json\/wp\/v2\/media?parent=442420"}],"wp:term":[{"taxonomy":"category","embeddable":true,"href":"https:\/\/www.europesays.com\/es\/wp-json\/wp\/v2\/categories?post=442420"},{"taxonomy":"post_tag","embeddable":true,"href":"https:\/\/www.europesays.com\/es\/wp-json\/wp\/v2\/tags?post=442420"}],"curies":[{"name":"wp","href":"https:\/\/api.w.org\/{rel}","templated":true}]}}