{"id":442729,"date":"2026-03-12T06:13:20","date_gmt":"2026-03-12T06:13:20","guid":{"rendered":"https:\/\/www.europesays.com\/es\/442729\/"},"modified":"2026-03-12T06:13:20","modified_gmt":"2026-03-12T06:13:20","slug":"chollos-para-casa-en-la-fiesta-de-primavera-de-amazon","status":"publish","type":"post","link":"https:\/\/www.europesays.com\/es\/442729\/","title":{"rendered":"chollos para casa en la Fiesta de Primavera de Amazon"},"content":{"rendered":"<p><img decoding=\"async\" class=\"v-ath__i\" loading=\"lazy\" src=\"https:\/\/www.europesays.com\/es\/wp-content\/uploads\/2026\/02\/autor-7269-foto-1.jpeg\" alt=\"Teresa Rodr\u00edguez Garc\u00eda\"\/><\/p>\n<p>11\/03\/2026 a las 19:30h.<\/p>\n<p class=\"v-d-p\" style=\"\">La Fiesta de Ofertas de Primavera de Amazon tambi\u00e9n es <strong>un buen momento para renovar peque\u00f1os electrodom\u00e9sticos<\/strong>. Freidoras de aire, aspiradoras sin cable o cafeteras autom\u00e1ticas est\u00e1n entre los productos m\u00e1s buscados cuando aparecen descuentos importantes.<\/p>\n<p class=\"v-d-p\" style=\"\">En esta selecci\u00f3n reunimos algunos de los chollos m\u00e1s interesantes para el hogar, con <strong>modelos que destacan por su potencia, facilidad de uso y buenas valoraciones<\/strong>. Son electrodom\u00e9sticos pensados para hacer m\u00e1s f\u00e1cil el d\u00eda a d\u00eda en casa, ya sea cocinando, limpiando o preparando caf\u00e9 de calidad.<\/p>\n<p>\nCosori 5,7 L: una de las freidoras de aire m\u00e1s populares\n<\/p>\n<p><img decoding=\"async\" loading=\"lazy\" src=\"https:\/\/www.europesays.com\/es\/wp-content\/uploads\/2026\/03\/Freidoras y cafeteras-U57233203442VZH-538x376@diario_abc.jpg\" class=\"v-a-img\" width=\"680\" height=\"478\" alt=\"\" data-voc-vtm-id=\"in-text-traffic\"\/><\/p>\n<p class=\"v-d-p\" style=\"\">Las freidoras Cosori se han convertido en una referencia dentro de las air fryer. Este modelo de 5,7 litros es <strong>ideal para familias y permite cocinar con hasta un 96% menos de grasa<\/strong>.<\/p>\n<p class=\"v-d-p\" style=\"\">Cuenta con <strong>11 modos autom\u00e1tico<\/strong>s y panel t\u00e1ctil, lo que facilita preparar desde patatas hasta carne o verduras. Adem\u00e1s incluye recetas para empezar a aprovecharla desde el primer d\u00eda.<\/p>\n<p>\nNinja MAX de doble cesta: cocinar dos platos a la vez\n<\/p>\n<p><img decoding=\"async\" loading=\"lazy\" src=\"https:\/\/www.europesays.com\/es\/wp-content\/uploads\/2026\/03\/Freidoras y cafeteras (1)-U65681243835MAo-538x376@diario_abc.jpg\" class=\"v-a-img\" width=\"680\" height=\"478\" alt=\"\" data-voc-vtm-id=\"in-text-traffic\"\/><\/p>\n<p class=\"v-d-p\" style=\"\">Este modelo de Ninja destaca por su doble compartimento que permite preparar dos alimentos diferentes al mismo tiempo. Su <strong>capacidad total de 9,5 litros<\/strong> la convierte en una opci\u00f3n muy completa para familias.<\/p>\n<p class=\"v-d-p\" style=\"\">Incluye funciones como Air Fry, Roast, Bake o Dehydrate, lo que ampl\u00eda mucho las posibilidades en la cocina. Es <strong>una de las freidoras m\u00e1s vers\u00e1tiles del mercado<\/strong>.<\/p>\n<p>\nCREATE Air Fryer Studio Crystal: freidora con bandeja de cristal\n<\/p>\n<p><img decoding=\"async\" loading=\"lazy\" src=\"https:\/\/www.europesays.com\/es\/wp-content\/uploads\/2026\/03\/Freidoras y cafeteras (2)-U08674361264RMg-538x376@diario_abc.jpg\" class=\"v-a-img\" width=\"680\" height=\"478\" alt=\"\" data-voc-vtm-id=\"in-text-traffic\"\/><\/p>\n<p class=\"v-d-p\" style=\"\">Este modelo apuesta por un dise\u00f1o diferente gracias a su bandeja de cristal que permite ver la cocci\u00f3n de los alimentos. Tiene capacidad <strong>para 5 o 6 raciones<\/strong>, ideal para hogares peque\u00f1os.<\/p>\n<p class=\"v-d-p\" style=\"\">Tambi\u00e9n <strong>incorpora vaporizador de agua<\/strong> y varios programas autom\u00e1ticos. Es una air fryer pensada para quienes buscan dise\u00f1o y funcionalidad.<\/p>\n<p>\nUfesa Magnum: una air fryer gigante de 23 litros\n<\/p>\n<p><img decoding=\"async\" loading=\"lazy\" src=\"https:\/\/www.europesays.com\/es\/wp-content\/uploads\/2026\/03\/Freidoras y cafeteras (3)-U04043542566GSK-538x376@diario_abc.jpg\" class=\"v-a-img\" width=\"680\" height=\"478\" alt=\"\" data-voc-vtm-id=\"in-text-traffic\"\/><\/p>\n<p class=\"v-d-p\" style=\"\">Este modelo destaca por su enorme capacidad de 23 litros, mucho mayor que la mayor\u00eda de freidoras de aire. Permite p<strong>reparar pizzas, pollo asado o grandes cantidades de comida<\/strong>.<\/p>\n<p class=\"v-d-p\" style=\"\">Adem\u00e1s incluye accesorios y funciones como rostisserie para asar alimentos. Es una opci\u00f3n muy interesante para familias grandes.<\/p>\n<p>\nMoulinex Easy Fry Max: freidora compacta y eficiente\n<\/p>\n<p><img decoding=\"async\" loading=\"lazy\" src=\"https:\/\/www.europesays.com\/es\/wp-content\/uploads\/2026\/03\/Freidoras y cafeteras (4)-U76703332145ION-538x376@diario_abc.jpg\" class=\"v-a-img\" width=\"680\" height=\"478\" alt=\"\" data-voc-vtm-id=\"in-text-traffic\"\/><\/p>\n<p class=\"v-d-p\" style=\"\">La Easy Fry Max es una air fryer m\u00e1s compacta pero muy pr\u00e1ctica. Sus <strong>10 programas autom\u00e1ticos<\/strong> permiten preparar diferentes recetas sin complicaciones.<\/p>\n<p class=\"v-d-p\" style=\"\">Est\u00e1 dise\u00f1ada para cocinar para unas 6 personas y promete <strong>un importante ahorro energ\u00e9tico<\/strong>. Es ideal para quienes buscan una freidora sencilla pero eficiente.<\/p>\n<p>\nProscenic P11 Ultra+: aspiradora potente con luz verde\n<\/p>\n<p><img decoding=\"async\" loading=\"lazy\" src=\"https:\/\/www.europesays.com\/es\/wp-content\/uploads\/2026\/03\/Freidoras y cafeteras (5)-U02468825373nWM-538x376@diario_abc.jpg\" class=\"v-a-img\" width=\"680\" height=\"478\" alt=\"\" data-voc-vtm-id=\"in-text-traffic\"\/><\/p>\n<p class=\"v-d-p\" style=\"\">Esta aspiradora sin cable destaca por su potencia de succi\u00f3n de 50 KPa y su dise\u00f1o ligero. Incluye luz verde en el cepillo para detectar mejor el polvo en el suelo.<\/p>\n<p class=\"v-d-p\" style=\"\">Adem\u00e1s su pantalla LED permite <strong>controlar el estado de la bater\u00eda y los modos de limpieza<\/strong>. Es una opci\u00f3n interesante para hogares con mascotas.<\/p>\n<p>\nUltenic U20: limpieza profunda sin agacharse\n<\/p>\n<p><img decoding=\"async\" loading=\"lazy\" src=\"https:\/\/www.europesays.com\/es\/wp-content\/uploads\/2026\/03\/Freidoras y cafeteras (6)-U86050128022SAB-538x376@diario_abc.jpg\" class=\"v-a-img\" width=\"680\" height=\"478\" alt=\"\" data-voc-vtm-id=\"in-text-traffic\"\/><\/p>\n<p class=\"v-d-p\" style=\"\">Este modelo incluye <strong>un brazo flexible que facilita limpiar debajo de muebles<\/strong> sin esfuerzo. Tambi\u00e9n cuenta con potente succi\u00f3n y cepillo antienredos.<\/p>\n<p class=\"v-d-p\" style=\"\">Su autonom\u00eda permite <strong>limpiar toda la casa en una sola carga<\/strong>. Est\u00e1 dise\u00f1ada para suelos duros, alfombras y pelo de mascotas.<\/p>\n<p>\nAspiradora escoba S9: potencia y dise\u00f1o plegable\n<\/p>\n<p><img decoding=\"async\" loading=\"lazy\" src=\"https:\/\/www.europesays.com\/es\/wp-content\/uploads\/2026\/03\/Freidoras y cafeteras (7)-U24632646346wfq-538x376@diario_abc.jpg\" class=\"v-a-img\" width=\"680\" height=\"478\" alt=\"\" data-voc-vtm-id=\"in-text-traffic\"\/><\/p>\n<p class=\"v-d-p\" style=\"\">La aspiradora S9 incorpora motor sin escobillas y tubo plegable, lo que facilita llegar a zonas dif\u00edciles. Tambi\u00e9n incluye iluminaci\u00f3n LED para detectar mejor el polvo.<\/p>\n<p class=\"v-d-p\" style=\"\">Est\u00e1 pensada <strong>para hogares con mascotas o suelos mixtos<\/strong>. Su base de carga mural permite guardarla f\u00e1cilmente.<\/p>\n<p>\nAspiradora X7A Pro: potencia y autonom\u00eda prolongada\n<\/p>\n<p><img decoding=\"async\" loading=\"lazy\" src=\"https:\/\/www.europesays.com\/es\/wp-content\/uploads\/2026\/03\/Freidoras y cafeteras (8)-U01604150624aNh-538x376@diario_abc.jpg\" class=\"v-a-img\" width=\"680\" height=\"478\" alt=\"\" data-voc-vtm-id=\"in-text-traffic\"\/><\/p>\n<p class=\"v-d-p\" style=\"\">Este modelo ofrece 600 W de potencia y hasta 65 minutos de autonom\u00eda en modo eco. Incluye <strong>sistema autom\u00e1tico de ajuste de potencia seg\u00fan el tipo de suelo<\/strong>.<\/p>\n<p class=\"v-d-p\" style=\"\">Adem\u00e1s incorpora <strong>manguera y accesorios para limpiar sof\u00e1s, coches o alfombras<\/strong>. Es una aspiradora muy completa para el hogar.<\/p>\n<p>\nUltenic U18Pro: aspiradora con autonom\u00eda de hasta 80 minutos\n<\/p>\n<p><img decoding=\"async\" loading=\"lazy\" src=\"https:\/\/www.europesays.com\/es\/wp-content\/uploads\/2026\/03\/Freidoras y cafeteras (9)-U77227056332XLN-538x376@diario_abc.jpg\" class=\"v-a-img\" width=\"680\" height=\"478\" alt=\"\" data-voc-vtm-id=\"in-text-traffic\"\/><\/p>\n<p class=\"v-d-p\" style=\"\">La U18Pro destaca por su gran autonom\u00eda, que puede alcanzar los 80 minutos. Su <strong>sistema multicicl\u00f3n ayuda a mantener una succi\u00f3n constante<\/strong>.<\/p>\n<p class=\"v-d-p\" style=\"\">Tambi\u00e9n incluye pantalla con tiempo restante de bater\u00eda. Es una opci\u00f3n muy c\u00f3moda para limpiar casas grandes.<\/p>\n<p>\nKrups Roma: cafetera superautom\u00e1tica con molinillo integrado\n<\/p>\n<p><img decoding=\"async\" loading=\"lazy\" src=\"https:\/\/www.europesays.com\/es\/wp-content\/uploads\/2026\/03\/Freidoras y cafeteras (10)-U01467153318MGB-538x376@diario_abc.jpg\" class=\"v-a-img\" width=\"680\" height=\"478\" alt=\"\" data-voc-vtm-id=\"in-text-traffic\"\/><\/p>\n<p class=\"v-d-p\" style=\"\">Esta cafetera de Krups permite preparar caf\u00e9 con granos reci\u00e9n molidos. Su molinillo c\u00f3nico de metal <strong>mejora el aroma y el sabor del caf\u00e9<\/strong>.<\/p>\n<p class=\"v-d-p\" style=\"\">Incluye varios niveles de intensidad y temperatura. Es una opci\u00f3n perfecta para quienes quieren <strong>espresso de calidad en casa<\/strong>.<\/p>\n<p>\nDe&#8217;Longhi Magnifica S: espresso autom\u00e1tico con espumador\n<\/p>\n<p><img decoding=\"async\" loading=\"lazy\" src=\"https:\/\/www.europesays.com\/es\/wp-content\/uploads\/2026\/03\/Freidoras y cafeteras (11)-U37875435470DhF-538x376@diario_abc.jpg\" class=\"v-a-img\" width=\"680\" height=\"478\" alt=\"\" data-voc-vtm-id=\"in-text-traffic\"\/><\/p>\n<p class=\"v-d-p\" style=\"\">Las cafeteras Magnifica son una de las gamas m\u00e1s populares de De&#8217;Longhi. Este modelo permite preparar espresso y cappuccino con facilidad.<\/p>\n<p class=\"v-d-p\" style=\"\"><strong>Incluye molinillo integrado y panel de control sencillo<\/strong>. Es una cafetera ideal para quienes quieren caf\u00e9 autom\u00e1tico en casa.<\/p>\n<p>\nDe&#8217;Longhi Rivelia: cafetera inteligente con 16 bebidas autom\u00e1ticas\n<\/p>\n<p><img decoding=\"async\" loading=\"lazy\" src=\"https:\/\/www.europesays.com\/es\/wp-content\/uploads\/2026\/03\/Freidoras y cafeteras (12)-U00154653760AtM-538x376@diario_abc.jpg\" class=\"v-a-img\" width=\"680\" height=\"478\" alt=\"\" data-voc-vtm-id=\"in-text-traffic\"\/><\/p>\n<p class=\"v-d-p\" style=\"\">La De&#8217;Longhi Rivelia es una cafetera superautom\u00e1tica m\u00e1s avanzada que permite <strong>preparar hasta 16 bebidas con solo pulsar un bot\u00f3n<\/strong>. Su sistema LatteCrema incorpora jarra autom\u00e1tica para preparar cappuccino o latte con espuma perfecta.<\/p>\n<p class=\"v-d-p\" style=\"\">Tambi\u00e9n incluye pantalla t\u00e1ctil y dep\u00f3sitos de caf\u00e9 intercambiables, lo que permite cambiar f\u00e1cilmente entre diferentes granos. Es una m\u00e1quina pensada para quienes buscan <strong>una experiencia de caf\u00e9 premium en casa<\/strong>.<\/p>\n<p>\nBreville Barista Max: experiencia de barista en casa\n<\/p>\n<p><img decoding=\"async\" loading=\"lazy\" src=\"https:\/\/www.europesays.com\/es\/wp-content\/uploads\/2026\/03\/Freidoras y cafeteras (13)-U44753704175lBn-538x376@diario_abc.jpg\" class=\"v-a-img\" width=\"680\" height=\"478\" alt=\"\" data-voc-vtm-id=\"in-text-traffic\"\/><\/p>\n<p class=\"v-d-p\" style=\"\">Esta cafetera espresso est\u00e1 pensada para quienes disfrutan preparando caf\u00e9 de forma m\u00e1s manual. <strong>Integra molinillo y vaporizador de leche<\/strong>.<\/p>\n<p class=\"v-d-p\" style=\"\">Adem\u00e1s cuenta con bomba italiana de 15 bares, lo que permite <strong>extraer espresso con buena crema<\/strong>. Es una m\u00e1quina muy interesante para amantes del caf\u00e9.<\/p>\n<p>\nSiemens EQ6 Plus S500: cafetera autom\u00e1tica con 12 bebidas\n<\/p>\n<p><img decoding=\"async\" loading=\"lazy\" src=\"https:\/\/www.europesays.com\/es\/wp-content\/uploads\/2026\/03\/Freidoras y cafeteras (14)-U68004624674Ahb-538x376@diario_abc.jpg\" class=\"v-a-img\" width=\"680\" height=\"478\" alt=\"\" data-voc-vtm-id=\"in-text-traffic\"\/><\/p>\n<p class=\"v-d-p\" style=\"\">Este modelo de Siemens ofrece un sistema autom\u00e1tico capaz de <strong>preparar hasta 12 bebidas diferentes<\/strong>. Incluye pantalla t\u00e1ctil grande y molinillo cer\u00e1mico.<\/p>\n<p class=\"v-d-p\" style=\"\">Tambi\u00e9n<strong> incorpora limpieza autom\u00e1tica del sistema de leche<\/strong>. Es una cafetera pensada para quienes quieren comodidad y variedad en cada taza.<\/p>\n<p class=\"v-d-p\" style=\"\">En la secci\u00f3n <a href=\"https:\/\/www.abc.es\/favorito\/\" target=\"_blank\" data-voc-vtm-id=\"in-text-traffic\" class=\"monetise\" title=\"Favorito de ABC\" data-mrf-link=\"www.abc.es\" rel=\"nofollow noopener\">Favorito de ABC<\/a> seguimos seleccionando ofertas reales en tecnolog\u00eda, hogar y motor para ayudarte a encontrar dispositivos que suman sin complicarte la vida.<\/p>\n","protected":false},"excerpt":{"rendered":"11\/03\/2026 a las 19:30h. La Fiesta de Ofertas de Primavera de Amazon tambi\u00e9n es un buen momento para&hellip;\n","protected":false},"author":2,"featured_media":442730,"comment_status":"","ping_status":"","sticky":false,"template":"","format":"standard","meta":{"footnotes":""},"categories":[80],"tags":[912,3399,82,978,95,94,25,24,2328,18433,4223,23],"class_list":["post-442729","post","type-post","status-publish","format-standard","has-post-thumbnail","category-economia","tag-amazon","tag-baratos","tag-business","tag-dia","tag-economia","tag-economy","tag-es","tag-espana","tag-fiesta","tag-primavera","tag-productos","tag-spain"],"share_on_mastodon":{"url":"https:\/\/pubeurope.com\/@es\/116214734159328289","error":""},"_links":{"self":[{"href":"https:\/\/www.europesays.com\/es\/wp-json\/wp\/v2\/posts\/442729","targetHints":{"allow":["GET"]}}],"collection":[{"href":"https:\/\/www.europesays.com\/es\/wp-json\/wp\/v2\/posts"}],"about":[{"href":"https:\/\/www.europesays.com\/es\/wp-json\/wp\/v2\/types\/post"}],"author":[{"embeddable":true,"href":"https:\/\/www.europesays.com\/es\/wp-json\/wp\/v2\/users\/2"}],"replies":[{"embeddable":true,"href":"https:\/\/www.europesays.com\/es\/wp-json\/wp\/v2\/comments?post=442729"}],"version-history":[{"count":0,"href":"https:\/\/www.europesays.com\/es\/wp-json\/wp\/v2\/posts\/442729\/revisions"}],"wp:featuredmedia":[{"embeddable":true,"href":"https:\/\/www.europesays.com\/es\/wp-json\/wp\/v2\/media\/442730"}],"wp:attachment":[{"href":"https:\/\/www.europesays.com\/es\/wp-json\/wp\/v2\/media?parent=442729"}],"wp:term":[{"taxonomy":"category","embeddable":true,"href":"https:\/\/www.europesays.com\/es\/wp-json\/wp\/v2\/categories?post=442729"},{"taxonomy":"post_tag","embeddable":true,"href":"https:\/\/www.europesays.com\/es\/wp-json\/wp\/v2\/tags?post=442729"}],"curies":[{"name":"wp","href":"https:\/\/api.w.org\/{rel}","templated":true}]}}