{"id":44275,"date":"2025-08-13T08:19:08","date_gmt":"2025-08-13T08:19:08","guid":{"rendered":"https:\/\/www.europesays.com\/es\/44275\/"},"modified":"2025-08-13T08:19:08","modified_gmt":"2025-08-13T08:19:08","slug":"pequenos-heroes-al-esprint-el-diario-vasco","status":"publish","type":"post","link":"https:\/\/www.europesays.com\/es\/44275\/","title":{"rendered":"Peque\u00f1os h\u00e9roes al esprint | El Diario Vasco"},"content":{"rendered":"<p class=\"v-mdl-ath__p v-mdl-ath__p--6\">\nMi\u00e9rcoles, 13 de agosto 2025, 02:00<\/p>\n<p class=\"v-p\">Una nube multicolor se ha dejado ver en el Boulevard de Donostia a pesar del sol abrasador. Es una r\u00e1faga rosa, roja y azul, de cascos y bicicletas. Este martes por la tarde, 223 valientes hicieron frente al bochorno y participaron en la Bizikleta Festa de este a\u00f1o, un cl\u00e1sico de la Semana Grande donostiarra. <\/p>\n<p class=\"v-p\">Los concursantes se entrenan desde las 17.00 horas y dan vueltas por la pista. Sus aitas les animan a la sombra de los \u00e1rboles o les ayudan a colocar sus dorsales. Emocionantes carreras de 300 metros, desde el mercado de la Bretxa hasta el kiosco del Boulevard est\u00e1n a punto de empezar.<\/p>\n<p><a href=\"http:\/\/www.diariovasco.com\/san-sebastian\/semana-grande\/bizikleta-festa-boulevard-20250812183448-ga.html#vtm_modulosEngag=mod-rel:san-sebastian:noticia:1:cmp:1-not\" class=\"v-a-link\" title=\"Un pelot\u00f3n de peque\u00f1os campeones en el Boulevard\" rel=\"nofollow noopener\" target=\"_blank\"><br \/>\n<img decoding=\"async\" loading=\"lazy\" src=\"https:\/\/s2.ppllstatics.com\/diariovasco\/www\/multimedia\/2025\/08\/12\/bizikleta-festa-43-kv0G--1200x840@Diario%20Vasco-DiarioVasco.jpg\" class=\"v-a-img\" width=\"258\" height=\"180\" alt=\"Un pelot\u00f3n de peque\u00f1os campeones en el Boulevard\"\/><\/p>\n<p><\/a><\/p>\n<p class=\"v-p\">Incluso los m\u00e1s peque\u00f1os participaron en la fiesta. Teresa levanta los cinco dedos para indicar su edad. Practica con entusiasmo, subida a su peque\u00f1a bicicleta rosa. Pero no va sola: su padre sujeta el sill\u00edn y la sigue trotando. \u00abTiene buen equilibrio, pero le falta pedalear m\u00e1s\u00bb, se\u00f1ala mientras ayuda a la peque\u00f1a a dar media vuelta. <\/p>\n<p class=\"v-p\">Bianca va preparada: bicicleta azul el\u00e9ctrica y camiseta de la Real Sociedad a juego. No se ha dejado desanimar por el tiempo: \u00abEs verdad que hace calor, pero ten\u00eda muchas ganas de venir\u00bb, cuenta. <\/p>\n<p>Pistoletazo y&#8230; \u00a1a pedalear!<\/p>\n<p class=\"v-p\">Por casualidad, o por suerte, comienza a soplar una ligera brisa, como para llevar a los m\u00e1s peque\u00f1os hasta el final de la carrera. El p\u00fablico de padres aplaude especialmente a los que a\u00fan corren con sus cuatro ruedines y llegan los \u00faltimos. <\/p>\n<p class=\"v-p\">Nada m\u00e1s pasar la meta, los rostros jadeantes y concentrados se llenan de alegr\u00eda al descubrir la recompensa que les espera: \u00a1hay helado para todos! <\/p>\n<p>\nAl finalizar la carrera y cruzar la l\u00ednea de meta, los peque\u00f1os ciclistas son recompensados con un helado\n<\/p>\n<p class=\"v-p\">A continuaci\u00f3n, los ciclistas de 7 a 8 a\u00f1os entran en la pista y se atreven a esprintar m\u00e1s, mostrando su talento sobre dos ruedas. Incluso se escuchan algunos silbidos para que no olviden frenar. Por \u00faltimo, les toca a los mayores, de la categor\u00eda de 9 a 10 a\u00f1os. Se lanzan con sus bicis grandes, listos para ganar y llegar primeros a la meta. <\/p>\n<p class=\"v-p\">En la l\u00ednea de llegada, hubo sobre todo alegr\u00eda y las decepciones fueron m\u00ednimas. Mart\u00edn es apasionado del ciclismo. Con su maillot fosfor\u00edto y su casco aerodin\u00e1mico, ha llegado el primero de su carrera. \u00abMe ha hecho ilusi\u00f3n ganar\u00bb, comenta desde su bici roja. Por otro lado, otro Mart\u00edn admite: \u00abHe llegado uno de los \u00faltimos, pero bueno, ha sido guay\u00bb. <\/p>\n<p>\n\u00abEl calor influye mucho, hemos tenido a\u00f1os con lluvia en los que hubo m\u00e1s participantes\u00bb, aclara la organizaci\u00f3n de la prueba\n<\/p>\n<p class=\"v-p\">Xune y su hermana Lira, con sus bicicletas y cascos rosas a juego, dan saltos de alegr\u00eda al o\u00edr hablar del sorteo que se celebra al final de la Bizikleta festa. Tras la rifa podr\u00edan llevarse una bici:\u00ab\u00a1A ver si nos toca una!<\/p>\n<p class=\"v-p\">La edici\u00f3n de este a\u00f1o ha atra\u00eddo a un n\u00famero de participantes ligeramente inferior a los casi 300 de 2024. Laura Baus\u00e1, de la organizaci\u00f3n, explica que \u00abel calor influye mucho en este evento. Hemos tenido a\u00f1os con lluvia en los que se apuntaron m\u00e1s ni\u00f1os.\u00bb<\/p>\n<p class=\"v-p\">Algunos fueron valientes y se atrevieron a pedalear y esprintar bajo altas temperaturas. Disfrutaron del postre, pero sobre todo de una carrera tras la cual todos son peque\u00f1os campeones. <\/p>\n<p>Comenta<\/p>\n<p>Reporta un error<\/p>\n<p class=\"v-crt__t\"> L\u00edmite de sesiones alcanzadas<\/p>\n<p class=\"v-crt__p\">El acceso al contenido Premium est\u00e1 abierto por cortes\u00eda del establecimiento donde te encuentras, pero ahora mismo hay demasiados usuarios conectados a las vez.<\/p>\n<p class=\"v-crt__p\">Por favor, int\u00e9ntalo pasados unos minutos.<\/p>\n<p>\nVolver a intentar\n<\/p>\n<p class=\"v-crt__t\">Sesi\u00f3n cerrada<\/p>\n<p class=\"v-crt__p\">Al iniciar sesi\u00f3n desde un dispositivo distinto, por seguridad, se cerr\u00f3 la \u00faltima sesi\u00f3n en este.<\/p>\n<p class=\"v-crt__p\">Para continuar disfrutando de su suscripci\u00f3n digital, inicie sesi\u00f3n en este dispositivo.<\/p>\n<p>\nEste contenido es exclusivo para suscriptores\n<\/p>\n<p class=\"text\">\u00bfTienes una suscripci\u00f3n? <a href=\"https:\/\/secure.diariovasco.com\/identidad\/inicio#vca=suscribete&amp;vso=diariovasco&amp;vmc=on&amp;vli=cdn-ce-link-login\" class=\"login\" data-voc-vtm-id=\"comienzoSuscripcionON\" data-voc-vtm-info=\"cdn-ce-link-login\" rel=\"nofollow noopener\" target=\"_blank\">Inicia sesi\u00f3n<\/a><\/p>\n","protected":false},"excerpt":{"rendered":"Mi\u00e9rcoles, 13 de agosto 2025, 02:00 Una nube multicolor se ha dejado ver en el Boulevard de Donostia&hellip;\n","protected":false},"author":2,"featured_media":44276,"comment_status":"","ping_status":"","sticky":false,"template":"","format":"standard","meta":{"footnotes":""},"categories":[273],"tags":[313,312,168,25,24,19186,20714,3462,23,167],"class_list":{"0":"post-44275","1":"post","2":"type-post","3":"status-publish","4":"format-standard","5":"has-post-thumbnail","7":"category-ciclismo","8":"tag-ciclismo","9":"tag-cycling","10":"tag-deportes","11":"tag-es","12":"tag-espana","13":"tag-esprint","14":"tag-heroes","15":"tag-pequenos","16":"tag-spain","17":"tag-sports"},"share_on_mastodon":{"url":"","error":""},"_links":{"self":[{"href":"https:\/\/www.europesays.com\/es\/wp-json\/wp\/v2\/posts\/44275","targetHints":{"allow":["GET"]}}],"collection":[{"href":"https:\/\/www.europesays.com\/es\/wp-json\/wp\/v2\/posts"}],"about":[{"href":"https:\/\/www.europesays.com\/es\/wp-json\/wp\/v2\/types\/post"}],"author":[{"embeddable":true,"href":"https:\/\/www.europesays.com\/es\/wp-json\/wp\/v2\/users\/2"}],"replies":[{"embeddable":true,"href":"https:\/\/www.europesays.com\/es\/wp-json\/wp\/v2\/comments?post=44275"}],"version-history":[{"count":0,"href":"https:\/\/www.europesays.com\/es\/wp-json\/wp\/v2\/posts\/44275\/revisions"}],"wp:featuredmedia":[{"embeddable":true,"href":"https:\/\/www.europesays.com\/es\/wp-json\/wp\/v2\/media\/44276"}],"wp:attachment":[{"href":"https:\/\/www.europesays.com\/es\/wp-json\/wp\/v2\/media?parent=44275"}],"wp:term":[{"taxonomy":"category","embeddable":true,"href":"https:\/\/www.europesays.com\/es\/wp-json\/wp\/v2\/categories?post=44275"},{"taxonomy":"post_tag","embeddable":true,"href":"https:\/\/www.europesays.com\/es\/wp-json\/wp\/v2\/tags?post=44275"}],"curies":[{"name":"wp","href":"https:\/\/api.w.org\/{rel}","templated":true}]}}