{"id":443031,"date":"2026-03-12T10:34:15","date_gmt":"2026-03-12T10:34:15","guid":{"rendered":"https:\/\/www.europesays.com\/es\/443031\/"},"modified":"2026-03-12T10:34:15","modified_gmt":"2026-03-12T10:34:15","slug":"david-ferrer-aplaude-a-alcaraz-tras-la-marcha-de-ferrero-lo-ha-gestionado-muy-bien-a-nivel-emocional","status":"publish","type":"post","link":"https:\/\/www.europesays.com\/es\/443031\/","title":{"rendered":"David Ferrer aplaude a Alcaraz tras la marcha de Ferrero: \u2018Lo ha gestionado muy bien a nivel emocional\u00bb"},"content":{"rendered":"<p class=\"ft-text\">La marcha de <strong>Juan Carlos Ferrero <\/strong>del equipo de <a class=\"ft-link ft-link--decoration\" href=\"https:\/\/www.sport.es\/es\/noticias\/tenis\/cuando-juega-alcaraz-ruud-indian-wells-127769250\" rel=\"nofollow noopener\" target=\"_blank\">Carlos Alcaraz<\/a> todav\u00eda da que hablar. Incluso por parte de uno de los protagonistas, en este caso el entrenador, que sigue explicando los motivos de la ruptura y su situaci\u00f3n actual. <strong>David Ferrer<\/strong>, el capit\u00e1n de Espa\u00f1a en la Copa Davis, destac\u00f3 la reacci\u00f3n del tenista murciano ante un episodio totalmente inesperado, incluso para los implicados.<\/p>\n<p class=\"ft-text\">\u00ab<strong>Ha gestionado muy bien a nivel emocional. Tiene un equipo detr\u00e1s que lleva much\u00edsimos a\u00f1os y Samu tambi\u00e9n es un entrenador que est\u00e1 m\u00e1s que capacitado\u00bb<\/strong>, reconoci\u00f3 Ferrer. La marcha de Juan Carlos Ferrero se produjo cuando Alcaraz iba a iniciar la pretemporada en el mes de diciembre, consciente de la importancia de ejercitarse bien para el Open de Australia.<\/p>\n<p><img decoding=\"async\" src=\"https:\/\/www.europesays.com\/es\/wp-content\/uploads\/2026\/03\/565125f7-30f8-4a98-b9db-ac2852d76115_alta-libre-aspect-ratio_default_0_x537y190.jpg\" width=\"1200\" height=\"638\" alt=\"Juan Carlos Ferrero apuesta fuerte por el p\u00e1del\" class=\"ft-helper-img-rd\" loading=\"lazy\"\/><\/p>\n<p class=\"ft-helper-fontColor-quaternary ft-helper-fontSize-body-S ft-helper-spacer-t-xxs\">Juan Carlos Ferrero ya no es entrenador de Alcaraz  \/ RRSS<\/p>\n<p class=\"ft-text\">A pesar de todo el ruido exterior, <strong>Alcaraz se centr\u00f3 \u00fanicamente en el aspecto deportivo<\/strong> y no dio declaraciones sobre el asunto. El resultado no pudo ser mejor: levant\u00f3 por primera vez en su carrera el Open de Australia. <strong>La conexi\u00f3n con Samu L\u00f3pez<\/strong>, con el que ya trabaj\u00f3 durante toda la temporada pasada, no ha podido ser m\u00e1s buena y <strong>el murciano sigue invicto a d\u00eda de hoy en 2026. <\/strong><\/p>\n<p class=\"ft-text\">Ferrer tambi\u00e9n habl\u00f3 de la Copa Davis.<strong> Espa\u00f1a se jugar\u00e1 en Chile el pase a la &#8216;Final a Ocho&#8217; de la competici\u00f3n, disputando la segunda ronda entre el 18 y el 20 de septiembre. <\/strong>La eliminatoria se jugar\u00e1 fuera de casa, a diferencia de la \u00faltima vez, donde la selecci\u00f3n espa\u00f1ola cont\u00f3 con el apoyo de Marbella para vencer a Dinamarca.<\/p>\n<p><img decoding=\"async\" src=\"https:\/\/www.europesays.com\/es\/wp-content\/uploads\/2026\/03\/191664e6-c6df-436a-bfd6-2d6ed90adf50_alta-libre-aspect-ratio_default_0.jpg\" width=\"1200\" height=\"800\" alt=\"GRAFCVA2883. VALENCIA, 13\/09\/2024.- El jugador de la selecci\u00f3n espa\u00f1ola, Carlos Alcaraz, celebra su victoria ante el jugador de Francia, Ugo Humbert, en la cuarta jornada del Grupo B de las Finales de la Copa Davis que disputan en el Pabell\u00f3n Fuente San Luis. EFE\/Kai Foersterling\" class=\"ft-helper-img-rd\" loading=\"lazy\"\/><\/p>\n<p class=\"ft-helper-fontColor-quaternary ft-helper-fontSize-body-S ft-helper-spacer-t-xxs\">Carlos Alcaraz, en la Copa Davis  \/ Kai F\u00f6rsterling \/ EFE<\/p>\n<p class=\"ft-text\"><strong>\u00abJugamos fuera de casa, el p\u00fablico va a estar en contra y tienen muy buenos jugadores<\/strong>. Veremos c\u00f3mo se nos da la situaci\u00f3n. Aun as\u00ed, estoy ilusionado en pasar la eliminatoria y estar en las finales\u00bb, analiz\u00f3 el capit\u00e1n, que adem\u00e1s reconoci\u00f3 que <strong>tener a Carlos Alcaraz en la eliminatoria \u00abpodr\u00eda cambiar mucho\u00bb el desarrollo de la misma<\/strong>. El a\u00f1o pasado no pudo estar por la exigencia del calendario.<\/p>\n<p>Una eliminatoria de nivel<\/p>\n<p class=\"ft-text\">La selecci\u00f3n de Chile cuenta con buenos jugadores del circuito como <strong>Nicol\u00e1s Jarry, Cristian Gar\u00edn o Alejandro Tabilo<\/strong>. Sin embargo, Espa\u00f1a no se queda atr\u00e1s ni mucho menos, y todav\u00eda m\u00e1s teniendo en cuenta la irrupci\u00f3n de <strong>Rafa J\u00f3dar<\/strong> este a\u00f1o, un jugador que aportar\u00e1 mucho al combinado nacional. La duda ser\u00e1 si <strong>Alejandro Davidovich <\/strong>&#8216;har\u00e1 las paces&#8217; con David Ferrer tras el episodio del a\u00f1o pasado.<\/p>\n<p class=\"ft-text\">Y es que <strong>el malague\u00f1o se baj\u00f3 en varias ocasiones de citas para la Copa Davis<\/strong>, lo que hizo que Ferrer no lo convocara para las Finales de Bolonia, algo que no gust\u00f3 al tenista. \u00abSi \u00e9l realmente quiere, tiene compromiso y quiere estar en el equipo no tengo ning\u00fan problema. No soy rencoroso\u00bb, comentaba Ferrer acerca de los compromisos durante el a\u00f1o 2026.<\/p>\n","protected":false},"excerpt":{"rendered":"La marcha de Juan Carlos Ferrero del equipo de Carlos Alcaraz todav\u00eda da que hablar. Incluso por parte&hellip;\n","protected":false},"author":2,"featured_media":443032,"comment_status":"","ping_status":"","sticky":false,"template":"","format":"standard","meta":{"footnotes":""},"categories":[274],"tags":[4736,13877,168,25,24,25762,23,167,327,326],"class_list":["post-443031","post","type-post","status-publish","format-standard","has-post-thumbnail","category-tenis","tag-alcaraz","tag-copa-davis","tag-deportes","tag-es","tag-espana","tag-ferrer","tag-spain","tag-sports","tag-tenis","tag-tennis"],"share_on_mastodon":{"url":"https:\/\/pubeurope.com\/@es\/116215760019701594","error":""},"_links":{"self":[{"href":"https:\/\/www.europesays.com\/es\/wp-json\/wp\/v2\/posts\/443031","targetHints":{"allow":["GET"]}}],"collection":[{"href":"https:\/\/www.europesays.com\/es\/wp-json\/wp\/v2\/posts"}],"about":[{"href":"https:\/\/www.europesays.com\/es\/wp-json\/wp\/v2\/types\/post"}],"author":[{"embeddable":true,"href":"https:\/\/www.europesays.com\/es\/wp-json\/wp\/v2\/users\/2"}],"replies":[{"embeddable":true,"href":"https:\/\/www.europesays.com\/es\/wp-json\/wp\/v2\/comments?post=443031"}],"version-history":[{"count":0,"href":"https:\/\/www.europesays.com\/es\/wp-json\/wp\/v2\/posts\/443031\/revisions"}],"wp:featuredmedia":[{"embeddable":true,"href":"https:\/\/www.europesays.com\/es\/wp-json\/wp\/v2\/media\/443032"}],"wp:attachment":[{"href":"https:\/\/www.europesays.com\/es\/wp-json\/wp\/v2\/media?parent=443031"}],"wp:term":[{"taxonomy":"category","embeddable":true,"href":"https:\/\/www.europesays.com\/es\/wp-json\/wp\/v2\/categories?post=443031"},{"taxonomy":"post_tag","embeddable":true,"href":"https:\/\/www.europesays.com\/es\/wp-json\/wp\/v2\/tags?post=443031"}],"curies":[{"name":"wp","href":"https:\/\/api.w.org\/{rel}","templated":true}]}}