{"id":443074,"date":"2026-03-12T11:03:17","date_gmt":"2026-03-12T11:03:17","guid":{"rendered":"https:\/\/www.europesays.com\/es\/443074\/"},"modified":"2026-03-12T11:03:17","modified_gmt":"2026-03-12T11:03:17","slug":"el-centro-fundacion-caja-rioja-gran-via-acoge-la-muestra-pintura-de-los-siglos-xvii-al-xx-la-rioja","status":"publish","type":"post","link":"https:\/\/www.europesays.com\/es\/443074\/","title":{"rendered":"El Centro Fundaci\u00f3n Caja Rioja Gran V\u00eda acoge la muestra &#039;Pintura de los siglos XVII al XX&#039; &#8211; La Rioja"},"content":{"rendered":"<ol>\n<li><a href=\"https:\/\/news.google.com\/rss\/articles\/CBMinwFBVV95cUxPX0pYd0VqTHEzQ1JwYm9uYnFRSXNDbmJBbHg0OGxEZDllOExxZ21BWW0tRmxWdExRb1ZNTm1oTGlhME10SnE1UDc0ZnZnSTQ5ZmQyLUVrLXY4YjRKTW1ndWNqSmZlZURQVHJVYmpSNkFaeFZvYnp5M1FVbXRmZ0R4Rk5kN21oTzJ0dENVSlliZmIyVVFlN3o2eW54Q3NHTFXSAaQBQVVfeXFMUDU1R2lKdTR4cTJCc2hpMG5ha1lfa21zVmxhQkJZbTA0blprYTN1SUdvY19hSTd4ZzRMQjVLOGtkVzhtRDB1N0Y4TjNhdUdLeW01MVZXWGxJa1VZWjU4M1JtbDdpZnBRbmlFVldtby0wa3c0U2NvZ3o2MDM2WkFzWUNhampSRlVtMDZmaFNfM2NoemlPaWdaNFgySnNIWTdDMEtZNHM?oc=5\" target=\"_blank\" rel=\"nofollow noopener\">El Centro Fundaci\u00f3n Caja Rioja Gran V\u00eda acoge la muestra &#8216;Pintura de los siglos XVII al XX&#8217;<\/a>&nbsp;&nbsp;La Rioja<\/li>\n<li><a href=\"https:\/\/news.google.com\/rss\/articles\/CBMinwFBVV95cUxNaDY2elJmTDJTdDU2QmRuZzd1UzhTTFF3ODdTa0JFRUhKSmpyTGh4Mk93bFBFWFZzYS1rR0twVVIybmNwMWxIOVlrVF9mb2pEQ3JTYl9RcHRDVTNYcXRHcFNDY19MQzVTaW9Uc1ZrMnlZQkV4TC1Oa2pnNnNDSzRBa1JRVkx6U3NGVmVTTVVYU21HUGdSZU9ZQnBVODNtNWc?oc=5\" target=\"_blank\" rel=\"nofollow noopener\">La Fundaci\u00f3n Caja Rioja expone 21 pinturas de entre siglos XVII y XX de una colecci\u00f3n privada<\/a>&nbsp;&nbsp;ABC<\/li>\n<li><a href=\"https:\/\/news.google.com\/rss\/articles\/CBMirAFBVV95cUxNVnNLNGdWM1RvSlRXWUpRR2c3NGdZSXlQNFJTQkZKMWMxeWFuSF8xdXhXUW5la2dBcDczUGJ2OGppV1NSOExtSHloOVRVUTdpdk1vS0RZWmtndTd6UnBOUlJKWlJYa194cmJRVFJhVko0WnV1UFpMUXF2cENyR0Q0bXBMTmFBZ0ZuSDY0VkRzaXRoWElCMDlKMGpleUNkVzZVMnIxNmtGTEJIS1dR?oc=5\" target=\"_blank\" rel=\"nofollow noopener\">El centro Fundaci\u00f3n Caja Rioja Gran V\u00eda muestra la colecci\u00f3n privada de Carmen Domenech<\/a>&nbsp;&nbsp;NueveCuatroUno<\/li>\n<li><a href=\"https:\/\/news.google.com\/rss\/articles\/CBMiywFBVV95cUxQbGdBYWVZQmxlUEg1azFoSk1JbkdrbUlXR19qOXR6MHppTUxCcVZidERHVmJkU0JVQ2ZZTjRGVGNuVUVEVmpfZDVXVWJoNWp3aklGNExmQ184OWlKRHctTUR3VU5wbGh2bi05TEVzeFAxTzFoY0l5T1N4MnpBeDN5N1B2UHBNOTFITHA2TS1sQzViX1pkLXV6eXd0d0xfamRKZDhJSGw3N2VBa2tiOEtnbGcxODF4NHV0aU5CMnBmRnlKbmNacFNRWWhfOA?oc=5\" target=\"_blank\" rel=\"nofollow noopener\">Fundaci\u00f3n Caja Rioja expone 21 pinturas de entre los siglos XVII y XX de una colecci\u00f3n privada<\/a>&nbsp;&nbsp;EFE &#8211; Agencia de noticias<\/li>\n<li><a href=\"https:\/\/news.google.com\/rss\/articles\/CBMi7wFBVV95cUxOcHlLS042ZXV6WWVWWUlJNDRaamN4dFRYTUtVVGZHdlNoQVFiYVAzWnRyU1FKVTdBN3dTTTIyS29IUVU5cXNzVUtSMjA1VUpyU2lFcVU0eGY2TlRGUzRIdnhGaGRTS1RwMHhoTEVrVlVUMEg1Q09tOVRqQ2lQY3BWakduN2xCZzJDMXU5TXFQYlZUcnBxcElDZm1Pb0wza1h1UXF3TGxrY01LZG9ZdXBocDI4ZWpDLVRwME5mdDJpUUJrSy1jWFhrZkxUeHdXLVVUbjNUZWluTXFSM1FlRVB2cmE5NE0tYXZZR1RWbDVfOA?oc=5\" target=\"_blank\" rel=\"nofollow noopener\">El Centro Fundaci\u00f3n Caja Rioja Gran V\u00eda acoge la exposici\u00f3n de pintura de la colecci\u00f3n privada de Carmen Domenech<\/a>&nbsp;&nbsp;Fundaci\u00f3n Caja Rioja<\/li>\n<\/ol>\n","protected":false},"excerpt":{"rendered":"El Centro Fundaci\u00f3n Caja Rioja Gran V\u00eda acoge la muestra &#8216;Pintura de los siglos XVII al XX&#8217;&nbsp;&nbsp;La Rioja&hellip;\n","protected":false},"author":2,"featured_media":443075,"comment_status":"","ping_status":"","sticky":false,"template":"","format":"standard","meta":{"footnotes":""},"categories":[173],"tags":[771,229,233,231,230,8221,245,232,234,146,147,25,24,2881,3956,1156,503,13556,51382,23,3252,33768],"class_list":["post-443074","post","type-post","status-publish","format-standard","has-post-thumbnail","category-arte-y-diseno","tag-acoge","tag-arte","tag-arte-y-diseno","tag-arts","tag-arts-and-design","tag-caja","tag-centro","tag-design","tag-diseno","tag-entertainment","tag-entretenimiento","tag-es","tag-espana","tag-fundacion","tag-gran","tag-muestra","tag-pintura","tag-rioja","tag-siglos","tag-spain","tag-via","tag-xvii"],"share_on_mastodon":{"url":"https:\/\/pubeurope.com\/@es\/116215873942856791","error":""},"_links":{"self":[{"href":"https:\/\/www.europesays.com\/es\/wp-json\/wp\/v2\/posts\/443074","targetHints":{"allow":["GET"]}}],"collection":[{"href":"https:\/\/www.europesays.com\/es\/wp-json\/wp\/v2\/posts"}],"about":[{"href":"https:\/\/www.europesays.com\/es\/wp-json\/wp\/v2\/types\/post"}],"author":[{"embeddable":true,"href":"https:\/\/www.europesays.com\/es\/wp-json\/wp\/v2\/users\/2"}],"replies":[{"embeddable":true,"href":"https:\/\/www.europesays.com\/es\/wp-json\/wp\/v2\/comments?post=443074"}],"version-history":[{"count":0,"href":"https:\/\/www.europesays.com\/es\/wp-json\/wp\/v2\/posts\/443074\/revisions"}],"wp:featuredmedia":[{"embeddable":true,"href":"https:\/\/www.europesays.com\/es\/wp-json\/wp\/v2\/media\/443075"}],"wp:attachment":[{"href":"https:\/\/www.europesays.com\/es\/wp-json\/wp\/v2\/media?parent=443074"}],"wp:term":[{"taxonomy":"category","embeddable":true,"href":"https:\/\/www.europesays.com\/es\/wp-json\/wp\/v2\/categories?post=443074"},{"taxonomy":"post_tag","embeddable":true,"href":"https:\/\/www.europesays.com\/es\/wp-json\/wp\/v2\/tags?post=443074"}],"curies":[{"name":"wp","href":"https:\/\/api.w.org\/{rel}","templated":true}]}}