{"id":443182,"date":"2026-03-12T12:33:22","date_gmt":"2026-03-12T12:33:22","guid":{"rendered":"https:\/\/www.europesays.com\/es\/443182\/"},"modified":"2026-03-12T12:33:22","modified_gmt":"2026-03-12T12:33:22","slug":"el-supremo-confirma-la-sentencia-que-ordena-a-los-nietos-de-franco-devolver-al-estado-el-pazo-de-meiras","status":"publish","type":"post","link":"https:\/\/www.europesays.com\/es\/443182\/","title":{"rendered":"El Supremo confirma la sentencia que ordena a los nietos de Franco devolver al Estado el Pazo de Meir\u00e1s"},"content":{"rendered":"<p class=\"article-text\">\n        El Tribunal Supremo confirma la sentencia dictada en su d\u00eda por la Audiencia Provincial de A Coru\u00f1a que ordena a los nietos de Franco devolver el Pazo de Meir\u00e1s (Sada, A Coru\u00f1a) al Estado. El fallo, adoptado por unanimidad, desestima todos los recursos presentados contra la misma por ambas partes y as\u00ed ratifica adem\u00e1s que la familia del dictador deber\u00e1 ser indemnizada. Los recurrentes asumir\u00e1n las costas de sus respectivos recursos por infracci\u00f3n procesal y de casaci\u00f3n.\n    <\/p>\n<p>    <a href=\"https:\/\/www.eldiario.es\/galicia\/gobierno-central-protegera-pazo-meiras-isla-san-simon-lugares-memoria-democratica_1_11948675.html\" data-mrf-recirculation=\"saber-mas\" data-dl-event=\"saber-mas\" rel=\"nofollow noopener\" target=\"_blank\"><\/p>\n<p class=\"know-more__title\">El Gobierno central proteger\u00e1 el Pazo de Meir\u00e1s y la isla de San Sim\u00f3n como \u201cLugares de la Memoria Democr\u00e1tica\u201d<\/p>\n<p>            <img decoding=\"async\" class=\"lazy\" loading=\"lazy\" data-src=\"https:\/\/static.eldiario.es\/clip\/0a19bd41-fe25-497f-af96-ff61f48c435e_16-9-aspect-ratio_default_0.jpg\" src=\"data:image\/svg+xml,%3Csvg xmlns=\" http:=\"\" viewbox=\"0 0 880 495\" alt=\"El Gobierno central proteger\u00e1 el Pazo de Meir\u00e1s y la isla de San Sim\u00f3n como \u201cLugares de la Memoria Democr\u00e1tica\u201d\"\/><\/p>\n<p>                        <\/a><\/p>\n<p class=\"article-text\">\n        Los Franco argumentaron ante el Supremo su derecho a la propiedad del inmueble por usucapi\u00f3n -tambi\u00e9n denominada prescripci\u00f3n adquisitiva- tras el fallecimiento del dictador. Seg\u00fan la usucapi\u00f3n, los moradores de una vivienda tienen derecho a su propiedad transcurridos 30 a\u00f1os. El Supremo entiende que los descendientes de Franco \u201cno pudieron poseer Meir\u00e1s en concepto de due\u00f1os\u201d por lo menos hasta la d\u00e9cada de los 90 del siglo XX. Antes, el pazo estuvo destinado al servicio de la jefatura de Estado, por lo que desestima el recurso.\n    <\/p>\n<p class=\"article-text\">\n        Hace lo mismo con el presentado por la Administraci\u00f3n del Estado, al que se adhirieron Xunta de Galicia, Deputaci\u00f3n da Coru\u00f1a y ayuntamientos de A Coru\u00f1a y Sada. Este cuestionaba que los Franco tuvieran derecho a indemnizaci\u00f3n por los gastos realizados en la finca durante la etapa en la que fueron poseedores de la misma. El Supremo lo desestima con el argumento de que la demanda inicial del Estado, y el informe jur\u00eddico del Parlamento de Galicia, indicaba expresamente que \u201cno se discut\u00eda que los Franco hubiesen actuado de buena fe [&#8230;] y deber\u00edan ser indemnizados en los t\u00e9rminos previstos para estos casos en el C\u00f3digo Civil\u201d. \u201cNo se puede modificar posteriormente para negar la buena fe y el derecho a la indemnizaci\u00f3n previamente reconocidos\u201d, a\u00f1ade el tribunal\n    <\/p>\n<p>    El fallo hist\u00f3rico de 2020<\/p>\n<p class=\"article-text\">\n        La del 2 de septiembre de 2020 ha quedado marcada como una jornada hist\u00f3rica: aquel d\u00eda se hizo p\u00fablica la sentencia del Juzgado de primera instancia n\u00famero 1 de A Coru\u00f1a que condenaba a los Franco a <a href=\"https:\/\/www.eldiario.es\/galicia\/sociedad\/toma-posesion-pazo-meiras-82-anos-expolio-franquista_1_6494761.html\" data-mrf-recirculation=\"links-noticia\" class=\"link\" rel=\"nofollow noopener\" target=\"_blank\">entregar al Estado el Pazo de Meir\u00e1s<\/a>, que el dictador hab\u00eda utilizado como residencia de verano desde 1938, a\u00fan en plena guerra civil. El recurso de los herederos llev\u00f3 el asunto a la Audiencia Provincial de A Coru\u00f1a, que en febrero de 2021 ratific\u00f3 que el inmueble debe ser de propiedad p\u00fablica, aunque abri\u00f3 la puerta a<a href=\"https:\/\/www.eldiario.es\/galicia\/politica\/franco-reclaman-millon-euros-gastos-pazo-meiras-muerte-dictador_1_7216165.html\" data-mrf-recirculation=\"links-noticia\" class=\"link\" rel=\"nofollow noopener\" target=\"_blank\"> pagar a los herederos<\/a> del dictador por los gastos de la conservaci\u00f3n desde la muerte de este, en 1975, y razonaba que en ellos <a href=\"https:\/\/www.eldiario.es\/galicia\/politica\/audiencia-coruna-ratifica-pazo-meiras-tumba-recurso-franco-recuperarlo_1_7214341.html\" data-mrf-recirculation=\"links-noticia\" class=\"link\" rel=\"nofollow noopener\" target=\"_blank\">no hab\u00eda habido mala fe<\/a>.\n    <\/p>\n<p class=\"article-text\">\n        Mientras el litigio se trasladaba al Tribunal Supremo, otros frentes acabaron en fracaso para los Franco: en junio del a\u00f1o pasado la Justicia orden\u00f3 a los Franco que devolviesen a Santiago dos estatuas del P\u00f3rtico de la Gloria de la catedral que estaban, precisamente, en Meir\u00e1s. Las figuras expoliadas <a href=\"https:\/\/www.eldiario.es\/galicia\/dia-historico-estatuas-portico-gloria-expoliadas-franco-regresan-santiago_1_12811800.html\" data-mrf-recirculation=\"links-noticia\" class=\"link\" rel=\"nofollow noopener\" target=\"_blank\">regresaron a la capital gallega<\/a> unos meses despu\u00e9s y ahora est\u00e1n <a href=\"https:\/\/www.museodopobo.gal\/gl\/evento\/restitucion-das-estatuas-do-mestre-mateo\" data-mrf-recirculation=\"links-noticia\" class=\"link\" target=\"_blank\" rel=\"nofollow noopener\">expuestas al p\u00fablico<\/a> en el Museo do Pobo Galego.\n    <\/p>\n<p class=\"article-text\">\n        Despu\u00e9s de que el Pazo de Meir\u00e1s pasase a manos del Estado<a href=\"https:\/\/www.eldiario.es\/galicia\/visita-guiada-pazo-meiras-13-anos-despues-vistazo-expolio-franco-hogar-pardo-bazan_1_11605351.html\" data-mrf-recirculation=\"links-noticia\" class=\"link\" rel=\"nofollow noopener\" target=\"_blank\"> se retomaron las visitas<\/a>, aunque muy limitadas, a la espera del pronunciamiento judicial definitivo. En los a\u00f1os anteriores, la familia Franco hab\u00eda dificultado la apertura al p\u00fablico, pese a la obligaci\u00f3n de permitir su entrada en un espacio que es bien de inter\u00e9s cultural (BIC). Tras la sentencia de 2020, las administraciones p\u00fablicas plantearon unos planes para el futuro del espacio que difer\u00edan: de una recuperaci\u00f3n <a href=\"https:\/\/www.eldiario.es\/galicia\/politica\/feijoo-reduce-82-anos-ocupacion-fascista-meiras-vacaciones-estivales_1_7179006.html\" data-mrf-recirculation=\"links-noticia\" class=\"link\" rel=\"nofollow noopener\" target=\"_blank\">centrada en la figura de su primera propietaria<\/a>, la escritora Emilia Pardo Baz\u00e1n, que abanderaba el entonces presidente de la Xunta, Alberto N\u00fa\u00f1ez Feij\u00f3o, a unos usos relacionados con la memoria hist\u00f3rica, defendidos por el Gobierno central.\n    <\/p>\n<p>    <a href=\"https:\/\/www.eldiario.es\/galicia\/20-n-estatuas-portico-regresaran-santiago-meiras-residencia-franco-sigue-esperando-supremo_1_12781325.html\" data-mrf-recirculation=\"saber-mas-abajo\" data-dl-event=\"saber-mas-abajo\" rel=\"nofollow noopener\" target=\"_blank\"><\/p>\n<p class=\"know-more__title\">\n20-N: las estatuas del P\u00f3rtico regresar\u00e1n a Santiago desde Meir\u00e1s, la residencia de Franco que sigue esperando al Supremo\n<\/p>\n<p>            <img decoding=\"async\" class=\"lazy\" loading=\"lazy\" data-src=\"https:\/\/static.eldiario.es\/clip\/5e3750e0-e138-4f1a-95ce-f390d6e89d3a_16-9-aspect-ratio_default_0.jpg\" src=\"data:image\/svg+xml,%3Csvg xmlns=\" http:=\"\" viewbox=\"0 0 880 495\" alt=\"20-N: las estatuas del P\u00f3rtico regresar\u00e1n a Santiago desde Meir\u00e1s, la residencia de Franco que sigue esperando al Supremo\"\/><\/p>\n<p>                        <\/a><\/p>\n<p class=\"article-text\">\n        En este tiempo, el Gobierno ha iniciado el proceso para declarar el inmueble, junto con la Illa de San Sim\u00f3n -convertida en un campo de concentraci\u00f3n durante la dictadura-, <a href=\"https:\/\/www.eldiario.es\/galicia\/gobierno-inicia-proceso-declarar-meiras-san-simon-lugares-memoria-democratica_1_12572012.html\" data-mrf-recirculation=\"links-noticia\" class=\"link\" rel=\"nofollow noopener\" target=\"_blank\">Lugar de Memoria Democr\u00e1tica<\/a>. El Bolet\u00edn Oficial del Estado (BOE) con la incoaci\u00f3n de los expedientes justificaba que Meir\u00e1s fue \u201cs\u00edmbolo referencial de la dictadura franquista, centro de poder y al mismo tiempo expresi\u00f3n de la rapi\u00f1a de su nuevo propietario\u201d. El 5 de diciembre 1938, tras la creaci\u00f3n la denominada Junta Pro-Pazo del Caudillo, integrada por el gobernador civil y varios alcaldes de la provincia, que pretend\u00eda comprar y entregar la propiedad al jefe del Estado, Francisco Franco, se le hizo entrega de la finca al dictador. La superficie de la finca se ampli\u00f3 ganando terreno a los vecinos, sus leg\u00edtimos propietarios, \u201cmediante t\u00e9cnicas represivas y coactivas\u201d. A eso se suman las \u201capropiaciones de recursos p\u00fablicos y privados, desde estatuas rom\u00e1nicas a pilas bautismales, tapices, etc\u201d.\n    <\/p>\n","protected":false},"excerpt":{"rendered":"El Tribunal Supremo confirma la sentencia dictada en su d\u00eda por la Audiencia Provincial de A Coru\u00f1a que&hellip;\n","protected":false},"author":2,"featured_media":443183,"comment_status":"","ping_status":"","sticky":false,"template":"","format":"standard","meta":{"footnotes":""},"categories":[5],"tags":[517,1705,17,18,25,24,13,14,816,11,7386,19,20,7318,9,10,15,16,1925,7387,1146,23,12,21,22],"class_list":["post-443182","post","type-post","status-publish","format-standard","has-post-thumbnail","category-titulares","tag-actualidad","tag-analisis","tag-breaking-news","tag-breakingnews","tag-es","tag-espana","tag-featured-news","tag-featurednews","tag-galicia","tag-headlines","tag-la-coruna","tag-latest-news","tag-latestnews","tag-lugo","tag-news","tag-noticias","tag-noticias-destacadas","tag-noticiasdestacadas","tag-opinion","tag-orense","tag-pontevedra","tag-spain","tag-titulares","tag-ultimas-noticias","tag-ultimasnoticias"],"share_on_mastodon":{"url":"https:\/\/pubeurope.com\/@es\/116216227804859576","error":""},"_links":{"self":[{"href":"https:\/\/www.europesays.com\/es\/wp-json\/wp\/v2\/posts\/443182","targetHints":{"allow":["GET"]}}],"collection":[{"href":"https:\/\/www.europesays.com\/es\/wp-json\/wp\/v2\/posts"}],"about":[{"href":"https:\/\/www.europesays.com\/es\/wp-json\/wp\/v2\/types\/post"}],"author":[{"embeddable":true,"href":"https:\/\/www.europesays.com\/es\/wp-json\/wp\/v2\/users\/2"}],"replies":[{"embeddable":true,"href":"https:\/\/www.europesays.com\/es\/wp-json\/wp\/v2\/comments?post=443182"}],"version-history":[{"count":0,"href":"https:\/\/www.europesays.com\/es\/wp-json\/wp\/v2\/posts\/443182\/revisions"}],"wp:featuredmedia":[{"embeddable":true,"href":"https:\/\/www.europesays.com\/es\/wp-json\/wp\/v2\/media\/443183"}],"wp:attachment":[{"href":"https:\/\/www.europesays.com\/es\/wp-json\/wp\/v2\/media?parent=443182"}],"wp:term":[{"taxonomy":"category","embeddable":true,"href":"https:\/\/www.europesays.com\/es\/wp-json\/wp\/v2\/categories?post=443182"},{"taxonomy":"post_tag","embeddable":true,"href":"https:\/\/www.europesays.com\/es\/wp-json\/wp\/v2\/tags?post=443182"}],"curies":[{"name":"wp","href":"https:\/\/api.w.org\/{rel}","templated":true}]}}