{"id":44321,"date":"2025-08-13T08:49:04","date_gmt":"2025-08-13T08:49:04","guid":{"rendered":"https:\/\/www.europesays.com\/es\/44321\/"},"modified":"2025-08-13T08:49:04","modified_gmt":"2025-08-13T08:49:04","slug":"la-1-se-da-un-breve-respiro-con-el-tirol-real-madrid-12-7-a-la-espera-de-que-lleve-a-cabo-su-nuevo-plan-para-las-tardes","status":"publish","type":"post","link":"https:\/\/www.europesays.com\/es\/44321\/","title":{"rendered":"La 1 se da un breve respiro con el Tirol-Real Madrid (12.7%) a la espera de que lleve a cabo su nuevo plan para las tardes"},"content":{"rendered":"<p class=\"article-text\">\n        <strong>La 1<\/strong> se da un breve respiro dentro del problema que tiene en el tramo final de sus tardes, el que va desde las 19 hasta las 21 horas, que hoy por hoy es el m\u00e1s d\u00e9bil de toda su parrilla diaria. La cadena p\u00fablica suple este martes esa falta de competitividad con el partido amistoso <strong>WSG Tirol-Real Madrid<\/strong>, que impulsa dicho tramo hasta el <strong>12.9% de cuota<\/strong> y los <strong>951.000 espectadores<\/strong>, pr\u00e1cticamente el doble de share que ven\u00eda haciendo \u00faltimamente en esas dos horas del d\u00eda.\n    <\/p>\n<p>    <a href=\"https:\/\/www.eldiario.es\/noticias\/rtve-alarga-apuesta-duplicar-malas-lenguas-la-1-deja-dos-dias-la-piramide-sin-emision_1_12529580.html\" data-mrf-recirculation=\"saber-mas\" data-dl-event=\"saber-mas\" rel=\"nofollow noopener\" target=\"_blank\"><\/p>\n<p class=\"know-more__title\">RTVE alarga su apuesta por duplicar &#8216;Malas lenguas&#8217; en La 1 y deja dos d\u00edas m\u00e1s a &#8216;La Pir\u00e1mide&#8217; sin emisi\u00f3n<\/p>\n<p>            <img decoding=\"async\" class=\"lazy\" loading=\"lazy\" data-src=\"https:\/\/static.eldiario.es\/clip\/a438aa6b-770f-4545-8eb6-55a7a2f8a3e7_16-9-aspect-ratio_default_0.jpg\" src=\"data:image\/svg+xml,%3Csvg xmlns=\" http:=\"\" viewbox=\"0 0 880 495\" alt=\"RTVE alarga su apuesta por duplicar 'Malas lenguas' en La 1 y deja dos d\u00edas m\u00e1s a 'La Pir\u00e1mide' sin emisi\u00f3n\"\/><\/p>\n<p>                        <\/a><\/p>\n<p class=\"article-text\">\n        Aun as\u00ed, la emisi\u00f3n de este encuentro no ha sido m\u00e1s que un mero parche dentro del marco de pruebas que est\u00e1 realizando La 1, que esta semana est\u00e1 probando con emitir entre las 19 y las 21h el segundo bloque de <strong>Malas lenguas<\/strong> en detrimento de <strong>La Pir\u00e1mide <\/strong>y <strong>Aqu\u00ed la Tierra<\/strong>. Todo esto, a la espera de que llegue septiembre y el canal estatal pueda llevar a cabo la nueva hoja de ruta que ha dise\u00f1ado para sus tardes, la cual ha desvelado verTele <a href=\"https:\/\/www.eldiario.es\/vertele\/noticias\/exclusiva-hoja-ruta-rtve-tardes-la-1-piramide-vuelta-ciclista-espana-marta-flich-directo-al-grano-nuevo-programa-magacin_1_12529645.html\" target=\"_blank\" data-mrf-recirculation=\"links-noticia\" class=\"link\" rel=\"nofollow noopener\">en exclusiva<\/a>.\n    <\/p>\n<p class=\"article-text\">\n        Hasta entonces, La 1 seguir\u00e1 teniendo ah\u00ed un problema. Uno que no sufre en el resto de su tarde, como bien demuestran los datos obtenidos este martes con el primer tramo de Malas lenguas (9.3%), el nuevo cap\u00edtulo de <strong>Valle Salvaje<\/strong> (9.4%) y, sobre todo, con el nuevo de <strong>La Promesa<\/strong> (12.8%), que sigue siendo, con amplia diferencia, la oferta de tarde que m\u00e1s garant\u00edas le ofrece.\n    <\/p>\n<ul>\n<li><strong>PROGRAMAS CON MEJOR CUOTA DEL MARTES (POR CADENAS)<\/strong><\/li>\n<\/ul>\n<tr>\n<td colspan=\"2\" class=\"                                                \">\n                    <strong>                    Antena 3:<br \/>\n                    <\/strong>                <\/td>\n<td class=\"                                                \">\n                                        La ruleta de la suerte\n                                    <\/td>\n<td class=\"new_share__tbl--5                                                \">\n                                        21.8%\n                                    <\/td>\n<\/tr>\n<tr>\n<td colspan=\"2\" class=\"                                                \">\n                    <strong>                    La 1:<br \/>\n                    <\/strong>                <\/td>\n<td class=\"                                                \">\n                                        Ma\u00f1aneros 360\n                                    <\/td>\n<td class=\"new_share__tbl--5                                                \">\n                                        14.1%\n                                    <\/td>\n<\/tr>\n<tr>\n<td colspan=\"2\" class=\"                                                \">\n                    <strong>                    Telecinco:<br \/>\n                    <\/strong>                <\/td>\n<td class=\"                                                \">\n                                        La mirada cr\u00edtica\n                                    <\/td>\n<td class=\"new_share__tbl--5                                                \">\n                                        11.9%\n                                    <\/td>\n<\/tr>\n<tr>\n<td colspan=\"2\" class=\"                                                \">\n                    <strong>                    laSexta:<br \/>\n                    <\/strong>                <\/td>\n<td class=\"                                                \">\n                                        Aruser@s -rep-\n                                    <\/td>\n<td class=\"new_share__tbl--5                                                \">\n                                        8.7%\n                                    <\/td>\n<\/tr>\n<tr>\n<td colspan=\"2\" class=\"                                                \">\n                    <strong>                    La 2:<br \/>\n                    <\/strong>                <\/td>\n<td class=\"                                                \">\n                                        Cifras y letras -rep-\n                                    <\/td>\n<td class=\"new_share__tbl--5                                                \">\n                                        6.9%\n                                    <\/td>\n<\/tr>\n<tr>\n<td colspan=\"2\" class=\"                                                \">\n                    <strong>                    Cuatro:<br \/>\n                    <\/strong>                <\/td>\n<td class=\"                                                \">\n                                        En boca de todos\n                                    <\/td>\n<td class=\"new_share__tbl--5                                                \">\n                                        6.3%\n                                    <\/td>\n<\/tr>\n<tr>\n<td colspan=\"2\" class=\"                                                \">\n                    <strong>                    Informativo con mejor share:<br \/>\n                    <\/strong>                <\/td>\n<td class=\"                                                \">\n                                        Antena 3 Noticias 1\n                                    <\/td>\n<td class=\"new_share__tbl--5                                                \">\n                                        21.4%\n                                    <\/td>\n<\/tr>\n<p class=\"article-text\">\n        *Programas emitidos entre las 09:00 y las 01:00 horas\n    <\/p>\n<p class=\"article-text\">\n        \u201cLa ruleta de la suerte\u201d (Antena 3), a las 14:57 con 2.330.570 espectadores y un 27.6% de share\n    <\/p>\n<p>    D\u00eda<\/p>\n<tr>\n<td class=\"                                                \">\n                                        Antena 3\n                                    <\/td>\n<td class=\"new_share__tbl--5                                                \">\n                                        12.5%\n                                    <\/td>\n<\/tr>\n<tr>\n<td class=\"                                                \">\n                                        La 1\n                                    <\/td>\n<td class=\"new_share__tbl--5                                                \">\n                                        11.2%\n                                    <\/td>\n<\/tr>\n<tr>\n<td class=\"                                                \">\n                                        Tem\u00e1ticas de pago\n                                    <\/td>\n<td class=\"new_share__tbl--5                                                \">\n                                        10.2%\n                                    <\/td>\n<\/tr>\n<tr>\n<td class=\"                                                \">\n                                        Auton\u00f3micas (FORTA)\n                                    <\/td>\n<td class=\"new_share__tbl--5                                                \">\n                                        9%\n                                    <\/td>\n<\/tr>\n<tr>\n<td class=\"                                                \">\n                                        Telecinco\n                                    <\/td>\n<td class=\"new_share__tbl--5                                                \">\n                                        7.9%\n                                    <\/td>\n<\/tr>\n<tr>\n<td class=\"                                                \">\n                                        laSexta\n                                    <\/td>\n<td class=\"new_share__tbl--5                                                \">\n                                        5.3%\n                                    <\/td>\n<\/tr>\n<tr>\n<td class=\"                                                \">\n                                        Cuatro\n                                    <\/td>\n<td class=\"new_share__tbl--5                                                \">\n                                        5%\n                                    <\/td>\n<\/tr>\n<tr>\n<td class=\"                                                \">\n                                        La 2\n                                    <\/td>\n<td class=\"new_share__tbl--5                                                \">\n                                        4.1%\n                                    <\/td>\n<\/tr>\n<tr>\n<td class=\"                                                \">\n                                        Auton\u00f3micas privadas\n                                    <\/td>\n<td class=\"new_share__tbl--5                                                \">\n                                        0.3%\n                                    <\/td>\n<\/tr>\n<p>    Mes<\/p>\n<tr>\n<td class=\"                                                \">\n                                        Antena 3\n                                    <\/td>\n<td class=\"new_share__tbl--5                                                \">\n                                        12.4%\n                                    <\/td>\n<\/tr>\n<tr>\n<td class=\"                                                \">\n                                        Tem\u00e1ticas de pago\n                                    <\/td>\n<td class=\"new_share__tbl--5                                                \">\n                                        11.1%\n                                    <\/td>\n<\/tr>\n<tr>\n<td class=\"                                                \">\n                                        La 1\n                                    <\/td>\n<td class=\"new_share__tbl--5                                                \">\n                                        10.1%\n                                    <\/td>\n<\/tr>\n<tr>\n<td class=\"                                                \">\n                                        Auton\u00f3micas (FORTA)\n                                    <\/td>\n<td class=\"new_share__tbl--5                                                \">\n                                        8.7%\n                                    <\/td>\n<\/tr>\n<tr>\n<td class=\"                                                \">\n                                        Telecinco\n                                    <\/td>\n<td class=\"new_share__tbl--5                                                \">\n                                        8.2%\n                                    <\/td>\n<\/tr>\n<tr>\n<td class=\"                                                \">\n                                        Cuatro\n                                    <\/td>\n<td class=\"new_share__tbl--5                                                \">\n                                        5.5%\n                                    <\/td>\n<\/tr>\n<tr>\n<td class=\"                                                \">\n                                        laSexta\n                                    <\/td>\n<td class=\"new_share__tbl--5                                                \">\n                                        5.4%\n                                    <\/td>\n<\/tr>\n<tr>\n<td class=\"                                                \">\n                                        La 2\n                                    <\/td>\n<td class=\"new_share__tbl--5                                                \">\n                                        3.3%\n                                    <\/td>\n<\/tr>\n<tr>\n<td class=\"                                                \">\n                                        Auton\u00f3micas privadas\n                                    <\/td>\n<td class=\"new_share__tbl--5                                                \">\n                                        0.3%\n                                    <\/td>\n<\/tr>\n<p class=\"article-text\">\n        <strong>SOBREMESA<\/strong>\n    <\/p>\n<tr>\n<td class=\"                                                \">\n                                        Antena 3 Noticias 1\n                                    <\/td>\n<td class=\"new_share__tbl--5                                                \">\n                                        21.4%\n                                    <\/td>\n<td class=\"                        new_share__tbl--10                        \">\n                                        1.870.000\n                                    <\/td>\n<\/tr>\n<tr>\n<td class=\"                                                \">\n                                        Telediario 1\n                                    <\/td>\n<td class=\"new_share__tbl--5                                                \">\n                                        12.4%\n                                    <\/td>\n<td class=\"                        new_share__tbl--10                        \">\n                                        1.091.000\n                                    <\/td>\n<\/tr>\n<tr>\n<td class=\"                                                \">\n                                        Informativos Telecinco 15h\n                                    <\/td>\n<td class=\"new_share__tbl--5                                                \">\n                                        9.1%\n                                    <\/td>\n<td class=\"                        new_share__tbl--10                        \">\n                                        797.000\n                                    <\/td>\n<\/tr>\n<tr>\n<td class=\"                                                \">\n                                        laSexta Noticias 14h\n                                    <\/td>\n<td class=\"new_share__tbl--5                                                \">\n                                        8.5%\n                                    <\/td>\n<td class=\"                        new_share__tbl--10                        \">\n                                        647.000\n                                    <\/td>\n<\/tr>\n<tr>\n<td class=\"                                                \">\n                                        Jugones\n                                    <\/td>\n<td class=\"new_share__tbl--5                                                \">\n                                        6.1%\n                                    <\/td>\n<td class=\"                        new_share__tbl--10                        \">\n                                        542.000\n                                    <\/td>\n<\/tr>\n<tr>\n<td class=\"                                                \">\n                                        El Desmarque Cuatro 1\n                                    <\/td>\n<td class=\"new_share__tbl--5                                                \">\n                                        3.8%\n                                    <\/td>\n<td class=\"                        new_share__tbl--10                        \">\n                                        326.000\n                                    <\/td>\n<\/tr>\n<p class=\"article-text\">\n        <strong>PRIME TIME<\/strong>\n    <\/p>\n<tr>\n<td class=\"                                                \">\n                                        Antena 3 Noticias 2\n                                    <\/td>\n<td class=\"new_share__tbl--5                                                \">\n                                        18%\n                                    <\/td>\n<td class=\"                        new_share__tbl--10                        \">\n                                        1.510.000\n                                    <\/td>\n<\/tr>\n<tr>\n<td class=\"                                                \">\n                                        Telediario 2\n                                    <\/td>\n<td class=\"new_share__tbl--5                                                \">\n                                        10.4%\n                                    <\/td>\n<td class=\"                        new_share__tbl--10                        \">\n                                        869.000\n                                    <\/td>\n<\/tr>\n<tr>\n<td class=\"                                                \">\n                                        Informativos Telecinco 21h\n                                    <\/td>\n<td class=\"new_share__tbl--5                                                \">\n                                        8.1%\n                                    <\/td>\n<td class=\"                        new_share__tbl--10                        \">\n                                        689.000\n                                    <\/td>\n<\/tr>\n<tr>\n<td class=\"                                                \">\n                                        laSexta Noticias 20h\n                                    <\/td>\n<td class=\"new_share__tbl--5                                                \">\n                                        6%\n                                    <\/td>\n<td class=\"                        new_share__tbl--10                        \">\n                                        459.000\n                                    <\/td>\n<\/tr>\n<tr>\n<td class=\"                                                \">\n                                        Noticias Cuatro 2\n                                    <\/td>\n<td class=\"new_share__tbl--5                                                \">\n                                        4.6%\n                                    <\/td>\n<td class=\"                        new_share__tbl--10                        \">\n                                        350.000\n                                    <\/td>\n<\/tr>\n<p class=\"article-text\">\n        <strong>FRANJA MATINAL<\/strong>\n    <\/p>\n<tr>\n<td class=\"                                                \">\n                                        Telediario matinal\n                                    <\/td>\n<td class=\"new_share__tbl--5                                                \">\n                                        19.7%\n                                    <\/td>\n<td class=\"                        new_share__tbl--10                        \">\n                                        162.000\n                                    <\/td>\n<\/tr>\n<tr>\n<td class=\"                                                \">\n                                        Antena 3 Noticias de la ma\u00f1ana\n                                    <\/td>\n<td class=\"new_share__tbl--5                                                \">\n                                        13.5%\n                                    <\/td>\n<td class=\"                        new_share__tbl--10                        \">\n                                        109.000\n                                    <\/td>\n<\/tr>\n<tr>\n<td class=\"                                                \">\n                                        El Matinal (Telecinco)\n                                    <\/td>\n<td class=\"new_share__tbl--5                                                \">\n                                        9.4%\n                                    <\/td>\n<td class=\"                        new_share__tbl--10                        \">\n                                        118.000\n                                    <\/td>\n<\/tr>\n<p class=\"article-text\">\n        .\n    <\/p>\n<p>    <a href=\"https:\/\/www.eldiario.es\/vertele\/noticias\/exclusiva-hoja-ruta-rtve-tardes-la-1-piramide-vuelta-ciclista-espana-marta-flich-directo-al-grano-nuevo-programa-magacin_1_12529645.html\" data-mrf-recirculation=\"saber-mas-abajo\" data-dl-event=\"saber-mas-abajo\" rel=\"nofollow noopener\" target=\"_blank\"><\/p>\n<p class=\"know-more__title\">La hoja de ruta de RTVE para las tardes de La 1: &#8216;La Pir\u00e1mide&#8217;, La Vuelta, y Marta Flich con &#8216;Directo al grano&#8217;\n<\/p>\n<p>            <img decoding=\"async\" class=\"lazy\" loading=\"lazy\" data-src=\"https:\/\/static.eldiario.es\/clip\/a2aff564-455d-4c65-85bb-93e9ea040618_16-9-aspect-ratio_default_0.jpg\" src=\"data:image\/svg+xml,%3Csvg xmlns=\" http:=\"\" viewbox=\"0 0 880 495\" alt=\"La hoja de ruta de RTVE para las tardes de La 1: 'La Pir\u00e1mide', La Vuelta, y Marta Flich con 'Directo al grano'\"\/><\/p>\n<p>                        <\/a><\/p>\n<p class=\"article-text\">\n        Todos los datos de audiencia de este informe son CON invitados y CON segundas residencias, el est\u00e1ndar del sector acordado por las cadenas con Kantar Media y aceptado por los anunciantes. Kantar Media, como fabricante de la base de datos que contiene los \u00edndices de audiencia, es la propietaria exclusiva de la informaci\u00f3n suministrada a Vertele. Cualquier utilizaci\u00f3n o reutilizaci\u00f3n de los datos y el uso indebido de los productos Kantar Media S.A. dar\u00e1 lugar a las correspondientes responsabilidades legales.\n    <\/p>\n","protected":false},"excerpt":{"rendered":"La 1 se da un breve respiro dentro del problema que tiene en el tramo final de sus&hellip;\n","protected":false},"author":2,"featured_media":44322,"comment_status":"","ping_status":"","sticky":false,"template":"","format":"standard","meta":{"footnotes":""},"categories":[171],"tags":[8513,45,296,15302,5327,7164,146,147,25,24,4351,6870,10076,205,7797,524,2568,798,18387,23,9747,19978,214],"class_list":{"0":"post-44321","1":"post","2":"type-post","3":"status-publish","4":"format-standard","5":"has-post-thumbnail","7":"category-tv","8":"tag-8513","9":"tag-45","10":"tag-agosto","11":"tag-breve","12":"tag-cabo","13":"tag-da","14":"tag-entertainment","15":"tag-entretenimiento","16":"tag-es","17":"tag-espana","18":"tag-espera","19":"tag-la-1","20":"tag-lleve","21":"tag-madrid","22":"tag-martes","23":"tag-nuevo","24":"tag-plan","25":"tag-real","26":"tag-respiro","27":"tag-spain","28":"tag-tardes","29":"tag-tirol","30":"tag-tv"},"share_on_mastodon":{"url":"","error":""},"_links":{"self":[{"href":"https:\/\/www.europesays.com\/es\/wp-json\/wp\/v2\/posts\/44321","targetHints":{"allow":["GET"]}}],"collection":[{"href":"https:\/\/www.europesays.com\/es\/wp-json\/wp\/v2\/posts"}],"about":[{"href":"https:\/\/www.europesays.com\/es\/wp-json\/wp\/v2\/types\/post"}],"author":[{"embeddable":true,"href":"https:\/\/www.europesays.com\/es\/wp-json\/wp\/v2\/users\/2"}],"replies":[{"embeddable":true,"href":"https:\/\/www.europesays.com\/es\/wp-json\/wp\/v2\/comments?post=44321"}],"version-history":[{"count":0,"href":"https:\/\/www.europesays.com\/es\/wp-json\/wp\/v2\/posts\/44321\/revisions"}],"wp:featuredmedia":[{"embeddable":true,"href":"https:\/\/www.europesays.com\/es\/wp-json\/wp\/v2\/media\/44322"}],"wp:attachment":[{"href":"https:\/\/www.europesays.com\/es\/wp-json\/wp\/v2\/media?parent=44321"}],"wp:term":[{"taxonomy":"category","embeddable":true,"href":"https:\/\/www.europesays.com\/es\/wp-json\/wp\/v2\/categories?post=44321"},{"taxonomy":"post_tag","embeddable":true,"href":"https:\/\/www.europesays.com\/es\/wp-json\/wp\/v2\/tags?post=44321"}],"curies":[{"name":"wp","href":"https:\/\/api.w.org\/{rel}","templated":true}]}}