{"id":443851,"date":"2026-03-12T21:43:11","date_gmt":"2026-03-12T21:43:11","guid":{"rendered":"https:\/\/www.europesays.com\/es\/443851\/"},"modified":"2026-03-12T21:43:11","modified_gmt":"2026-03-12T21:43:11","slug":"grupos-de-presion-brasilenos-preocupados-por-las-dificultades-para-exportar-soja-a-china","status":"publish","type":"post","link":"https:\/\/www.europesays.com\/es\/443851\/","title":{"rendered":"Grupos de presi\u00f3n brasile\u00f1os, \u00abpreocupados\u00bb por las dificultades para exportar soja a China"},"content":{"rendered":"\n<p class=\"yf-1fy9kyt\">SAO PAULO, Brasil, 12 mar (Reuters) &#8211; Las asociaciones comerciales brasile\u00f1as Abiove y Anec dijeron el jueves que est\u00e1n \u00abpreocupadas\u00bb y siguen de cerca \u200clos acontecimientos relacionados con las exportaciones de soja a China, despu\u00e9s de \u200cque Cargill anunci\u00f3 que hab\u00eda suspendido los env\u00edos a ese pa\u00eds por los cambios en las \u200binspecciones de Brasil.<\/p>\n<p class=\"yf-1fy9kyt\">Abiove, un grupo de presi\u00f3n del sector de oleaginosas, y Anec, un grupo de exportadores de cereales, dijeron en un comunicado conjunto que estaban buscando soluciones con las autoridades para garantizar el flujo comercial. No hicieron referencia a \u200cCargill.<\/p>\n<p class=\"yf-1fy9kyt\">El director de Cargill para \u2060Latinoam\u00e9rica, Paulo Sousa, hab\u00eda dicho el mi\u00e9rcoles a Reuters que el Ministerio de Agricultura de Brasil hab\u00eda adoptado una evaluaci\u00f3n sanitaria \u2060m\u00e1s estricta para la soja que tiene como destino China con el fin de detectar plagas y malas hierbas, a petici\u00f3n Pek\u00edn.<\/p>\n<p class=\"yf-1fy9kyt\">Cargill fue el principal transportista de \u200bsoja a \u200bChina el a\u00f1o pasado, con unos 14 \u200bmillones de toneladas m\u00e9tricas, seg\u00fan \u200cdatos de la agencia de transporte Cargonave. China import\u00f3 alrededor del 80% de los 108,7 millones de toneladas que Brasil export\u00f3 en 2025, seg\u00fan Anec.<\/p>\n<p class=\"yf-1fy9kyt\">El Ministerio de Agricultura de Brasil no respondi\u00f3 a una solicitud de comentarios.<\/p>\n<p class=\"yf-1fy9kyt\">En una entrevista con CNN Brasil el jueves, el ministro de Agricultura, Carlos Favaro, dijo que Cargill \u200cse equivocaba al atribuir la situaci\u00f3n a cambios \u200ben los procedimientos, y a\u00f1adi\u00f3 que el Gobierno \u200bno debilitar\u00e1 el sistema sanitario \u200bdebido a una postura corporativa \u00abirresponsable\u00bb.<\/p>\n<p class=\"yf-1fy9kyt\">El ministro dijo que el cumplimiento \u200cdel protocolo restringe las semillas de \u200bmalas hierbas que no \u200bexisten en el pa\u00eds importador, y que la soluci\u00f3n requerir\u00e1 negociaciones entre los exportadores, los compradores y los dos pa\u00edses.<\/p>\n<p class=\"yf-1fy9kyt\">El enfrentamiento ocurre en el \u200bmomento en que Brasil \u200cse encuentra en la parte \u00e1lgida del ciclo exportador de soja.<\/p>\n<p class=\"yf-1fy9kyt\">(Reporte \u200bde Roberto Samora; redacci\u00f3n de Andre Romani y Fernando Cardoso; edici\u00f3n \u200ben espa\u00f1ol de Javier L\u00f3pez de L\u00e9rida)<\/p>\n","protected":false},"excerpt":{"rendered":"SAO PAULO, Brasil, 12 mar (Reuters) &#8211; Las asociaciones comerciales brasile\u00f1as Abiove y Anec dijeron el jueves que&hellip;\n","protected":false},"author":2,"featured_media":443852,"comment_status":"","ping_status":"","sticky":false,"template":"","format":"standard","meta":{"footnotes":""},"categories":[80],"tags":[93200,82,93199,1615,95,94,6408,25,24,48074,93198,93201,23],"class_list":["post-443851","post","type-post","status-publish","format-standard","has-post-thumbnail","category-economia","tag-agencia-de-transporte","tag-business","tag-cargill","tag-china","tag-economia","tag-economy","tag-el-jueves","tag-es","tag-espana","tag-ministerio-de-agricultura","tag-ministro-de-agricultura","tag-paulo-sousa","tag-spain"],"share_on_mastodon":{"url":"https:\/\/pubeurope.com\/@es\/116218390415244619","error":""},"_links":{"self":[{"href":"https:\/\/www.europesays.com\/es\/wp-json\/wp\/v2\/posts\/443851","targetHints":{"allow":["GET"]}}],"collection":[{"href":"https:\/\/www.europesays.com\/es\/wp-json\/wp\/v2\/posts"}],"about":[{"href":"https:\/\/www.europesays.com\/es\/wp-json\/wp\/v2\/types\/post"}],"author":[{"embeddable":true,"href":"https:\/\/www.europesays.com\/es\/wp-json\/wp\/v2\/users\/2"}],"replies":[{"embeddable":true,"href":"https:\/\/www.europesays.com\/es\/wp-json\/wp\/v2\/comments?post=443851"}],"version-history":[{"count":0,"href":"https:\/\/www.europesays.com\/es\/wp-json\/wp\/v2\/posts\/443851\/revisions"}],"wp:featuredmedia":[{"embeddable":true,"href":"https:\/\/www.europesays.com\/es\/wp-json\/wp\/v2\/media\/443852"}],"wp:attachment":[{"href":"https:\/\/www.europesays.com\/es\/wp-json\/wp\/v2\/media?parent=443851"}],"wp:term":[{"taxonomy":"category","embeddable":true,"href":"https:\/\/www.europesays.com\/es\/wp-json\/wp\/v2\/categories?post=443851"},{"taxonomy":"post_tag","embeddable":true,"href":"https:\/\/www.europesays.com\/es\/wp-json\/wp\/v2\/tags?post=443851"}],"curies":[{"name":"wp","href":"https:\/\/api.w.org\/{rel}","templated":true}]}}