{"id":444158,"date":"2026-03-13T01:57:12","date_gmt":"2026-03-13T01:57:12","guid":{"rendered":"https:\/\/www.europesays.com\/es\/444158\/"},"modified":"2026-03-13T01:57:12","modified_gmt":"2026-03-13T01:57:12","slug":"sospechoso-de-terrorismo-en-el-mortal-ataque-en-old-dominion-virginia-fue-reducido-por-estudiantes-segun-funcionarios","status":"publish","type":"post","link":"https:\/\/www.europesays.com\/es\/444158\/","title":{"rendered":"Sospechoso de terrorismo en el mortal ataque en Old Dominion, Virginia, fue reducido por estudiantes, seg\u00fan funcionarios"},"content":{"rendered":"<p>      CNN<br \/>\n        \u00a0\u2014\u00a0<\/p>\n<p class=\"paragraph inline-placeholder vossi-paragraph\" data-uri=\"es.cms.cnn.com\/_components\/paragraph\/instances\/cmmnzq2rm000s3j6sbxm4xha9@published\" data-editable=\"text\" data-component-name=\"paragraph\" data-article-gutter=\"true\">\n            Cuando un simpatizante convicto de ISIS entr\u00f3 el jueves en un aula de ROTC en la Universidad Old Dominion y abri\u00f3 fuego, el grupo de estudiantes que estaba dentro apenas dud\u00f3 antes de levantarse de un salto para reducir a su atacante.\n    <\/p>\n<p class=\"paragraph inline-placeholder vossi-paragraph\" data-uri=\"es.cms.cnn.com\/_components\/paragraph\/instances\/cmmo7dfe60008356rha1j9hoy@published\" data-editable=\"text\" data-component-name=\"paragraph\" data-article-gutter=\"true\">\n            Al final del forcejeo, el tirador estaba muerto, pero tambi\u00e9n lo estaba uno de sus compa\u00f1eros.\n    <\/p>\n<p class=\"paragraph inline-placeholder vossi-paragraph\" data-uri=\"es.cms.cnn.com\/_components\/paragraph\/instances\/cmmo7dfe60009356rgs6iaims@published\" data-editable=\"text\" data-component-name=\"paragraph\" data-article-gutter=\"true\">\n            El FBI est\u00e1 investigando ahora el ataque del jueves por la ma\u00f1ana como un acto de terrorismo, e identific\u00f3 al tirador como Mohamed Bailor Jalloh, un exmiembro de la Guardia Nacional de Virginia que cumpli\u00f3 condena por intentar ayudar al grupo militante isl\u00e1mico hace una d\u00e9cada.\n    <\/p>\n<p class=\"paragraph inline-placeholder vossi-paragraph\" data-uri=\"es.cms.cnn.com\/_components\/paragraph\/instances\/cmmo7dfe6000a356ru5c1yba4@published\" data-editable=\"text\" data-component-name=\"paragraph\" data-article-gutter=\"true\">\n            Antes de que comenzara el ataque, la agente especial a cargo del FBI Dominique Evans dijo que Jalloh grit\u00f3 \u201cAllahu Akbar\u201d \u2014o \u201cDios es m\u00e1s grande\u201d.\n    <\/p>\n<p class=\"paragraph inline-placeholder vossi-paragraph\" data-uri=\"es.cms.cnn.com\/_components\/paragraph\/instances\/cmmo7dfe6000b356r6oss3nh3@published\" data-editable=\"text\" data-component-name=\"paragraph\" data-article-gutter=\"true\">\n            \u201cValientes miembros del ROTC en esa sala lo redujeron, y si no fuera por ellos, no estoy segura de qu\u00e9 m\u00e1s podr\u00eda haber hecho\u201d, dijo Evans el jueves.\n    <\/p>\n<p>       <img decoding=\"async\" src=\"https:\/\/www.europesays.com\/es\/wp-content\/uploads\/2026\/03\/jalloh.jpg\" alt=\"Mohamed Bailor Jalloh, el sospechoso del tiroteo de 36 a\u00f1os.\" class=\"image__dam-img image__dam-img--loading\" onload=\"this.classList.remove('image__dam-img--loading')\" onerror=\"imageLoadError(this)\" height=\"867\" width=\"860\" loading=\"lazy\"\/><\/p>\n<p class=\"paragraph inline-placeholder vossi-paragraph\" data-uri=\"es.cms.cnn.com\/_components\/paragraph\/instances\/cmmo7dfe6000c356rvq7tjc81@published\" data-editable=\"text\" data-component-name=\"paragraph\" data-article-gutter=\"true\">\n            Uno de los estudiantes apu\u00f1al\u00f3 a Jalloh, seg\u00fan m\u00faltiples fuentes de las autoridades informadas sobre el caso. No est\u00e1 claro c\u00f3mo muri\u00f3 el atacante.\n    <\/p>\n<p class=\"paragraph inline-placeholder vossi-paragraph\" data-uri=\"es.cms.cnn.com\/_components\/paragraph\/instances\/cmmo7dfe6000d356r8zopw1ad@published\" data-editable=\"text\" data-component-name=\"paragraph\" data-article-gutter=\"true\">\n            La persona muerta fue identificada como el teniente coronel Brandon Shah, <a href=\"https:\/\/x.com\/governorva\/status\/2032245388430749880?s=46\" target=\"_blank\" rel=\"nofollow\">seg\u00fan la gobernadora de Virginia, Abigail Spanberger<\/a>, quien lo describi\u00f3 como un dedicado instructor de ROTC que \u201cno solo llev\u00f3 una vida de servicio a nuestro pa\u00eds, sino que ense\u00f1\u00f3 y gui\u00f3 a otros a seguir ese camino\u201d.\n    <\/p>\n<p class=\"paragraph inline-placeholder vossi-paragraph\" data-uri=\"es.cms.cnn.com\/_components\/paragraph\/instances\/cmmo7dfe6000e356r0hxnqpyn@published\" data-editable=\"text\" data-component-name=\"paragraph\" data-article-gutter=\"true\">\n            Otros dos fueron hospitalizados con lesiones, dijo el jefe de polic\u00eda universitaria Garrett Shelton. Se\u00f1al\u00f3 que las tres v\u00edctimas eran miembros de la universidad.\n    <\/p>\n<p class=\"paragraph inline-placeholder vossi-paragraph\" data-uri=\"es.cms.cnn.com\/_components\/paragraph\/instances\/cmmo7dfe6000f356rmhaeecar@published\" data-editable=\"text\" data-component-name=\"paragraph\" data-article-gutter=\"true\">\n            El ataque se produce despu\u00e9s de que el s\u00e1bado dos sospechosos de terrorismo fueran acusados de lanzar bombas improvisadas a una multitud de manifestantes frente a la casa del alcalde de la ciudad de Nueva York, Zohran Mamdani.\n    <\/p>\n<p class=\"paragraph inline-placeholder vossi-paragraph\" data-uri=\"es.cms.cnn.com\/_components\/paragraph\/instances\/cmmo7dfe6000g356r0wmefpni@published\" data-editable=\"text\" data-component-name=\"paragraph\" data-article-gutter=\"true\">\n            Tambi\u00e9n ocurri\u00f3 en medio del mes sagrado musulm\u00e1n del Ramad\u00e1n, una \u00e9poca de ayuno y renovaci\u00f3n espiritual para la mayor\u00eda de los musulmanes.\n    <\/p>\n<p class=\"paragraph inline-placeholder vossi-paragraph\" data-uri=\"es.cms.cnn.com\/_components\/paragraph\/instances\/cmmo7dfe6000h356rl2a09imt@published\" data-editable=\"text\" data-component-name=\"paragraph\" data-article-gutter=\"true\">\n            Cuando Jalloh apoyaba a ISIS en 2016, coment\u00f3 que cre\u00eda que el Ramad\u00e1n ser\u00eda el momento ideal para llevar a cabo un ataque, seg\u00fan registros judiciales.\n    <\/p>\n<p>       <img decoding=\"async\" src=\"https:\/\/www.europesays.com\/es\/wp-content\/uploads\/2026\/03\/ataque-20260313004706080.jpg\" alt=\"La polic\u00eda bloquea una carretera de acceso despu\u00e9s de que un hombre armado abriera fuego en la Universidad Old Dominion en Norfolk, EE. UU., el 12 de marzo, en una imagen fija de un video.\" class=\"image__dam-img image__dam-img--loading\" onload=\"this.classList.remove('image__dam-img--loading')\" onerror=\"imageLoadError(this)\" height=\"574\" width=\"860\" loading=\"lazy\"\/><\/p>\n<p class=\"paragraph inline-placeholder vossi-paragraph\" data-uri=\"es.cms.cnn.com\/_components\/paragraph\/instances\/cmmo7dfe6000i356rq83iihp5@published\" data-editable=\"text\" data-component-name=\"paragraph\" data-article-gutter=\"true\">\n            En 2016, Jalloh intent\u00f3 conseguir armas para ser utilizadas en lo que \u00e9l cre\u00eda que ser\u00eda un ataque cometido en nombre de ISIS y tambi\u00e9n intent\u00f3 donar dinero al grupo, seg\u00fan el Departamento de Justicia.\n    <\/p>\n<p class=\"paragraph inline-placeholder vossi-paragraph\" data-uri=\"es.cms.cnn.com\/_components\/paragraph\/instances\/cmmo7dfe7000j356rn8q7jsa5@published\" data-editable=\"text\" data-component-name=\"paragraph\" data-article-gutter=\"true\">\n            Sin que Jalloh lo supiera, hab\u00eda estado hablando con una fuente del FBI que estaba monitoreando su comportamiento. Al hablar sobre el calendario para un posible ataque en suelo estadounidense, Jalloh \u201cexpres\u00f3 que era mejor planificar una operaci\u00f3n para el Ramad\u00e1n\u201d, seg\u00fan una declaraci\u00f3n jurada de un agente del FBI.\n    <\/p>\n<p class=\"paragraph inline-placeholder vossi-paragraph\" data-uri=\"es.cms.cnn.com\/_components\/paragraph\/instances\/cmmo7dfe7000k356rh19kgkj2@published\" data-editable=\"text\" data-component-name=\"paragraph\" data-article-gutter=\"true\">\n            Jalloh se declar\u00f3 culpable de intentar proporcionar apoyo material a una organizaci\u00f3n terrorista extranjera designada y fue condenado a 11 a\u00f1os de prisi\u00f3n en 2017. Fue liberado de custodia federal en diciembre de 2024.\n    <\/p>\n<p class=\"paragraph inline-placeholder vossi-paragraph\" data-uri=\"es.cms.cnn.com\/_components\/paragraph\/instances\/cmmo7dfe7000l356r1mxrlpls@published\" data-editable=\"text\" data-component-name=\"paragraph\" data-article-gutter=\"true\">\n            Los investigadores creen que Jalloh desde hace mucho tiempo se inspiraba en una masacre a tiros en la base militar de Fort Hood en 2009, durante la cual un psiquiatra del Ej\u00e9rcito mat\u00f3 a 13 personas e hiri\u00f3 a otras 32. En 2016 declar\u00f3 que hab\u00eda estado pensando en llevar a cabo un ataque similar, y Evans confirm\u00f3 que su ataque del jueves parec\u00eda inspirado por ese hecho.\n    <\/p>\n<p class=\"paragraph inline-placeholder vossi-paragraph\" data-uri=\"es.cms.cnn.com\/_components\/paragraph\/instances\/cmmo7dfe7000m356rlqpblci5@published\" data-editable=\"text\" data-component-name=\"paragraph\" data-article-gutter=\"true\">\n            Jalloh sirvi\u00f3 como ingeniero de combate de 2009 a 2015, dijo el jueves un funcionario del Ej\u00e9rcito. Le dijo a la fuente del FBI en 2016 que decidi\u00f3 no volver a alistarse despu\u00e9s de escuchar varias conferencias en l\u00ednea de un l\u00edder fallecido de Al Qaeda.\n    <\/p>\n<p class=\"paragraph inline-placeholder vossi-paragraph\" data-uri=\"es.cms.cnn.com\/_components\/paragraph\/instances\/cmmo7dfe7000n356rmvbgv2cs@published\" data-editable=\"text\" data-component-name=\"paragraph\" data-article-gutter=\"true\">\n            El FBI a\u00fan est\u00e1 trabajando para reconstruir un panorama completo de lo ocurrido. Se anima a cualquier persona con informaci\u00f3n sobre Jalloh o el ataque a <a href=\"https:\/\/tips.fbi.gov\/digitalmedia\/dbdf22b1dea50ee#googtrans(es)\" target=\"_blank\" rel=\"nofollow noopener\">presentar una pista<\/a>.\n    <\/p>\n<p class=\"paragraph inline-placeholder vossi-paragraph\" data-uri=\"es.cms.cnn.com\/_components\/paragraph\/instances\/cmmo7dfe7000o356r5rv6l5xf@published\" data-editable=\"text\" data-component-name=\"paragraph\" data-article-gutter=\"true\">\n            \u201cUna recopilaci\u00f3n de esos peque\u00f1os detalles puede ayudar a pintar un panorama completo\u201d, dijo Evans.\n    <\/p>\n<p class=\"paragraph inline-placeholder vossi-paragraph\" data-uri=\"es.cms.cnn.com\/_components\/paragraph\/instances\/cmmo7dfe7000q356rs3xixqfj@published\" data-editable=\"text\" data-component-name=\"paragraph\" data-article-gutter=\"true\">\n            El tiroteo en <a href=\"https:\/\/www.odu.edu\/technology-services\/technology-classrooms\/const\" target=\"_blank\" rel=\"nofollow noopener\">Constant Hall<\/a> \u2014el edificio principal de la escuela para la Facultad de Negocios\u2014 ocurri\u00f3 apenas unos d\u00edas antes del comienzo el lunes <a href=\"https:\/\/www.odu.edu\/academics\/calendar\/events\/spring-holiday-no-classes\" target=\"_blank\" rel=\"nofollow noopener\">un receso escolar<\/a> de una semana. Tras el tiroteo, la universidad <a href=\"https:\/\/www.odu.edu\/emergency-alert\" target=\"_blank\" rel=\"nofollow noopener\">cancel\u00f3<\/a> las clases y las operaciones en su campus principal por el resto del jueves y el viernes.\n    <\/p>\n<p>       <img decoding=\"async\" src=\"https:\/\/www.europesays.com\/es\/wp-content\/uploads\/2026\/03\/campus.jpg\" alt=\"La polic\u00eda llega afuera del campus de la Universidad Old Dominion tras informes de un tirador activo el jueves 12 de marzo, Norfolk, Virginia.\" class=\"image__dam-img image__dam-img--loading\" onload=\"this.classList.remove('image__dam-img--loading')\" onerror=\"imageLoadError(this)\" height=\"573\" width=\"860\" loading=\"lazy\"\/><\/p>\n<p class=\"paragraph inline-placeholder vossi-paragraph\" data-uri=\"es.cms.cnn.com\/_components\/paragraph\/instances\/cmmo7vgb4001a356re52nsc89@published\" data-editable=\"text\" data-component-name=\"paragraph\" data-article-gutter=\"true\">\n            \u00abNuestro campus y nuestra comunidad se han visto verdaderamente sacudidos y afectados para siempre por este acto de violencia sin sentido, y queremos extender nuestros pensamientos y oraciones a las familias y a las v\u00edctimas y a quienes se vieron afectados por este acto hoy\u00bb, dijo el presidente de la universidad, Brian Hemphill, durante la conferencia de prensa del jueves.\n    <\/p>\n<p class=\"paragraph inline-placeholder vossi-paragraph\" data-uri=\"es.cms.cnn.com\/_components\/paragraph\/instances\/cmmo7dfe7000r356r7rzspzjh@published\" data-editable=\"text\" data-component-name=\"paragraph\" data-article-gutter=\"true\">\n            La polic\u00eda comenz\u00f3 a recibir llamadas sobre el tiroteo a las 10:43 a. m.; los agentes de polic\u00eda llegaron cuatro minutos despu\u00e9s; y para las 10:50 a. m. \u00abse determin\u00f3 que el\u2026 agresor hab\u00eda fallecido\u00bb, dijo Shelton.\n    <\/p>\n<p class=\"paragraph inline-placeholder vossi-paragraph\" data-uri=\"es.cms.cnn.com\/_components\/paragraph\/instances\/cmmo7dfe7000s356rj70t2ziq@published\" data-editable=\"text\" data-component-name=\"paragraph\" data-article-gutter=\"true\">\n            Finalmente se dio un \u00abtodo despejado\u00bb, dijo la universidad en <a href=\"https:\/\/www.odu.edu\/emergency-alert\" target=\"_blank\" rel=\"nofollow noopener\">alertas en l\u00ednea<\/a>. \u00abYa no hay una amenaza activa para la comunidad del campus\u00bb, dijo la universidad.\n    <\/p>\n<p class=\"paragraph inline-placeholder vossi-paragraph\" data-uri=\"es.cms.cnn.com\/_components\/paragraph\/instances\/cmmo7dfe7000t356rx5fqxgst@published\" data-editable=\"text\" data-component-name=\"paragraph\" data-article-gutter=\"true\">\n            El estudiante de Old Dominion, Zachary Mulder, acababa de salir de clase en Constant Hall y estaba leyendo un libro en un edificio al otro lado cuando un gran grupo de personas entr\u00f3 corriendo \u00abgritando \u201ctirador\u201d y \u201carma\u201d\u00bb, dijo.\n    <\/p>\n<p class=\"paragraph inline-placeholder vossi-paragraph\" data-uri=\"es.cms.cnn.com\/_components\/paragraph\/instances\/cmmo7dfe7000u356rs82wau0w@published\" data-editable=\"text\" data-component-name=\"paragraph\" data-article-gutter=\"true\">\n            \u00abSe me cay\u00f3 el alma. Realmente no sab\u00eda qu\u00e9 estaba pasando. Solo sab\u00eda que ten\u00eda que irme de inmediato\u00bb, dijo Mulder a <a href=\"https:\/\/www.wtkr.com\/news\/in-the-community\/norfolk\/major-police-activity-at-old-dominion-u-students-staff-sheltering-in-place\" target=\"_blank\" rel=\"nofollow noopener\">WTKR, afiliada de CNN<\/a>. \u00abFue bastante aterrador en ese momento, porque realmente no sab\u00eda qu\u00e9 estaba pasando ni qu\u00e9 tan cerca estaba la amenaza\u00bb.\n    <\/p>\n<p class=\"paragraph inline-placeholder vossi-paragraph\" data-uri=\"es.cms.cnn.com\/_components\/paragraph\/instances\/cmmo7dfe7000v356rmq9d7h10@published\" data-editable=\"text\" data-component-name=\"paragraph\" data-article-gutter=\"true\">\n            Dos v\u00edctimas fueron trasladadas al Norfolk General Hospital, dijo Shelton. M\u00e1s tarde, la polic\u00eda supo que una tercera v\u00edctima \u00abse traslad\u00f3 por su cuenta a un hospital en Virginia Beach\u00bb, dijo Shelton.\n    <\/p>\n<p class=\"paragraph inline-placeholder vossi-paragraph\" data-uri=\"es.cms.cnn.com\/_components\/paragraph\/instances\/cmmo7dfe7000w356rzqa6blxt@published\" data-editable=\"text\" data-component-name=\"paragraph\" data-article-gutter=\"true\">\n            A los estudiantes, profesores y personal se les estaba proporcionando almuerzo y apoyo de consejer\u00eda tras el tiroteo, seg\u00fan <a href=\"https:\/\/www.odu.edu\/president\/article\/message-from-president-hemphill\" target=\"_blank\" rel=\"nofollow noopener\">un mensaje en l\u00ednea de Hemphill<\/a>, el presidente de la universidad.\n    <\/p>\n<p class=\"paragraph inline-placeholder vossi-paragraph\" data-uri=\"es.cms.cnn.com\/_components\/paragraph\/instances\/cmmo7dfe7000x356ruica0bcc@published\" data-editable=\"text\" data-component-name=\"paragraph\" data-article-gutter=\"true\">\n            El apoyo estatal tambi\u00e9n estaba \u00absiendo movilizado\u00bb para ayudar a la universidad y a la polic\u00eda de Norfolk, <a href=\"https:\/\/x.com\/GovernorVA\/status\/2032123944459743294?s=20\" target=\"_blank\" rel=\"nofollow\">dijo Spanberger<\/a>. \u00abHe hablado con los l\u00edderes de la universidad. Mi administraci\u00f3n permanece en estrecho contacto con los servicios de emergencia locales\u00bb.\n    <\/p>\n<p class=\"paragraph inline-placeholder vossi-paragraph\" data-uri=\"es.cms.cnn.com\/_components\/paragraph\/instances\/cmmo7dfe7000y356rcwdzw39h@published\" data-editable=\"text\" data-component-name=\"paragraph\" data-article-gutter=\"true\">\n            Inicialmente, la universidad hab\u00eda informado de una \u00abamenaza activa\u00bb en Constant Hall en su sitio web. \u00abSiga los protocolos de Correr-Esconderse-Luchar. Personal de emergencia respondiendo. Evite el \u00e1rea\u00bb, dec\u00eda una alerta de emergencia de la universidad.\n    <\/p>\n<p class=\"paragraph inline-placeholder vossi-paragraph\" data-uri=\"es.cms.cnn.com\/_components\/paragraph\/instances\/cmmo7dfe7000z356r1scm1lmd@published\" data-editable=\"text\" data-component-name=\"paragraph\" data-article-gutter=\"true\">\n            Old Dominion University es una instituci\u00f3n p\u00fablica con alrededor de 24.000 estudiantes, seg\u00fan la escuela. Est\u00e1 ubicada en Norfolk, a unos 140 kil\u00f3metros al sureste de Richmond y a un trayecto en autom\u00f3vil de 320 kil\u00f3metros al sureste de Washington.\n    <\/p>\n<p class=\"paragraph inline-placeholder vossi-paragraph\" data-uri=\"es.cms.cnn.com\/_components\/paragraph\/instances\/cmmo7dfe70010356rggbkmxfm@published\" data-editable=\"text\" data-component-name=\"paragraph\" data-article-gutter=\"true\">\n            Esta historia ha sido actualizada con informaci\u00f3n adicional.\n    <\/p>\n<p class=\"paragraph inline-placeholder vossi-paragraph\" data-uri=\"es.cms.cnn.com\/_components\/paragraph\/instances\/cmmo7dfe70011356rhll6sjbt@published\" data-editable=\"text\" data-component-name=\"paragraph\" data-article-gutter=\"true\">\n            Holmes Lybrand, Devon Sayers, Toni Odejimi, Heather Holley y Haley Britzky, de CNN, contribuyeron a este reportaje.\n    <\/p>\n","protected":false},"excerpt":{"rendered":"CNN \u00a0\u2014\u00a0 Cuando un simpatizante convicto de ISIS entr\u00f3 el jueves en un aula de ROTC en la&hellip;\n","protected":false},"author":2,"featured_media":444159,"comment_status":"","ping_status":"","sticky":false,"template":"","format":"standard","meta":{"footnotes":""},"categories":[42],"tags":[93261,17,18,13,14,11,150,61,62,63,64,19,20,9,10,15,16,6773,12,21,22,2845,93262,4216,65,66,67],"class_list":["post-444158","post","type-post","status-publish","format-standard","has-post-thumbnail","category-internacional","tag-atf","tag-breaking-news","tag-breakingnews","tag-featured-news","tag-featurednews","tag-headlines","tag-instanoticias","tag-internacional","tag-international","tag-international-news","tag-internationalnews","tag-latest-news","tag-latestnews","tag-news","tag-noticias","tag-noticias-destacadas","tag-noticiasdestacadas","tag-tiroteo","tag-titulares","tag-ultimas-noticias","tag-ultimasnoticias","tag-universidad","tag-universidad-old-dominion","tag-virginia","tag-world","tag-world-news","tag-worldnews"],"share_on_mastodon":{"url":"","error":"Validation failed: Text character limit of 500 exceeded"},"_links":{"self":[{"href":"https:\/\/www.europesays.com\/es\/wp-json\/wp\/v2\/posts\/444158","targetHints":{"allow":["GET"]}}],"collection":[{"href":"https:\/\/www.europesays.com\/es\/wp-json\/wp\/v2\/posts"}],"about":[{"href":"https:\/\/www.europesays.com\/es\/wp-json\/wp\/v2\/types\/post"}],"author":[{"embeddable":true,"href":"https:\/\/www.europesays.com\/es\/wp-json\/wp\/v2\/users\/2"}],"replies":[{"embeddable":true,"href":"https:\/\/www.europesays.com\/es\/wp-json\/wp\/v2\/comments?post=444158"}],"version-history":[{"count":0,"href":"https:\/\/www.europesays.com\/es\/wp-json\/wp\/v2\/posts\/444158\/revisions"}],"wp:featuredmedia":[{"embeddable":true,"href":"https:\/\/www.europesays.com\/es\/wp-json\/wp\/v2\/media\/444159"}],"wp:attachment":[{"href":"https:\/\/www.europesays.com\/es\/wp-json\/wp\/v2\/media?parent=444158"}],"wp:term":[{"taxonomy":"category","embeddable":true,"href":"https:\/\/www.europesays.com\/es\/wp-json\/wp\/v2\/categories?post=444158"},{"taxonomy":"post_tag","embeddable":true,"href":"https:\/\/www.europesays.com\/es\/wp-json\/wp\/v2\/tags?post=444158"}],"curies":[{"name":"wp","href":"https:\/\/api.w.org\/{rel}","templated":true}]}}