{"id":444205,"date":"2026-03-13T02:33:09","date_gmt":"2026-03-13T02:33:09","guid":{"rendered":"https:\/\/www.europesays.com\/es\/444205\/"},"modified":"2026-03-13T02:33:09","modified_gmt":"2026-03-13T02:33:09","slug":"la-fundacion-miro-abre-al-publico-por-primera-vez-el-jardin-de-los-cipreses-noticias-de-cataluna","status":"publish","type":"post","link":"https:\/\/www.europesays.com\/es\/444205\/","title":{"rendered":"La Fundaci\u00f3n Mir\u00f3 abre al p\u00fablico por primera vez el Jard\u00edn de los Cipreses | Noticias de Catalu\u00f1a"},"content":{"rendered":"<p class=\"\">El director de la <a href=\"https:\/\/elpais.com\/noticias\/fundacion-miro\/\" target=\"_self\" rel=\"nofollow noopener\" title=\"https:\/\/elpais.com\/noticias\/fundacion-miro\/\">Fundaci\u00f3n Mir\u00f3<\/a>, Marko Daniel, <a href=\"https:\/\/elpais.com\/espana\/catalunya\/2026-02-25\/marko-daniel-dejara-en-junio-la-direccion-de-la-fundacion-miro.html\" target=\"_self\" rel=\"nofollow noopener\" title=\"https:\/\/elpais.com\/espana\/catalunya\/2026-02-25\/marko-daniel-dejara-en-junio-la-direccion-de-la-fundacion-miro.html\">finalizar\u00e1 su etapa de ocho a\u00f1os<\/a> al frente de esta instituci\u00f3n del arte catal\u00e1n dejando como legado la apertura al p\u00fablico por primera vez del Jard\u00edn de los Cipreses, donde se puede contemplar la escultura Mujer, de 1970. Aunque era un espacio accesible puntualmente, ahora pasa a formar parte del recorrido muse\u00edstico de la colecci\u00f3n, que ha sido reordenada para conectarla mejor con la arquitectura de <a href=\"https:\/\/elpais.com\/cultura\/2019\/06\/04\/actualidad\/1559663372_528528.html\" target=\"_self\" rel=\"nofollow noopener\" title=\"https:\/\/elpais.com\/cultura\/2019\/06\/04\/actualidad\/1559663372_528528.html\">Josep Llu\u00eds Sert<\/a> y, a la vez, con el p\u00fablico. Coincidiendo con el cincuenta aniversario, se han incorporado pr\u00e9stamos destacados, como seis obras cedidas temporalmente por el<a href=\"https:\/\/elpais.com\/cultura\/2026-02-16\/el-museo-reina-sofia-vuelve-a-ordenar-su-coleccion-de-la-transicion-al-presente-para-hallar-futuros-deseables.html\" target=\"_self\" rel=\"nofollow noopener\" title=\"https:\/\/elpais.com\/cultura\/2026-02-16\/el-museo-reina-sofia-vuelve-a-ordenar-su-coleccion-de-la-transicion-al-presente-para-hallar-futuros-deseables.html\"> Museo Reina Sof\u00eda<\/a>, y una selecci\u00f3n de piezas de <a href=\"https:\/\/elpais.com\/cultura\/2019\/06\/28\/actualidad\/1561745565_671933.html\" target=\"_self\" rel=\"nofollow noopener\" title=\"https:\/\/elpais.com\/cultura\/2019\/06\/28\/actualidad\/1561745565_671933.html\">Alexander Calder.<\/a> Adem\u00e1s, se puede ver la pintura in\u00e9dita Dos mujeres, de 1931.<\/p>\n<p>M\u00e1s informaci\u00f3n<\/p>\n<p class=\"\">Si hace dos semanas el Patronato de la Fundaci\u00f3n informaba de la <a href=\"https:\/\/elpais.com\/espana\/catalunya\/2026-02-25\/marko-daniel-dejara-en-junio-la-direccion-de-la-fundacion-miro.html\" target=\"_self\" rel=\"nofollow noopener\" title=\"https:\/\/elpais.com\/espana\/catalunya\/2026-02-25\/marko-daniel-dejara-en-junio-la-direccion-de-la-fundacion-miro.html\">pr\u00f3xima salida del que ha sido su director<\/a> durante los \u00faltimos ocho a\u00f1os, este jueves \u00e9l mismo ha presentado uno de los grandes retos en qu\u00e9 ha estado enfrascado \u00faltimamente, con permiso de los <a href=\"https:\/\/elpais.com\/espana\/catalunya\/2025-06-05\/el-50-aniversario-de-la-fundacion-miro-de-barcelona-se-centrara-en-subrayar-la-dimension-internacional-del-artista-y-en-celebrar-el-edificio-de-sert.html\" target=\"_self\" rel=\"nofollow noopener\" title=\"https:\/\/elpais.com\/espana\/catalunya\/2025-06-05\/el-50-aniversario-de-la-fundacion-miro-de-barcelona-se-centrara-en-subrayar-la-dimension-internacional-del-artista-y-en-celebrar-el-edificio-de-sert.html\">fastos para celebrar el cincuenta aniversario.<\/a> En la presentaci\u00f3n, Marko Daniel ha afirmado que \u201ctodo empieza y termina con el c\u00edrculo\u201d en esta nueva mirada titulada precisamente <a href=\"https:\/\/www.fmirobcn.org\/ca\/exposicions\/7353\/joan-miro-cercles\" target=\"_blank\" rel=\"nofollow noopener\" title=\"https:\/\/www.fmirobcn.org\/ca\/exposicions\/7353\/joan-miro-cercles\">Joan Mir\u00f3. C\u00edrculos<\/a>. En un paralelismo con su situaci\u00f3n, ha considerado que la vida son etapas que se abren y se cierran. <\/p>\n<p class=\"\">En este sentido, el director ha destacado que, cuando lleg\u00f3 al centro, lo primero que hizo fue abrir al p\u00fablico el <a href=\"https:\/\/www.fmirobcn.org\/ca\/visita\/visites-privades-i-lloguer-despais\/pati-nord\/\" target=\"_blank\" rel=\"nofollow noopener\" title=\"https:\/\/www.fmirobcn.org\/ca\/visita\/visites-privades-i-lloguer-despais\/pati-nord\/\">Patio Norte<\/a>, que se ha convertido en un gran mirador de la ciudad, presidido por la escultura Luna, sol y una estrella (1968); y se marcha integrando otro espacio exterior, el jard\u00edn que crearon conjuntamente Forestier, Rubi\u00f3 i Tudur\u00ed y Puig i Cadafalch entre 1915 y 1929, que formaba parte del antiguo trazado de los Jardines Laribal, tambi\u00e9n coronado por una escultura de bronce, una mujer con un caracol. <\/p>\n<p><img alt=\"\" decoding=\"auto\" class=\"_re lazyload a_m-h\" height=\"276\"  width=\"414\"  src=\"https:\/\/www.europesays.com\/es\/wp-content\/uploads\/2026\/03\/YMBWCALHCROJFHAXE3UNCUV3PA.jpg\" loading=\"lazy\"\/>Pintura que forma parte de &#8216;Joan Mir\u00f3. C\u00edrculos&#8217;. Marta P\u00e9rez (EFE)<\/p>\n<p class=\"\">No es nueva, esta pieza ya estaba en la Fundaci\u00f3n, pero el cambio de emplazamiento le da mucho m\u00e1s protagonismo. Por ahora es la \u00fanica obra de <a href=\"https:\/\/elpais.com\/noticias\/joan-miro\/\" target=\"_self\" rel=\"nofollow noopener\" title=\"https:\/\/elpais.com\/noticias\/joan-miro\/\">Mir\u00f3 <\/a>en este espacio verde, que se ha rehabilitado respetando totalmente el original y su mobiliario centenario, como la fuente de piedra y cer\u00e1mica, que sigue la misma l\u00ednea crom\u00e1tica de los bancos que invitan a evadirse, contemplando los cipreses, que con su esbelta silueta evocan la eternidad.<\/p>\n<p class=\"\">\u201cSi paseo, miro o la tierra o el cielo, no el paisaje\u201d, subraya Mir\u00f3 en un texto inclu\u00eddo en el recorrido, una manera de entender el arte que se ramifica por toda la exposici\u00f3n. Se juega con todos los elementos para reforzar los diferentes puntos de vista que el artista propon\u00eda. Su obra se puede entender como un di\u00e1logo constante entre opuestos: no se lee igual de cerca que de lejos, desde fuera que desde dentro y con luz natural o indirecta.<\/p>\n<p>Un redescubrimiento<\/p>\n<p class=\"\">Reordenar la colecci\u00f3n ha sido un trabajo de m\u00e1s de tres a\u00f1os que ha concluido con una nueva mirada a la obra mironiana, donde se prescinde del relato cronol\u00f3gico o tem\u00e1tico para poner a dialogar las obras entre ellas, con el espacio y el visitante, seg\u00fan ha contado Teresa Montaner,<a href=\"https:\/\/elpais.com\/ccaa\/2018\/12\/19\/catalunya\/1545250019_190113.html\" target=\"_self\" rel=\"nofollow noopener\" title=\"https:\/\/elpais.com\/ccaa\/2018\/12\/19\/catalunya\/1545250019_190113.html\"> la jefa de Colecciones, <\/a>una de las personas que m\u00e1s sabe de este influyente pintor del siglo XX que quiso dejar a la ciudad un centro de arte vivo. <\/p>\n<p class=\"\">Convirtiendo el arte de Mir\u00f3 en inmersivo mucho antes de que esta palabra corriera por algunos centros art\u00edsticos, Teresa Montaner ha defendido que \u201cla idea es que el visitante forme parte de la propia obra\u201d y el objetivo de fusi\u00f3n art\u00edstica y arquitect\u00f3nica de Mir\u00f3 y su amigo Sert tome m\u00e1s sentido todav\u00eda abriendo espacios y facilitando que la colecci\u00f3n vaya modul\u00e1ndose con el tiempo.<\/p>\n<p><img alt=\"\" decoding=\"auto\" class=\"_re lazyload a_m-h\" height=\"276\"  width=\"414\"  src=\"https:\/\/www.europesays.com\/es\/wp-content\/uploads\/2026\/03\/7S4PU2TQYJNZHF266CFVKJTCNY.jpg\" loading=\"lazy\"\/>La reordenaci\u00f3n establece un nuevo di\u00e1logo entre las obras. Marta P\u00e9rez (EFE)<\/p>\n<p class=\"\">Para ello, se han situado intencionadamente un centenar de piezas en las diferentes salas, a partir del concepto del c\u00edrculo, que fue como el artista bautiz\u00f3 una carpeta de los a\u00f1os cincuenta donde fue guardando sus trabajos basados en la astronom\u00eda que le llevaron a buscar una \u201cpintura c\u00f3smica\u201d. Este hallazgo permiti\u00f3 comprender mejor sus procesos de creaci\u00f3n, que enfatizan una relaci\u00f3n ancestral entre el cielo y la tierra, como ha indicado Marta Ricart, artista e investigadora que tambi\u00e9n es comisaria de la muestra.<\/p>\n<p class=\"\">Como ejemplo de la vinculaci\u00f3n de Mir\u00f3 con la tierra sobresale la obra de gran formato y diferentes texturas Sobreteixim de los ocho paraguas (1973), situada en el inicio del recorrido. Justo en la otra punta del circuito, pero encarada a esta, destaca Manos volando hacia las constelaciones (1974), un enorme acr\u00edlico sobre tela que en el nuevo espacio gana visibilidad. <\/p>\n<p class=\"\">Entre las novedades, tambi\u00e9n tienen gran importancia los dos tr\u00edpticos situados en las dos capillas creadas para albergarlos, que ahora lucen como fueron imaginadas: Pintura sobre fondo blanco para la celda de un solitario I, II y III y La esperanza del condenado a muerte I, II y III. Ambas cuentan con una silla de madera pensada para una experiencia de inmersi\u00f3n completa. <\/p>\n<p><img alt=\"\" decoding=\"auto\" class=\"_re lazyload a_m-h\" height=\"276\"  width=\"414\"  src=\"https:\/\/www.europesays.com\/es\/wp-content\/uploads\/2026\/03\/3C6LKQWLFRNXLJPJ7J3SGCWTCQ.jpg\" loading=\"lazy\"\/>Vista de las obras &#8216;Mujer y p\u00e1jaro en la noche&#8217; (1945) y &#8216;Mujer so\u00f1ando con la evasi\u00f3n&#8217; (1945).Marta P\u00e9rez (EFE)<\/p>\n<p class=\"\">Aunque hay algunas obras emblem\u00e1ticas como el Tapiz de la Fundaci\u00f3n que siguen en el mismo lugar porque es el sitio m\u00e1s adecuado por su desbordante tama\u00f1o, muchas otras se han movido para generar estas nuevas interpretaciones. El oro del azur (1967), Mujer y p\u00e1jaro en la noche (1945), Poema (1968), Llama en el espacio y mujer desnuda (1932) o Cabeza de fumador (1925) forman parte de esta presentaci\u00f3n, donde hay pr\u00e9stamos del Reina Sof\u00eda como Caracol, mujer, flor, estrella (1934).<\/p>\n<p class=\"\">Evitando un discurso cerrado, la muestra rompe con la mirada fija y unidimensional de las obras, seg\u00fan Marta Ricart, y abre el foco para seguir enriqueciendo el arte de Mir\u00f3 con nuevas miradas. Es por eso que tambi\u00e9n se ha previsto un programa de mediaci\u00f3n y performance que empieza el pr\u00f3ximo 11 de abril con Un ensayo permanente a cargo de Fondo, que incluye un artefacto esc\u00e9nico dise\u00f1ado con La Cuarta Piel que se instalar\u00e1 en varios espacios. <\/p>\n","protected":false},"excerpt":{"rendered":"El director de la Fundaci\u00f3n Mir\u00f3, Marko Daniel, finalizar\u00e1 su etapa de ocho a\u00f1os al frente de esta&hellip;\n","protected":false},"author":2,"featured_media":444206,"comment_status":"","ping_status":"","sticky":false,"template":"","format":"standard","meta":{"footnotes":""},"categories":[173],"tags":[93268,229,233,505,231,230,210,1980,18044,8999,232,234,146,147,25,24,241,48792,11062,93267,3873,23],"class_list":["post-444205","post","type-post","status-publish","format-standard","has-post-thumbnail","category-arte-y-diseno","tag-alexander-calder","tag-arte","tag-arte-y-diseno","tag-artistas","tag-arts","tag-arts-and-design","tag-barcelona","tag-cataluna","tag-colecciones-permanentes","tag-coleccionismo-arte","tag-design","tag-diseno","tag-entertainment","tag-entretenimiento","tag-es","tag-espana","tag-exposiciones","tag-fundacion-miro","tag-joan-miro","tag-jose-luis-sert","tag-museos","tag-spain"],"share_on_mastodon":{"url":"https:\/\/pubeurope.com\/@es\/116219530689517396","error":""},"_links":{"self":[{"href":"https:\/\/www.europesays.com\/es\/wp-json\/wp\/v2\/posts\/444205","targetHints":{"allow":["GET"]}}],"collection":[{"href":"https:\/\/www.europesays.com\/es\/wp-json\/wp\/v2\/posts"}],"about":[{"href":"https:\/\/www.europesays.com\/es\/wp-json\/wp\/v2\/types\/post"}],"author":[{"embeddable":true,"href":"https:\/\/www.europesays.com\/es\/wp-json\/wp\/v2\/users\/2"}],"replies":[{"embeddable":true,"href":"https:\/\/www.europesays.com\/es\/wp-json\/wp\/v2\/comments?post=444205"}],"version-history":[{"count":0,"href":"https:\/\/www.europesays.com\/es\/wp-json\/wp\/v2\/posts\/444205\/revisions"}],"wp:featuredmedia":[{"embeddable":true,"href":"https:\/\/www.europesays.com\/es\/wp-json\/wp\/v2\/media\/444206"}],"wp:attachment":[{"href":"https:\/\/www.europesays.com\/es\/wp-json\/wp\/v2\/media?parent=444205"}],"wp:term":[{"taxonomy":"category","embeddable":true,"href":"https:\/\/www.europesays.com\/es\/wp-json\/wp\/v2\/categories?post=444205"},{"taxonomy":"post_tag","embeddable":true,"href":"https:\/\/www.europesays.com\/es\/wp-json\/wp\/v2\/tags?post=444205"}],"curies":[{"name":"wp","href":"https:\/\/api.w.org\/{rel}","templated":true}]}}