{"id":444434,"date":"2026-03-13T05:35:12","date_gmt":"2026-03-13T05:35:12","guid":{"rendered":"https:\/\/www.europesays.com\/es\/444434\/"},"modified":"2026-03-13T05:35:12","modified_gmt":"2026-03-13T05:35:12","slug":"una-semana-puede-cambiarlo-todo","status":"publish","type":"post","link":"https:\/\/www.europesays.com\/es\/444434\/","title":{"rendered":"Una semana puede cambiarlo todo"},"content":{"rendered":"<p class=\"ft-text\">Robert <strong>Lewandowski habl\u00f3 sobre las opciones del FC Barcelona de conquistar la UEFA Champions League en una entrevista con Rom\u00e1rio en el canal de Youtube de la leyenda brasile\u00f1a<\/strong>. El delantero polaco se mostr\u00f3 prudente sobre las aspiraciones europeas del equipo y pidi\u00f3 ir paso a paso en una competici\u00f3n que considera extremadamente exigente.<\/p>\n<p>La exigencia de Europa<\/p>\n<p class=\"ft-text\"><a class=\"ft-link ft-link--decoration\" href=\"https:\/\/www.sport.es\/es\/noticias\/barca\/flick-problema-tridente-filo-127807053\" rel=\"nofollow noopener\" target=\"_blank\">Lewandowski, en un avance de la charla gravada antes del partido de ida de octavos de final que acab\u00f3 con empate en Newcastle<\/a>, <strong>asegur\u00f3 que ganar la Champions nunca es sencillo: <\/strong>\u00ab<strong>Ganar la Champions League, por supuesto, no es f\u00e1cil, incluso si piensas que est\u00e1s en buena forma y el equipo est\u00e1 bien, todav\u00eda hay muchos partidos<\/strong>\u00ab, explic\u00f3 el delantero azulgrana, consciente del largo camino por recorrer, empezando por superar la eliminatoria contra las urracas en el Camp Nou, por ahora empatada.<\/p>\n<p class=\"ft-text\">Para el atacante polaco, el momento adecuado para empezar a pensar seriamente en el t\u00edtulo europeo llegar\u00eda solo si el equipo alcanza las \u00faltimas rondas del torneo, como la temporada pasada: \u00ab<strong>Creo que podemos hablar de ganar la Champions League si estamos jugando la semifinal, porque antes no tiene sentido<\/strong>\u00ab.<\/p>\n<p class=\"ft-text\">Lewandowski record\u00f3 adem\u00e1s que el f\u00fatbol cambia r\u00e1pidamente y que un solo partido puede modificar por completo el escenario del club: \u00ab<strong>En el f\u00fatbol pueden pasar muchas cosas, una semana puede cambiar mucho<\/strong>\u00ab, subray\u00f3.<\/p>\n<p>Evitar las lesiones, clave<\/p>\n<p class=\"ft-text\">Por ello, el delantero insisti\u00f3 en que el objetivo del Bar\u00e7a debe ser mantener un nivel alto durante toda la temporada y centrarse en cada eliminatoria: \u00ab<strong>Intentamos mantener nuestro nivel alto hasta el final de la temporada<\/strong>\u00ab.<\/p>\n<p class=\"ft-text\">El goleador del Bar\u00e7a tambi\u00e9n se\u00f1al\u00f3 que uno de los factores clave ser\u00e1 evitar lesiones en el tramo decisivo del curso: \u00ab<strong>Espero que no tengamos muchas lesiones y que en la parte m\u00e1s importante de la temporada todos podamos estar en el campo<\/strong>\u00ab, y <a class=\"ft-link ft-link--decoration\" href=\"https:\/\/www.sport.es\/es\/noticias\/barca\/plan-newcastle-sevilla-127868409\" rel=\"nofollow noopener\" target=\"_blank\">m\u00e1s teniendo en cuenta los problemas f\u00edsicos que est\u00e1 sufriendo el equipo<\/a>.<\/p>\n<p class=\"ft-text\">Finalmente, Lewandowski concluy\u00f3 que en competiciones como la Champions no basta con empezar bien el curso, sino que lo verdaderamente importante es llegar en el mejor momento posible al tramo decisivo. \u00ab<strong>En el f\u00fatbol tambi\u00e9n es importante estar en el momento adecuado, en la posici\u00f3n adecuada y con un buen nivel de rendimiento<\/strong>\u00ab, sentenci\u00f3.<\/p>\n<p>Bache goleador<\/p>\n<p class=\"ft-text\"><strong>Lewandowski no est\u00e1 viviendo su mejor momento de forma desde que lleg\u00f3 en 2022 a Barcelona. <\/strong>El &#8216;9&#8217; cul\u00e9, que precisamente recuper\u00f3 la titularidad en Saint James&#8217; Park ante el Newcastle en la ida de octavos, no mostr\u00f3 su mejor versi\u00f3n ante la dureza de los centrales ingleses y la presi\u00f3n asfixiante en la recuperaci\u00f3n de las urracas. De hecho, el polaco solo goz\u00f3 de una oportunidad de gol, un disparo &#8211; el \u00fanico de la noche- en un remate forzado en la mejor jugada ofensiva de los azulgranas.<\/p>\n<p class=\"ft-helper-fontColor-quaternary ft-helper-fontSize-body-S ft-helper-spacer-t-xxs\">FC Barcelona &#8211; Villarreal CF | El gol de Lewandowski  \/ LALIGA<\/p>\n<p class=\"ft-text\">El polaco acab\u00f3 sustituido en el 70&#8242;, sumando una noche m\u00e1s sin mojar en lo que va de mes, y es que Lewy, que se perdi\u00f3 el partido de vuelta de las semifinales de la Copa del Rey ante el Atl\u00e9tico por una <strong>fractura \u00f3sea en la cara interna de la \u00f3rbita del ojo izquierdo, <\/strong>no est\u00e1 fino de cara a porter\u00eda. Como os hemos contado en SPORT, &#8216;Lewy&#8217;<strong> <\/strong><a class=\"ft-link ft-link--decoration\" href=\"https:\/\/www.sport.es\/es\/noticias\/barca\/flick-problema-tridente-filo-127807053\" rel=\"nofollow noopener\" target=\"_blank\"><strong>acumula 11 goles en LaLiga tras la jornada 27, exactamente la mitad de los 22 que llevaba un a\u00f1o antes en el mismo punto de la temporada.<\/strong><\/a><\/p>\n<p class=\"ft-text\">Pero lo que es m\u00e1s preocupante. En la Champions, el trofeo de la discordia, solo lleva <strong>2 goles frente a los 9 del curso anterior a estas alturas.<\/strong> En global, en este \u00faltimo mes de competici\u00f3n, en los que el &#8216;killer&#8217; polaco ha participado en seis (tres de titular) de los siete partidos disputados por el club azulgrana, solo ha visto puerta un vez, tras el hat-trick de Lamine Yamal al Villarreal para cerrar la goleada del equipo.<\/p>\n","protected":false},"excerpt":{"rendered":"Robert Lewandowski habl\u00f3 sobre las opciones del FC Barcelona de conquistar la UEFA Champions League en una entrevista&hellip;\n","protected":false},"author":2,"featured_media":444435,"comment_status":"","ping_status":"","sticky":false,"template":"","format":"standard","meta":{"footnotes":""},"categories":[268],"tags":[8910,50859,11681,168,25,24,280,282,17435,17499,773,281,23,167],"class_list":["post-444434","post","type-post","status-publish","format-standard","has-post-thumbnail","category-futbol","tag-advertencia","tag-cambiarlo","tag-champions","tag-deportes","tag-es","tag-espana","tag-football","tag-futbol","tag-lewandowski","tag-robert-lewandowski","tag-semana","tag-soccer","tag-spain","tag-sports"],"share_on_mastodon":{"url":"https:\/\/pubeurope.com\/@es\/116220246538839404","error":""},"_links":{"self":[{"href":"https:\/\/www.europesays.com\/es\/wp-json\/wp\/v2\/posts\/444434","targetHints":{"allow":["GET"]}}],"collection":[{"href":"https:\/\/www.europesays.com\/es\/wp-json\/wp\/v2\/posts"}],"about":[{"href":"https:\/\/www.europesays.com\/es\/wp-json\/wp\/v2\/types\/post"}],"author":[{"embeddable":true,"href":"https:\/\/www.europesays.com\/es\/wp-json\/wp\/v2\/users\/2"}],"replies":[{"embeddable":true,"href":"https:\/\/www.europesays.com\/es\/wp-json\/wp\/v2\/comments?post=444434"}],"version-history":[{"count":0,"href":"https:\/\/www.europesays.com\/es\/wp-json\/wp\/v2\/posts\/444434\/revisions"}],"wp:featuredmedia":[{"embeddable":true,"href":"https:\/\/www.europesays.com\/es\/wp-json\/wp\/v2\/media\/444435"}],"wp:attachment":[{"href":"https:\/\/www.europesays.com\/es\/wp-json\/wp\/v2\/media?parent=444434"}],"wp:term":[{"taxonomy":"category","embeddable":true,"href":"https:\/\/www.europesays.com\/es\/wp-json\/wp\/v2\/categories?post=444434"},{"taxonomy":"post_tag","embeddable":true,"href":"https:\/\/www.europesays.com\/es\/wp-json\/wp\/v2\/tags?post=444434"}],"curies":[{"name":"wp","href":"https:\/\/api.w.org\/{rel}","templated":true}]}}