{"id":444554,"date":"2026-03-13T07:16:12","date_gmt":"2026-03-13T07:16:12","guid":{"rendered":"https:\/\/www.europesays.com\/es\/444554\/"},"modified":"2026-03-13T07:16:12","modified_gmt":"2026-03-13T07:16:12","slug":"festival-malaga-lolita-flores-los-barrios-marginales-siguen-siendo-una-realidad-que-este-pais-debe-solucionar","status":"publish","type":"post","link":"https:\/\/www.europesays.com\/es\/444554\/","title":{"rendered":"FESTIVAL M\u00c1LAGA | Lolita Flores: \u00abLos barrios marginales siguen siendo una realidad que este pa\u00eds debe solucionar\u00bb"},"content":{"rendered":"<p class=\"ft-text\">\u00ab\u00bfEsto lo vas a grabar? \u00bfno? Pues dame un cigarrillo\u00bb. As\u00ed comienza la conversaci\u00f3n con<strong> <\/strong><a class=\"ft-link ft-link--decoration\" href=\"https:\/\/www.elcorreogallego.es\/tags\/lolita-flores\/\" target=\"_blank\" rel=\"nofollow noopener\"><strong>Lolita Flores<\/strong><\/a>. Constipada, cigarro entre los dedos y vistas panor\u00e1micas de <a class=\"ft-link ft-link--decoration\" href=\"https:\/\/www.elcorreogallego.es\/tags\/malaga\/\" target=\"_blank\" rel=\"nofollow noopener\"><strong>M\u00e1laga<\/strong><\/a>. A sus 69 a\u00f1os, sigue siendo la misma mujer que, desde hace d\u00e9cadas, mantiene una vida profesional y personal agitada.<\/p>\n<p class=\"ft-text\">Hoy, su protagonismo se traslada al <a class=\"ft-link ft-link--decoration\" href=\"https:\/\/www.elcorreogallego.es\/tags\/festival-de-malaga\/\" target=\"_blank\" rel=\"nofollow noopener\"><strong>Festival de Cine de M\u00e1laga<\/strong><\/a>, donde presenta <strong>\u00abMallorca Confidencial\u00bb<\/strong>, un proyecto que ha compartido con su hija <strong>Elena Furiase<\/strong> y coprotagoniza junto a <strong>Asia Ortega<\/strong>. En la pel\u00edcula, <strong>Lolita<\/strong> da vida a <strong>Chusa<\/strong>, una matriarca gitana asentada en <strong>Son Casal (Mallorca)<\/strong>, que lidera un clan dedicado a negocios poco legales en los a\u00f1os previos a la burbuja inmobiliaria.<\/p>\n<p class=\"ft-text\">\u201c<strong>Es una forma de buscarse la vida<\/strong>\u201d, dice Lola, destacando que la pel\u00edcula no glorifica esos negocios, sino que pone en perspectiva las circunstancias que empujan a las personas de los barrios marginales a recurrir a ellos.<\/p>\n<p class=\"ft-text\">\u00abNi la sociedad ni las administraciones les daban opciones <strong>para educarse o vivir con dignidad. E<\/strong>sta pel\u00edcula es un grito para decir que nadie elige ese camino si tiene otras oportunidades\u00bb, a\u00f1ade.<\/p>\n<p class=\"ft-text\">En <strong>\u00abMallorca Confidencial\u00bb<\/strong>, Son Casal es el barrio marginal donde se plantean estas cuestiones. Ambientada en los principios de los <strong>2000<\/strong>, la realidad de esos barrios marginales no est\u00e1 tan lejana ahora en el 2026. <strong>Ca\u00f1ada Real<\/strong> en Madrid o <strong>los Asperones<\/strong> en M\u00e1laga son fiel reflejo de que <strong>hay cosas que a\u00fan no han cambiado<\/strong>. \u201cEste pa\u00eds tiene que seguir solucionando esa realidad poco a poco\u201d, reflexiona la actriz.<\/p>\n<p class=\"ft-text\">Lolita tambi\u00e9n habla del <strong>reconocimiento a la comunidad gitana<\/strong>. Para ella, el <strong>cine<\/strong> ha comenzado a abrir puertas a los gitanos, &#8211; como el Goya a &#8216;Mejor Actor Revelaci\u00f3n&#8217; de Antonio Fern\u00e1ndez, el joven de la Ca\u00f1ada Real. Aunque reconoce que <strong>a\u00fan queda mucho por hacer<\/strong>. \u201c<strong>Los gitanos ya estamos reconocidos en muchas \u00e1reas, no solo en el flamenco. Tambi\u00e9n en pol\u00edtica, en las artes y en otros \u00e1mbitos<\/strong>. La sociedad ha avanzado mucho, pero todav\u00eda hay prejuicios.\u201d<\/p>\n<p>Poncia en M\u00e1laga<\/p>\n<p class=\"ft-text\">M\u00e1laga, para <strong>Lolita<\/strong>, no es solo un escenario para su participaci\u00f3n en el festival. La ciudad se ha convertido en su <strong>segunda casa<\/strong>, como ella misma dice.<\/p>\n<p class=\"ft-text\">Este a\u00f1o, adem\u00e1s de presentar su pel\u00edcula, tambi\u00e9n est\u00e1 en la ciudad para participar en la obra \u00abPoncia\u00bb, un proyecto que lleva tres a\u00f1os desarrollando y con el que estar\u00e1 en el <strong>Teatro del Soho<\/strong> del 13 al 15 de marzo: \u201c<strong>Poncia es un regalo del cielo<\/strong>\u201d.<\/p>\n<p class=\"ft-text\"><strong>\u00abNo puedo decir m\u00e1s que gracias al p\u00fablico, porque sigue llenando los teatros\u00bb<\/strong><\/p>\n<p class=\"ft-text\">En cuanto a la pol\u00e9mica sobre los influencers en las alfombras rojas, <strong>Lola prefiere no entrar<\/strong> en esos debates: \u201c<strong>No me meto en esas pol\u00e9micas, ni me he enterado tampoco. Estoy concentrada en mi trabajo<\/strong>\u201d.<\/p>\n<p class=\"ft-text\">A pesar de la atenci\u00f3n medi\u00e1tica que sigue generando su figura, mantiene sus prioridades claras. Para ella, lo importante es <strong>su trabajo<\/strong>: \u201c<strong>Estoy feliz con mi gira, con mis proyectos, y sigo trabajando por lo que me apasiona<\/strong>\u201d.<\/p>\n<p class=\"ft-text\">Teatro, cine, televisi\u00f3n&#8230; \u00bfY la m\u00fasica? \u201c<strong>Por ahora no. He hecho una colaboraci\u00f3n recientemente, pero no me da el cuerpo para m\u00e1s<\/strong>\u201d, afirma.<\/p>\n<p class=\"ft-text\">La saga <strong>Flores<\/strong> est\u00e1 m\u00e1s viva que nunca. Recientemente, su sobrina <strong>Alba Flores<\/strong> present\u00f3 <strong>\u00abFlores para Antonio\u00bb<\/strong>, una pel\u00edcula en homenaje a su padre, <strong>Antonio Flores<\/strong>. <strong>\u201cHa sido una monta\u00f1a rusa de emociones\u201d<\/strong>, dice Lolita, pero una monta\u00f1a que ha disfrutado al m\u00e1ximo, con mucha <strong>ilusi\u00f3n<\/strong>, <strong>ternura<\/strong> y <strong>alegr\u00eda<\/strong>. <strong>\u201cEs un proyecto que me ha dejado una huella muy grande, sin duda\u201d<\/strong>.<\/p>\n<p class=\"ft-text\">Y a\u00f1ade: <strong>\u201cHay flores para todas las generaciones y para todas las flores\u201d<\/strong>.<\/p>\n<p class=\"ft-text\">Definitivamente, <strong>Los Flores son atemporales<\/strong>. Como dice la actriz: <strong>\u201c\u00a1Hay flores para rato!\u201d<\/strong>.<\/p>\n","protected":false},"excerpt":{"rendered":"\u00ab\u00bfEsto lo vas a grabar? \u00bfno? Pues dame un cigarrillo\u00bb. As\u00ed comienza la conversaci\u00f3n con Lolita Flores. Constipada,&hellip;\n","protected":false},"author":2,"featured_media":444555,"comment_status":"","ping_status":"","sticky":false,"template":"","format":"standard","meta":{"footnotes":""},"categories":[91],"tags":[21743,146,147,25,24,92595,21164,9646,14098,13525,93295,2733,9812,48832,7768,23],"class_list":["post-444554","post","type-post","status-publish","format-standard","has-post-thumbnail","category-entretenimiento","tag-barrios","tag-entertainment","tag-entretenimiento","tag-es","tag-espana","tag-festival-de-cine-de-malaga","tag-festival-de-malaga","tag-flores","tag-lolita","tag-lolita-flores","tag-marginales","tag-negocios","tag-realidad","tag-siendo","tag-siguen","tag-spain"],"share_on_mastodon":{"url":"https:\/\/pubeurope.com\/@es\/116220643660149319","error":""},"_links":{"self":[{"href":"https:\/\/www.europesays.com\/es\/wp-json\/wp\/v2\/posts\/444554","targetHints":{"allow":["GET"]}}],"collection":[{"href":"https:\/\/www.europesays.com\/es\/wp-json\/wp\/v2\/posts"}],"about":[{"href":"https:\/\/www.europesays.com\/es\/wp-json\/wp\/v2\/types\/post"}],"author":[{"embeddable":true,"href":"https:\/\/www.europesays.com\/es\/wp-json\/wp\/v2\/users\/2"}],"replies":[{"embeddable":true,"href":"https:\/\/www.europesays.com\/es\/wp-json\/wp\/v2\/comments?post=444554"}],"version-history":[{"count":0,"href":"https:\/\/www.europesays.com\/es\/wp-json\/wp\/v2\/posts\/444554\/revisions"}],"wp:featuredmedia":[{"embeddable":true,"href":"https:\/\/www.europesays.com\/es\/wp-json\/wp\/v2\/media\/444555"}],"wp:attachment":[{"href":"https:\/\/www.europesays.com\/es\/wp-json\/wp\/v2\/media?parent=444554"}],"wp:term":[{"taxonomy":"category","embeddable":true,"href":"https:\/\/www.europesays.com\/es\/wp-json\/wp\/v2\/categories?post=444554"},{"taxonomy":"post_tag","embeddable":true,"href":"https:\/\/www.europesays.com\/es\/wp-json\/wp\/v2\/tags?post=444554"}],"curies":[{"name":"wp","href":"https:\/\/api.w.org\/{rel}","templated":true}]}}