{"id":444637,"date":"2026-03-13T08:26:07","date_gmt":"2026-03-13T08:26:07","guid":{"rendered":"https:\/\/www.europesays.com\/es\/444637\/"},"modified":"2026-03-13T08:26:07","modified_gmt":"2026-03-13T08:26:07","slug":"premios-oscar-2026-claves-cuando-y-donde-ver-la-alfombra-roja-y-la-gala-en-espana-y-america-premios-oscar-cine","status":"publish","type":"post","link":"https:\/\/www.europesays.com\/es\/444637\/","title":{"rendered":"Premios Oscar 2026: claves, cu\u00e1ndo y d\u00f3nde ver la alfombra roja y la gala en Espa\u00f1a y Am\u00e9rica | Premios Oscar | Cine"},"content":{"rendered":"<p class=\"\"><a href=\"https:\/\/elpais.com\/noticias\/premios-oscar\/\" target=\"_self\" rel=\"nofollow noopener\" title=\"https:\/\/elpais.com\/noticias\/premios-oscar\/\">La ceremonia de los premios Oscar <\/a>celebra su 98\u00aa edici\u00f3n este domingo 15 de marzo. La gala tendr\u00e1 lugar en el Teatro Dolby de Hollywood, en Los \u00c1ngeles, y como siempre, reunir\u00e1 a numerosas estrellas. La ceremonia ser\u00e1 conducida nuevamente por el c\u00f3mico Conan O\u2019Brien, que debut\u00f3 el a\u00f1o pasado. Y junto a \u00e9l, tambi\u00e9n regresar\u00e1 el equipo que dio vida al evento en 2025. Adem\u00e1s, Adrien Brody, Chris Evans, Chase Infiniti, Demi Moore, Javier Bardem, Kieran Culkin, Kumail Nanjiani, Maya Rudolph, Mikey Madison y Zoe Salda\u00f1a presentar\u00e1n los premios de esta edici\u00f3n.<\/p>\n<p class=\"\">Adem\u00e1s, entre las actuaciones musicales del evento destacan las de Miles Caton y Raphael Saadiq, que interpretar\u00e1n la canci\u00f3n original de Los pecadores nominada al Oscar, I lied to you. As\u00ed como la de Ejae, Audrey Nuna y Rei Ami, las cantantes detr\u00e1s de HUNTER\/X, que interpretar\u00e1n la canci\u00f3n original Golden, nominada por la pel\u00edcula de animaci\u00f3n KPop Demon Hunters. Por \u00faltimo, la gala contar\u00e1 con la participaci\u00f3n musical de Josh Grobany y el Coro Maestro de Los \u00c1ngeles.<\/p>\n<p class=\"\">Entre las pel\u00edculas favoritas de este 2026 destaca Los Pecadores, con 16 nominaciones. De hecho, la cinta de Ryan Coogler ha roto el r\u00e9cord de candidaturas de los Oscar. Adem\u00e1s, destacan Una batalla tras otra, con 13, y Frankenstein, Marty Supreme y Valor sentimental, con 9. Espa\u00f1a y su cine estar\u00e1n representados por Sir\u00e2t, ya que la cinta de Oliver Laxe competir\u00e1 por lograr la estatuilla a mejor sonido y a mejor pel\u00edcula extranjera.<\/p>\n<p>M\u00e1s informaci\u00f3n<b>\u00bfCu\u00e1ndo comienza el espect\u00e1culo?<\/b><\/p>\n<p class=\"\">La alfombra roja de los Oscar empezar\u00e1 a recibir a los protagonistas este domingo unas horas antes de la ceremonia, que comenzar\u00e1 exactamente a medianoche en Espa\u00f1a, es decir, a las 19.00 en la costa oeste. Este horario se repite por tercer a\u00f1o, lo que hace que no sea tan tarde all\u00ed, ni muy de madrugada en Europa.<\/p>\n<p>Estos son los horarios para Am\u00e9rica:<\/p>\n<ul>\n<li>Costa este de Estados Unidos, desde las 16:00 horas.<\/li>\n<li>Costa Rica, El Salvador, Guatemala, Honduras, M\u00e9xico, Nicaragua desde las 17:00 horas.<\/li>\n<li>Colombia, Cuba, Ecuador, Panam\u00e1 y Per\u00fa desde las 18:00 horas<\/li>\n<li>Bolivia, Puerto Rico, Rep\u00fablica Dominicana desde las 19:00 las horas<\/li>\n<li>Argentina, Brasil, Chile, Paraguay y Uruguay desde las 20:00 horas<\/li>\n<\/ul>\n<p><b>D\u00f3nde ver la alfombra roja y la ceremonia<\/b><\/p>\n<p class=\"\">La ceremonia se retransmite en vivo por ABC y Hulu. Pero en Espa\u00f1a, la plataforma <a href=\"https:\/\/www.movistarplus.es\/\" rel=\"nofollow noopener\" target=\"_blank\">Movistar Plus+<\/a> (canal 15) ser\u00e1 la encargada de emitir la alfombra roja y los premios. Ofrecer\u00e1 una retransmisi\u00f3n en directo y en exclusiva con una programaci\u00f3n especial que arrancar\u00e1 a las 22.30 con La noche de los Oscar. Este programa estar\u00e1 conducido por Mar\u00eda G\u00f3mez e incluir\u00e1 las primeras conexiones con la alfombra roja de Cristina Teva y los comentarios de Mar\u00eda Escot\u00e9. Desde las 23.30 el p\u00fablico podr\u00e1 ver la se\u00f1al oficial del tapete rojo, y desde las 00:00 la gala, que contar\u00e1 con los comentarios de Carlos Areces, Alberto Rey, Juan Sanguino y Elena Neira. <\/p>\n<p class=\"\">Y como cada a\u00f1o, <a href=\"https:\/\/elpais.com\/cultura\/premios-oscar\/\" target=\"_self\" rel=\"nofollow noopener\" title=\"https:\/\/elpais.com\/cultura\/premios-oscar\/\">EL PA\u00cdS tambi\u00e9n ofrecer\u00e1 una cobertura del evento<\/a> en directo desde Los \u00c1ngeles y desde sus redacciones de Madrid y M\u00e9xico. <\/p>\n","protected":false},"excerpt":{"rendered":"La ceremonia de los premios Oscar celebra su 98\u00aa edici\u00f3n este domingo 15 de marzo. La gala tendr\u00e1&hellip;\n","protected":false},"author":2,"featured_media":444638,"comment_status":"","ping_status":"","sticky":false,"template":"","format":"standard","meta":{"footnotes":""},"categories":[91],"tags":[1014,1015,177,13803,209,146,147,25,24,629,1505,3691,753,532,34251,7638,23,807],"class_list":["post-444637","post","type-post","status-publish","format-standard","has-post-thumbnail","category-entretenimiento","tag-actores","tag-actrices","tag-cine","tag-cine-americano","tag-cultura","tag-entertainment","tag-entretenimiento","tag-es","tag-espana","tag-estados-unidos","tag-hollywood","tag-los-angeles","tag-peliculas","tag-premios","tag-premios-cine","tag-premios-oscar","tag-spain","tag-television"],"share_on_mastodon":{"url":"https:\/\/pubeurope.com\/@es\/116220919077256274","error":""},"_links":{"self":[{"href":"https:\/\/www.europesays.com\/es\/wp-json\/wp\/v2\/posts\/444637","targetHints":{"allow":["GET"]}}],"collection":[{"href":"https:\/\/www.europesays.com\/es\/wp-json\/wp\/v2\/posts"}],"about":[{"href":"https:\/\/www.europesays.com\/es\/wp-json\/wp\/v2\/types\/post"}],"author":[{"embeddable":true,"href":"https:\/\/www.europesays.com\/es\/wp-json\/wp\/v2\/users\/2"}],"replies":[{"embeddable":true,"href":"https:\/\/www.europesays.com\/es\/wp-json\/wp\/v2\/comments?post=444637"}],"version-history":[{"count":0,"href":"https:\/\/www.europesays.com\/es\/wp-json\/wp\/v2\/posts\/444637\/revisions"}],"wp:featuredmedia":[{"embeddable":true,"href":"https:\/\/www.europesays.com\/es\/wp-json\/wp\/v2\/media\/444638"}],"wp:attachment":[{"href":"https:\/\/www.europesays.com\/es\/wp-json\/wp\/v2\/media?parent=444637"}],"wp:term":[{"taxonomy":"category","embeddable":true,"href":"https:\/\/www.europesays.com\/es\/wp-json\/wp\/v2\/categories?post=444637"},{"taxonomy":"post_tag","embeddable":true,"href":"https:\/\/www.europesays.com\/es\/wp-json\/wp\/v2\/tags?post=444637"}],"curies":[{"name":"wp","href":"https:\/\/api.w.org\/{rel}","templated":true}]}}