{"id":446205,"date":"2026-03-14T06:30:16","date_gmt":"2026-03-14T06:30:16","guid":{"rendered":"https:\/\/www.europesays.com\/es\/446205\/"},"modified":"2026-03-14T06:30:16","modified_gmt":"2026-03-14T06:30:16","slug":"el-expresidente-brasileno-jair-bolsonaro-en-terapia-intensiva-con-bronconeumonia","status":"publish","type":"post","link":"https:\/\/www.europesays.com\/es\/446205\/","title":{"rendered":"El expresidente brasile\u00f1o Jair Bolsonaro, en terapia intensiva con bronconeumon\u00eda"},"content":{"rendered":"<p>13\/03\/2026<\/p>\n<p>Actualizado a las 17:59h.<\/p>\n<p class=\"v-d-p\" style=\"\">El expresidente brasile\u00f1o <a href=\"https:\/\/www.abc.es\/noticias\/jair-bolsonaro\/\" title=\"www.abc.es\" data-voc-vtm-id=\"in-text-traffic\" data-mrf-link=\"www.abc.es\" rel=\"nofollow noopener\" target=\"_blank\">Jair Bolsonaro<\/a> se encuentra actualmente <strong>en terapia intensiva con bronconeumon\u00eda <\/strong>tras haberse sentido indispuesto en la prisi\u00f3n donde cumple condena por conspirar para dar un golpe de Estado y haber sido trasladado al hospital, seg\u00fan informa AFP.<\/p>\n<p class=\"v-d-p\" style=\"\">\u00abMi padre se  &#8230; dirige al hospital, una vez m\u00e1s. Los informes preliminares indican que se despert\u00f3 <strong>con escalofr\u00edos y v\u00f3mitos intensos<\/strong>\u00bb, ha comunicado Flavio Bolsonaro, hijo del expresidente, senador y aspirante a la presidencia, en X.<\/p>\n<p class=\"v-d-p\" style=\"\">Bolsonaro fue condenado a <strong>27 a\u00f1os de prisi\u00f3n <\/strong>por su participaci\u00f3n en un fallido intento de golpe de Estado tras su derrota electoral en 2022. Ha sufrido problemas de salud recurrentes desde que fue apu\u00f1alado en el abdomen durante un acto de campa\u00f1a en 2018.<\/p>\n<ul class=\"v-cmp-rld__u\">\n<li class=\"v-cmp-rld__l\">\n<p><a class=\"v-a-lnk\" href=\"https:\/\/www.abc.es\/internacional\/bolsonaro-muda-celda-lujo-carcel-militar-orden-20260116194333-nt.html#vtm_modulosEngag=noticiasrelacionadas-cmp-uno:internacional:noticia:1\" title=\"Bolsonaro se muda a una \u00abcelda de lujo\u00bb en una c\u00e1rcel militar por orden del Supremo\" data-voc-vtm-id=\"in-text-traffic\" rel=\"nofollow noopener\" target=\"_blank\"><br \/>\n<img decoding=\"async\" loading=\"lazy\" src=\"https:\/\/www.europesays.com\/es\/wp-content\/uploads\/2026\/03\/bolsonaro-U82560178272BEO-366x256@diario_abc.jpg\" class=\"v-a-img\" width=\"258\" height=\"180\" alt=\"Bolsonaro se muda a una \u00abcelda de lujo\u00bb en una c\u00e1rcel militar por orden del Supremo\"\/><br \/>\n<\/a><\/p>\n<\/li>\n<\/ul>\n<p class=\"v-d-p\" style=\"\">Las pr\u00f3ximas elecciones presidenciales de Brasil est\u00e1n previstas para <strong>octubre<\/strong> y, a pesar de su encarcelamiento, Bolsonaro sigue siendo una figura central en la escena pol\u00edtica del pa\u00eds. El expresidente ha designado a su hijo mayor, Flavio, como el candidato de la derecha para desafiar al actual presidente de izquierdas, Luiz In\u00e1cio Lula da Silva.<\/p>\n<p class=\"v-d-p\" style=\"\">Los abogados de Bolsonaro, aliado de Donald Trump, solicitaron a principios de esta semana al Tribunal Supremo que permitiera a Darren Beattie, el nuevo asesor del Departamento de Estado del pa\u00eds norteamericano para Brasil,<strong> visitar a Bolsonaro en prisi\u00f3n <\/strong>el 18 de marzo.<\/p>\n<p class=\"v-d-p\" style=\"\">Sin embargo, el magistrado del Tribunal Supremo Alexandre de Moraes <strong>revoc\u00f3 el jueves la autorizaci\u00f3n <\/strong>que \u00e9l mismo hab\u00eda concedido despu\u00e9s de que el Gobierno brasile\u00f1o advirtiera contra la reuni\u00f3n.<\/p>\n","protected":false},"excerpt":{"rendered":"13\/03\/2026 Actualizado a las 17:59h. El expresidente brasile\u00f1o Jair Bolsonaro se encuentra actualmente en terapia intensiva con bronconeumon\u00eda&hellip;\n","protected":false},"author":2,"featured_media":446206,"comment_status":"","ping_status":"","sticky":false,"template":"","format":"standard","meta":{"footnotes":""},"categories":[42],"tags":[32716,10912,17,18,93469,22155,13,14,11,80056,61,62,63,64,93468,19,20,9,10,15,16,3362,12,21,22,65,66,67],"class_list":["post-446205","post","type-post","status-publish","format-standard","has-post-thumbnail","category-internacional","tag-bolsonaro","tag-brasileno","tag-breaking-news","tag-breakingnews","tag-bronconeumonia","tag-expresidente","tag-featured-news","tag-featurednews","tag-headlines","tag-intensiva","tag-internacional","tag-international","tag-international-news","tag-internationalnews","tag-jair","tag-latest-news","tag-latestnews","tag-news","tag-noticias","tag-noticias-destacadas","tag-noticiasdestacadas","tag-terapia","tag-titulares","tag-ultimas-noticias","tag-ultimasnoticias","tag-world","tag-world-news","tag-worldnews"],"share_on_mastodon":{"url":"https:\/\/pubeurope.com\/@es\/116226125251215869","error":""},"_links":{"self":[{"href":"https:\/\/www.europesays.com\/es\/wp-json\/wp\/v2\/posts\/446205","targetHints":{"allow":["GET"]}}],"collection":[{"href":"https:\/\/www.europesays.com\/es\/wp-json\/wp\/v2\/posts"}],"about":[{"href":"https:\/\/www.europesays.com\/es\/wp-json\/wp\/v2\/types\/post"}],"author":[{"embeddable":true,"href":"https:\/\/www.europesays.com\/es\/wp-json\/wp\/v2\/users\/2"}],"replies":[{"embeddable":true,"href":"https:\/\/www.europesays.com\/es\/wp-json\/wp\/v2\/comments?post=446205"}],"version-history":[{"count":0,"href":"https:\/\/www.europesays.com\/es\/wp-json\/wp\/v2\/posts\/446205\/revisions"}],"wp:featuredmedia":[{"embeddable":true,"href":"https:\/\/www.europesays.com\/es\/wp-json\/wp\/v2\/media\/446206"}],"wp:attachment":[{"href":"https:\/\/www.europesays.com\/es\/wp-json\/wp\/v2\/media?parent=446205"}],"wp:term":[{"taxonomy":"category","embeddable":true,"href":"https:\/\/www.europesays.com\/es\/wp-json\/wp\/v2\/categories?post=446205"},{"taxonomy":"post_tag","embeddable":true,"href":"https:\/\/www.europesays.com\/es\/wp-json\/wp\/v2\/tags?post=446205"}],"curies":[{"name":"wp","href":"https:\/\/api.w.org\/{rel}","templated":true}]}}