{"id":446296,"date":"2026-03-14T08:00:10","date_gmt":"2026-03-14T08:00:10","guid":{"rendered":"https:\/\/www.europesays.com\/es\/446296\/"},"modified":"2026-03-14T08:00:10","modified_gmt":"2026-03-14T08:00:10","slug":"la-entrega-de-los-premios-amas-reivindica-la-escena-asturiana-en-una-gala-con-mucho-protagonismo-de-la-musica-de-les-muyeres-y-por-les-muyeres","status":"publish","type":"post","link":"https:\/\/www.europesays.com\/es\/446296\/","title":{"rendered":"La entrega de los premios \u00abAmas\u00bb reivindica la escena asturiana en una gala con mucho protagonismo de la m\u00fasica de \u00ables muyeres\u00bb y por \u00ables muyeres\u00bb"},"content":{"rendered":"<p class=\"ft-text ft-helper-closenews\">\u00abQu\u00e9 bien lo saben decir. Ad\u00f3rnaslo tanto que parece verdad\u00bb. Eso le dijo <strong>Mari Luz Crist\u00f3bal Caunedo<\/strong> a las que le hab\u00edan precedido. A las otras premiadas de honor de la XXI gala de los premios \u00abAmas\u00bb, \u00abPauline en la Playa\u00bb, y a <strong>Leticia Baselgas<\/strong>, que hab\u00eda recogido el premio a mejor voz. La hist\u00f3rica voz de la tonada asturiana fue una de las protagonistas de un noche en la que la m\u00fasica de \u00ables muyeres\u00bb y por \u00ables muyeres\u00bb son\u00f3 con fuerza. Las hermanas \u00c1lvarez le hab\u00edan dedicado su galard\u00f3n y se hab\u00edan reivindicado en su trayectoria cuando contaron que ellas, tambi\u00e9n, tuvieron que abrirse paso con su queridas \u00abUndershakers\u00bb, en un mundo muy masculinizado. Baselgas habl\u00f3 de \u00ables muyeres ensin nome\u00bb, esas informantes de la m\u00fasica tradicional \u00abque tienen nomes y apell\u00edos\u00bb, y <strong>Marisa Valle Roso<\/strong>, premio a mejor canci\u00f3n folk por \u00abCenicientes del carb\u00f3n\u00bb, evoc\u00f3 la huelga del 62 y resumi\u00f3: \u00ab\u00a1Qu\u00e9 ser\u00eda de nosotres sin la lucha obrera pero sobre todo sin la llucha de les muyeres\u00bb.<\/p>\n<p class=\"ft-text\"><strong>El feminismo en la m\u00fasica sigui\u00f3 en otros premios<\/strong>, como el de las letras para Guaja D, que se reivindic\u00f3 con un \u00abme lo merezco\u00bb encima del escenario, y a esa reivindicaci\u00f3n se sum\u00f3, reiterada una y otra vez a lo largo de la noche, la petici\u00f3n de una ley que haga m\u00e1s f\u00e1cil la m\u00fasica en directo en los locales de Asturias.<\/p>\n<p class=\"ft-text\">A lo largo de la gala hubo aplausos emocionados como el recuerdo a <strong>Jose Luis Cienfuegos<\/strong> que propici\u00f3 el programador cinematogr\u00e1fico y director de Saco <strong>Pablo de Mar\u00eda<\/strong>, la presencia muy aplaudida para entregar premios de hist\u00f3ricos de la escena como <strong>Lisardo Lombard\u00eda<\/strong> o <strong>Chus Pedro<\/strong> o la sincera y emocionante declaraci\u00f3n de <strong>Jos\u00e9 del R\u00edo \u00abRucu\u00bb<\/strong>, premio al mejor guitarrista. Lleva cuarenta a\u00f1os con la orquesta Domin\u00f3. \u00ab\u00a1Cuarenta a\u00f1os de prao y orquestas en Asturias quedamos dos!\u00bb.<\/p>\n<p class=\"ft-text\">Las actuaciones de \u00abBaja California\u00bb, al inicio de una gala presentada por <strong>In\u00e9s Paz<\/strong> y <strong>Juan Luis M\u00e1s<\/strong> , y de \u00abDinosaruio meteorito\u00bb, que adem\u00e1s salieron con el premio a grupo revelaci\u00f3n, completaron una noche en la que la escena asturiana se volvi\u00f3 a reivindicar. Lo dijo muy bien, a trav\u00e9s de un mensaje que dej\u00f3 grabado, <strong>Dani G.<\/strong>, premio a disco rock por \u00abNovember\u00bb, cuando pidi\u00f3 a los m\u00fasicos asturianos que celebraran la m\u00fasica asturiana, que todos apoyen a todos.<\/p>\n<p data-close=\"closedContent\" class=\"subscribeHideForDisplay\">Suscr\u00edbete para seguir leyendo<\/p>\n","protected":false},"excerpt":{"rendered":"\u00abQu\u00e9 bien lo saben decir. Ad\u00f3rnaslo tanto que parece verdad\u00bb. Eso le dijo Mari Luz Crist\u00f3bal Caunedo a&hellip;\n","protected":false},"author":2,"featured_media":446297,"comment_status":"","ping_status":"","sticky":false,"template":"","format":"standard","meta":{"footnotes":""},"categories":[170],"tags":[93474,1770,146,36,147,25,4279,24,1875,184,185,532,9137,23],"class_list":["post-446296","post","type-post","status-publish","format-standard","has-post-thumbnail","category-musica","tag-amas","tag-asturias","tag-entertainment","tag-entrega","tag-entretenimiento","tag-es","tag-escena","tag-espana","tag-luz","tag-music","tag-musica","tag-premios","tag-reivindica","tag-spain"],"share_on_mastodon":{"url":"https:\/\/pubeurope.com\/@es\/116226478887883364","error":""},"_links":{"self":[{"href":"https:\/\/www.europesays.com\/es\/wp-json\/wp\/v2\/posts\/446296","targetHints":{"allow":["GET"]}}],"collection":[{"href":"https:\/\/www.europesays.com\/es\/wp-json\/wp\/v2\/posts"}],"about":[{"href":"https:\/\/www.europesays.com\/es\/wp-json\/wp\/v2\/types\/post"}],"author":[{"embeddable":true,"href":"https:\/\/www.europesays.com\/es\/wp-json\/wp\/v2\/users\/2"}],"replies":[{"embeddable":true,"href":"https:\/\/www.europesays.com\/es\/wp-json\/wp\/v2\/comments?post=446296"}],"version-history":[{"count":0,"href":"https:\/\/www.europesays.com\/es\/wp-json\/wp\/v2\/posts\/446296\/revisions"}],"wp:featuredmedia":[{"embeddable":true,"href":"https:\/\/www.europesays.com\/es\/wp-json\/wp\/v2\/media\/446297"}],"wp:attachment":[{"href":"https:\/\/www.europesays.com\/es\/wp-json\/wp\/v2\/media?parent=446296"}],"wp:term":[{"taxonomy":"category","embeddable":true,"href":"https:\/\/www.europesays.com\/es\/wp-json\/wp\/v2\/categories?post=446296"},{"taxonomy":"post_tag","embeddable":true,"href":"https:\/\/www.europesays.com\/es\/wp-json\/wp\/v2\/tags?post=446296"}],"curies":[{"name":"wp","href":"https:\/\/api.w.org\/{rel}","templated":true}]}}