{"id":446573,"date":"2026-03-14T11:49:10","date_gmt":"2026-03-14T11:49:10","guid":{"rendered":"https:\/\/www.europesays.com\/es\/446573\/"},"modified":"2026-03-14T11:49:10","modified_gmt":"2026-03-14T11:49:10","slug":"atresplayer-fija-el-estreno-de-la-nena-el-proximo-12-de-abril","status":"publish","type":"post","link":"https:\/\/www.europesays.com\/es\/446573\/","title":{"rendered":"Atresplayer fija el estreno de \u2018La Nena\u2019 el pr\u00f3ximo 12 de abril"},"content":{"rendered":"<p>\n        <strong>Atresplayer<\/strong> ha anunciado, aprovechando su presentaci\u00f3n en el <a href=\"https:\/\/www.deia.eus\/buzz-on\/2026\/03\/09\/ridiculo-conocida-influencer-festival-cine-malaga-10799971.html\" title=\"Festival de M\u00e1laga\" class=\"link copy\" rel=\"nofollow noopener\" target=\"_blank\">Festival de M\u00e1laga<\/a>, que la <strong>serie La Nena<\/strong>, adaptaci\u00f3n libre de la <strong>tercera novela hom\u00f3nima de la saga de <\/strong><a href=\"https:\/\/www.deia.eus\/tags\/carmen-mola\/\" title=\"Carmen Mola\" class=\"link copy\" rel=\"nofollow noopener\" target=\"_blank\">Carmen Mola<\/a>, llegar\u00e1 el pr\u00f3ximo <strong>12 de abril<\/strong> a la plataforma tras el <strong>enorme \u00e9xito de sus predecesoras, La Novia Gitana y La Red P\u00farpura.<\/strong>\n<\/p>\n<p class=\"article-body__text \">\n        <strong>En La Nena \u201cvuelve la BAC y todo su equipo, pero esta vez muy fragmentado y con heridas incurables dentro de la Brigada.<\/strong> Elena Blanco tomar\u00e1 cierta distancia con su trabajo mientras contin\u00faa su duelo personal. Por su parte, Chesca buscar\u00e1 venganza tras todo lo sucedido despu\u00e9s de desenmascarar a <strong>La Red P\u00farpura<\/strong>. <strong>La BAC no solo tratar\u00e1 de descubrir qui\u00e9n est\u00e1 detr\u00e1s de esa organizaci\u00f3n, sino que investigar\u00e1 sus or\u00edgenes en un recorrido cargado de simbolog\u00eda y misticismo\u201d.<\/strong>\n<\/p>\n<p class=\"article-body__text \">\n        <strong>Nerea Barros <\/strong>se pone de nuevo en la piel de la<strong> inspectora Blanco<\/strong>, e int\u00e9rpretes como <strong>Luc\u00eda Mart\u00edn Abello, Ignacio Montes, Mona Mart\u00ednez, Vicente Romero, Francesc Garrido o Gin\u00e9s Garc\u00eda Mill\u00e1n <\/strong>retoman tambi\u00e9n sus personajes con las <strong>incorporaciones de Eduardo Casanova o Daniel Freire<\/strong> (Doctor Mateo).<\/p>\n","protected":false},"excerpt":{"rendered":"Atresplayer ha anunciado, aprovechando su presentaci\u00f3n en el Festival de M\u00e1laga, que la serie La Nena, adaptaci\u00f3n libre&hellip;\n","protected":false},"author":2,"featured_media":446574,"comment_status":"","ping_status":"","sticky":false,"template":"","format":"standard","meta":{"footnotes":""},"categories":[171],"tags":[13099,18069,146,147,25,24,1055,46791,11498,23,214],"class_list":["post-446573","post","type-post","status-publish","format-standard","has-post-thumbnail","category-tv","tag-abril","tag-atresplayer","tag-entertainment","tag-entretenimiento","tag-es","tag-espana","tag-estreno","tag-nena","tag-saga","tag-spain","tag-tv"],"share_on_mastodon":{"url":"https:\/\/pubeurope.com\/@es\/116227379542487388","error":""},"_links":{"self":[{"href":"https:\/\/www.europesays.com\/es\/wp-json\/wp\/v2\/posts\/446573","targetHints":{"allow":["GET"]}}],"collection":[{"href":"https:\/\/www.europesays.com\/es\/wp-json\/wp\/v2\/posts"}],"about":[{"href":"https:\/\/www.europesays.com\/es\/wp-json\/wp\/v2\/types\/post"}],"author":[{"embeddable":true,"href":"https:\/\/www.europesays.com\/es\/wp-json\/wp\/v2\/users\/2"}],"replies":[{"embeddable":true,"href":"https:\/\/www.europesays.com\/es\/wp-json\/wp\/v2\/comments?post=446573"}],"version-history":[{"count":0,"href":"https:\/\/www.europesays.com\/es\/wp-json\/wp\/v2\/posts\/446573\/revisions"}],"wp:featuredmedia":[{"embeddable":true,"href":"https:\/\/www.europesays.com\/es\/wp-json\/wp\/v2\/media\/446574"}],"wp:attachment":[{"href":"https:\/\/www.europesays.com\/es\/wp-json\/wp\/v2\/media?parent=446573"}],"wp:term":[{"taxonomy":"category","embeddable":true,"href":"https:\/\/www.europesays.com\/es\/wp-json\/wp\/v2\/categories?post=446573"},{"taxonomy":"post_tag","embeddable":true,"href":"https:\/\/www.europesays.com\/es\/wp-json\/wp\/v2\/tags?post=446573"}],"curies":[{"name":"wp","href":"https:\/\/api.w.org\/{rel}","templated":true}]}}