{"id":446723,"date":"2026-03-14T13:44:15","date_gmt":"2026-03-14T13:44:15","guid":{"rendered":"https:\/\/www.europesays.com\/es\/446723\/"},"modified":"2026-03-14T13:44:15","modified_gmt":"2026-03-14T13:44:15","slug":"hermanas-un-amor-compartido-capitulo-completo-30-siempre-estare-para-ti-novelas-hermanas-un-amor-compartido","status":"publish","type":"post","link":"https:\/\/www.europesays.com\/es\/446723\/","title":{"rendered":"Hermanas, un amor compartido: Cap\u00edtulo Completo 30 &#8211; Siempre estar\u00e9 para ti | Novelas Hermanas: Un Amor Compartido"},"content":{"rendered":"<p class=\"mb-6 flex min-h-6 w-full items-center justify-end gap-2 bg-white pr-2 evo-poppins-s leading-[130%] font-medium text-mine-shaft-light md:min-h-8 md:evo-poppins-base dark:bg-cod-gray-light dark:text-light-grey bg-wild-sand\">Te quedan: 10 d\u00edas para ver este cap\u00edtulo.<\/p>\n<p>Ante los problemas con Delfino, Aura busca a Rebeca para expresarle su apoyo total y recordarle que no est\u00e1 sola, pues cuenta con ella y con M\u00f3nica. Hermanas: un amor compartido de lunes a viernes 8:30 p.m. MEX, por Las Estrellas. Disfruta m\u00e1s cap\u00edtulos completos de tus telenovelas y series favoritas.<\/p>\n<p><img alt=\"Las Estrellas picture\" loading=\"lazy\" decoding=\"async\" data-nimg=\"fill\" class=\"object-cover\" style=\"position:absolute;height:100%;width:100%;left:0;top:0;right:0;bottom:0;color:transparent\"   src=\"https:\/\/www.europesays.com\/es\/wp-content\/uploads\/2026\/03\/1773495855_811_image.jpeg\"\/><\/p>\n<p>Publicado el 14 mar 26 &#8211; 12:05 AM CST. Actualizado el 14 mar 26 &#8211; 12:05 AM CST.<\/p>\n","protected":false},"excerpt":{"rendered":"Te quedan: 10 d\u00edas para ver este cap\u00edtulo. Ante los problemas con Delfino, Aura busca a Rebeca para&hellip;\n","protected":false},"author":2,"featured_media":446724,"comment_status":"","ping_status":"","sticky":false,"template":"","format":"standard","meta":{"footnotes":""},"categories":[171],"tags":[146,147,20893,84063,25,24,3553,38101,23,214,84064],"class_list":["post-446723","post","type-post","status-publish","format-standard","has-post-thumbnail","category-tv","tag-entertainment","tag-entretenimiento","tag-episodios","tag-episodios-completos","tag-es","tag-espana","tag-hermanas","tag-las-estrellas","tag-spain","tag-tv","tag-un-amor-compartido"],"share_on_mastodon":{"url":"https:\/\/pubeurope.com\/@es\/116227831622038399","error":""},"_links":{"self":[{"href":"https:\/\/www.europesays.com\/es\/wp-json\/wp\/v2\/posts\/446723","targetHints":{"allow":["GET"]}}],"collection":[{"href":"https:\/\/www.europesays.com\/es\/wp-json\/wp\/v2\/posts"}],"about":[{"href":"https:\/\/www.europesays.com\/es\/wp-json\/wp\/v2\/types\/post"}],"author":[{"embeddable":true,"href":"https:\/\/www.europesays.com\/es\/wp-json\/wp\/v2\/users\/2"}],"replies":[{"embeddable":true,"href":"https:\/\/www.europesays.com\/es\/wp-json\/wp\/v2\/comments?post=446723"}],"version-history":[{"count":0,"href":"https:\/\/www.europesays.com\/es\/wp-json\/wp\/v2\/posts\/446723\/revisions"}],"wp:featuredmedia":[{"embeddable":true,"href":"https:\/\/www.europesays.com\/es\/wp-json\/wp\/v2\/media\/446724"}],"wp:attachment":[{"href":"https:\/\/www.europesays.com\/es\/wp-json\/wp\/v2\/media?parent=446723"}],"wp:term":[{"taxonomy":"category","embeddable":true,"href":"https:\/\/www.europesays.com\/es\/wp-json\/wp\/v2\/categories?post=446723"},{"taxonomy":"post_tag","embeddable":true,"href":"https:\/\/www.europesays.com\/es\/wp-json\/wp\/v2\/tags?post=446723"}],"curies":[{"name":"wp","href":"https:\/\/api.w.org\/{rel}","templated":true}]}}