{"id":446906,"date":"2026-03-14T16:02:14","date_gmt":"2026-03-14T16:02:14","guid":{"rendered":"https:\/\/www.europesays.com\/es\/446906\/"},"modified":"2026-03-14T16:02:14","modified_gmt":"2026-03-14T16:02:14","slug":"el-desafio-13-2-repite-dato-y-liderazgo-mientras-de-viernes-11-7-tira-de-irene-rosales-para-recortar-distancias","status":"publish","type":"post","link":"https:\/\/www.europesays.com\/es\/446906\/","title":{"rendered":"&#8216;El Desaf\u00edo&#8217; (13.2%) repite dato y liderazgo mientras &#8216;De Viernes&#8217; (11.7%) tira de Irene Rosales para recortar distancias"},"content":{"rendered":"<p class=\"article-text\">\n        En su d\u00e9cima semana en emisi\u00f3n, <strong>El Desaf\u00edo<\/strong> (Antena 3) se revalida como la principal oferta televisiva de la noche del viernes. Ayer lider\u00f3 el prime time con un <strong>13.2% de cuota de pantalla y 1.136.000 espectadores<\/strong>, id\u00e9ntico dato al que consigui\u00f3 la semana pasada (13.2% y 1.183.000).\n    <\/p>\n<p>    <a href=\"https:\/\/www.eldiario.es\/vertele\/analisis\/day-one-amazon-prime-video-serie-sencillo-thriller-tecnologico-compleja-era-algoritmos-ia-alex-gonzalez_1_13062342.html\" data-mrf-recirculation=\"saber-mas\" data-dl-event=\"saber-mas\" rel=\"nofollow noopener\" target=\"_blank\"><\/p>\n<p class=\"know-more__title\">CR\u00cdTICA | &#8216;Day One&#8217; de Prime Video, un sencillo thriller tecnol\u00f3gico en la compleja era de los algoritmos y la IA<\/p>\n<p>            <img decoding=\"async\" class=\"lazy\" loading=\"lazy\" data-src=\"https:\/\/static.eldiario.es\/clip\/dda160fc-fa12-40fc-9c28-851a568fa250_16-9-aspect-ratio_default_0.jpg\" src=\"data:image\/svg+xml,%3Csvg xmlns=\" http:=\"\" viewbox=\"0 0 880 495\" alt=\"'Day One' de Prime Video, un sencillo thriller tecnol\u00f3gico en la compleja era de los algoritmos y la IA\"\/><\/p>\n<p>                        <\/a><\/p>\n<p class=\"article-text\">\n        Mientras tanto, <strong>De Viernes<\/strong> (Telecinco) aprovecha el inmovilismo de su rival para recortar distancias con \u00e9l. El programa que presentan <strong>Santi Acosta<\/strong> y <strong>Beatriz Archidona<\/strong> registr\u00f3 anoche un <strong>11.7% de cuota y 912.000 espectadores<\/strong>, por lo que gana seis d\u00e9cimas y mejora su dato de audiencia por segunda semana consecutiva. En sus \u00faltimas dos entregas ha apostado por las intrigas familiares del Clan Pantoja, esta vez por boca de <strong>Irene Rosales<\/strong>, exmujer de <strong>Kiko Rivera<\/strong>.\n    <\/p>\n<p class=\"article-text\">\n        Tampoco hay demasiados cambios entre el resto de ofertas televisivas del prime time. <strong>El Blockbuster<\/strong> de Cuatro (6.8%) pierde 1.4 puntos con la pel\u00edcula <strong>La protectora<\/strong>, la misma cifra que gana <strong>laSexta Columna<\/strong> (7%) con su reportaje sobre la guerra de Ir\u00e1n. Por su parte, <strong>Trivial Pursuit<\/strong> (La1) se mantiene en sus cifras habituales, entre el 6.7% y el 8.9% de cuota.\n    <\/p>\n<p class=\"article-text\">\n        En la franja matinal, <strong>En boca de todos<\/strong> (Cuatro) registr\u00f3 este viernes un <strong>9.7% de cuota y 309.000 espectadores<\/strong>, el mejor dato de audiencia de su historia.\n    <\/p>\n<ul>\n<li><strong>PROGRAMAS CON MEJOR CUOTA DEL VIERNES (POR CADENAS)<\/strong><\/li>\n<\/ul>\n<tr>\n<td colspan=\"2\" class=\"                                                \">\n                    <strong>                    Antena 3:<br \/>\n                    <\/strong>                <\/td>\n<td class=\"                                                \">\n                                        La ruleta de la suerte\n                                    <\/td>\n<td class=\"new_share__tbl--5                                                \">\n                                        21.1%\n                                    <\/td>\n<\/tr>\n<tr>\n<td colspan=\"2\" class=\"                                                \">\n                    <strong>                    La 1:<br \/>\n                    <\/strong>                <\/td>\n<td class=\"                                                \">\n                                        La hora de La 1\n                                    <\/td>\n<td class=\"new_share__tbl--5                                                \">\n                                        19.5%\n                                    <\/td>\n<\/tr>\n<tr>\n<td colspan=\"2\" class=\"                                                \">\n                    <strong>                    laSexta:<br \/>\n                    <\/strong>                <\/td>\n<td class=\"                                                \">\n                                        Aruser@s\n                                    <\/td>\n<td class=\"new_share__tbl--5                                                \">\n                                        14.7%\n                                    <\/td>\n<\/tr>\n<tr>\n<td colspan=\"2\" class=\"                                                \">\n                    <strong>                    Telecinco:<br \/>\n                    <\/strong>                <\/td>\n<td class=\"                                                \">\n                                        \u00a1De viernes!\n                                    <\/td>\n<td class=\"new_share__tbl--5                                                \">\n                                        11.7%\n                                    <\/td>\n<\/tr>\n<tr>\n<td colspan=\"2\" class=\"                                                \">\n                    <strong>                    Cuatro:<br \/>\n                    <\/strong>                <\/td>\n<td class=\"                                                \">\n                                        En boca de todos\n                                    <\/td>\n<td class=\"new_share__tbl--5                                                \">\n                                        9.7%\n                                    <\/td>\n<\/tr>\n<tr>\n<td colspan=\"2\" class=\"                                                \">\n                    <strong>                    La 2:<br \/>\n                    <\/strong>                <\/td>\n<td class=\"                                                \">\n                                        Malas lenguas\n                                    <\/td>\n<td class=\"new_share__tbl--5                                                \">\n                                        7%\n                                    <\/td>\n<\/tr>\n<tr>\n<td colspan=\"2\" class=\"                                                \">\n                    <strong>                    Informativo con mejor share:<br \/>\n                    <\/strong>                <\/td>\n<td class=\"                                                \">\n                                        Antena 3 Noticias 1\n                                    <\/td>\n<td class=\"new_share__tbl--5                                                \">\n                                        22.7%\n                                    <\/td>\n<\/tr>\n<p class=\"article-text\">\n        *Programas emitidos entre las 07:30 y las 01:00 horas\n    <\/p>\n<p class=\"article-text\">\n        \u201cPasapalabra\u201d (Antena 3), a las 21:03 con 2.808.040 espectadores y un 27.4% de share\n    <\/p>\n<p>    D\u00eda<\/p>\n<tr>\n<td class=\"                                                \">\n                                        Antena 3\n                                    <\/td>\n<td class=\"new_share__tbl--5                                                \">\n                                        13.6%\n                                    <\/td>\n<\/tr>\n<tr>\n<td class=\"                                                \">\n                                        La 1\n                                    <\/td>\n<td class=\"new_share__tbl--5                                                \">\n                                        11.4%\n                                    <\/td>\n<\/tr>\n<tr>\n<td class=\"                                                \">\n                                        Tem\u00e1ticas de pago\n                                    <\/td>\n<td class=\"new_share__tbl--5                                                \">\n                                        10.7%\n                                    <\/td>\n<\/tr>\n<tr>\n<td class=\"                                                \">\n                                        Telecinco\n                                    <\/td>\n<td class=\"new_share__tbl--5                                                \">\n                                        9.8%\n                                    <\/td>\n<\/tr>\n<tr>\n<td class=\"                                                \">\n                                        Auton\u00f3micas (FORTA)\n                                    <\/td>\n<td class=\"new_share__tbl--5                                                \">\n                                        8.6%\n                                    <\/td>\n<\/tr>\n<tr>\n<td class=\"                                                \">\n                                        laSexta\n                                    <\/td>\n<td class=\"new_share__tbl--5                                                \">\n                                        6.8%\n                                    <\/td>\n<\/tr>\n<tr>\n<td class=\"                                                \">\n                                        Cuatro\n                                    <\/td>\n<td class=\"new_share__tbl--5                                                \">\n                                        6.2%\n                                    <\/td>\n<\/tr>\n<tr>\n<td class=\"                                                \">\n                                        La 2\n                                    <\/td>\n<td class=\"new_share__tbl--5                                                \">\n                                        3.3%\n                                    <\/td>\n<\/tr>\n<tr>\n<td class=\"                                                \">\n                                        Auton\u00f3micas privadas\n                                    <\/td>\n<td class=\"new_share__tbl--5                                                \">\n                                        0.3%\n                                    <\/td>\n<\/tr>\n<p>    Mes<\/p>\n<tr>\n<td class=\"                                                \">\n                                        Antena 3\n                                    <\/td>\n<td class=\"new_share__tbl--5                                                \">\n                                        12.7%\n                                    <\/td>\n<\/tr>\n<tr>\n<td class=\"                                                \">\n                                        La 1\n                                    <\/td>\n<td class=\"new_share__tbl--5                                                \">\n                                        12.1%\n                                    <\/td>\n<\/tr>\n<tr>\n<td class=\"                                                \">\n                                        Tem\u00e1ticas de pago\n                                    <\/td>\n<td class=\"new_share__tbl--5                                                \">\n                                        11.5%\n                                    <\/td>\n<\/tr>\n<tr>\n<td class=\"                                                \">\n                                        Telecinco\n                                    <\/td>\n<td class=\"new_share__tbl--5                                                \">\n                                        9.3%\n                                    <\/td>\n<\/tr>\n<tr>\n<td class=\"                                                \">\n                                        Auton\u00f3micas (FORTA)\n                                    <\/td>\n<td class=\"new_share__tbl--5                                                \">\n                                        8.6%\n                                    <\/td>\n<\/tr>\n<tr>\n<td class=\"                                                \">\n                                        laSexta\n                                    <\/td>\n<td class=\"new_share__tbl--5                                                \">\n                                        6.8%\n                                    <\/td>\n<\/tr>\n<tr>\n<td class=\"                                                \">\n                                        Cuatro\n                                    <\/td>\n<td class=\"new_share__tbl--5                                                \">\n                                        6.4%\n                                    <\/td>\n<\/tr>\n<tr>\n<td class=\"                                                \">\n                                        La 2\n                                    <\/td>\n<td class=\"new_share__tbl--5                                                \">\n                                        3.2%\n                                    <\/td>\n<\/tr>\n<tr>\n<td class=\"                                                \">\n                                        Auton\u00f3micas privadas\n                                    <\/td>\n<td class=\"new_share__tbl--5                                                \">\n                                        0.3%\n                                    <\/td>\n<\/tr>\n<p class=\"article-text\">\n        <strong>SOBREMESA<\/strong>\n    <\/p>\n<tr>\n<td class=\"                                                \">\n                                        Antena 3 Noticias 1\n                                    <\/td>\n<td class=\"new_share__tbl--5                                                \">\n                                        22.7%\n                                    <\/td>\n<td class=\"                        new_share__tbl--10                        \">\n                                        2.072.000\n                                    <\/td>\n<\/tr>\n<tr>\n<td class=\"                                                \">\n                                        Telediario 1\n                                    <\/td>\n<td class=\"new_share__tbl--5                                                \">\n                                        14.7%\n                                    <\/td>\n<td class=\"                        new_share__tbl--10                        \">\n                                        1.347.000\n                                    <\/td>\n<\/tr>\n<tr>\n<td class=\"                                                \">\n                                        Informativos Telecinco 15h\n                                    <\/td>\n<td class=\"new_share__tbl--5                                                \">\n                                        10.8%\n                                    <\/td>\n<td class=\"                        new_share__tbl--10                        \">\n                                        990.000\n                                    <\/td>\n<\/tr>\n<tr>\n<td class=\"                                                \">\n                                        Noticias Cuatro 1\n                                    <\/td>\n<td class=\"new_share__tbl--5                                                \">\n                                        9.5%\n                                    <\/td>\n<td class=\"                        new_share__tbl--10                        \">\n                                        657.000\n                                    <\/td>\n<\/tr>\n<tr>\n<td class=\"                                                \">\n                                        El Desmarque Cuatro 1\n                                    <\/td>\n<td class=\"new_share__tbl--5                                                \">\n                                        4.9%\n                                    <\/td>\n<td class=\"                        new_share__tbl--10                        \">\n                                        436.000\n                                    <\/td>\n<\/tr>\n<tr>\n<td class=\"                                                \">\n                                        laSexta Noticias 14h\n                                    <\/td>\n<td class=\"new_share__tbl--5                                                \">\n                                        9.4%\n                                    <\/td>\n<td class=\"                        new_share__tbl--10                        \">\n                                        740.000\n                                    <\/td>\n<\/tr>\n<tr>\n<td class=\"                                                \">\n                                        Jugones\n                                    <\/td>\n<td class=\"new_share__tbl--5                                                \">\n                                        5.9%\n                                    <\/td>\n<td class=\"                        new_share__tbl--10                        \">\n                                        552.000\n                                    <\/td>\n<\/tr>\n<p class=\"article-text\">\n        <strong>PRIME TIME<\/strong>\n    <\/p>\n<tr>\n<td class=\"                                                \">\n                                        Antena 3 Noticias 2\n                                    <\/td>\n<td class=\"new_share__tbl--5                                                \">\n                                        19.2%\n                                    <\/td>\n<td class=\"                        new_share__tbl--10                        \">\n                                        2.091.000\n                                    <\/td>\n<\/tr>\n<tr>\n<td class=\"                                                \">\n                                        Telediario 2\n                                    <\/td>\n<td class=\"new_share__tbl--5                                                \">\n                                        12.5%\n                                    <\/td>\n<td class=\"                        new_share__tbl--10                        \">\n                                        1.344.000\n                                    <\/td>\n<\/tr>\n<tr>\n<td class=\"                                                \">\n                                        laSexta Noticias 20h\n                                    <\/td>\n<td class=\"new_share__tbl--5                                                \">\n                                        8.3%\n                                    <\/td>\n<td class=\"                        new_share__tbl--10                        \">\n                                        715.000\n                                    <\/td>\n<\/tr>\n<tr>\n<td class=\"                                                \">\n                                        Informativos Telecinco 21h\n                                    <\/td>\n<td class=\"new_share__tbl--5                                                \">\n                                        7.6%\n                                    <\/td>\n<td class=\"                        new_share__tbl--10                        \">\n                                        813.000\n                                    <\/td>\n<\/tr>\n<tr>\n<td class=\"                                                \">\n                                        Noticias Cuatro 2\n                                    <\/td>\n<td class=\"new_share__tbl--5                                                \">\n                                        5.5%\n                                    <\/td>\n<td class=\"                        new_share__tbl--10                        \">\n                                        476.000\n                                    <\/td>\n<\/tr>\n<p class=\"article-text\">\n        <strong>FRANJA MATINAL<\/strong>\n    <\/p>\n<tr>\n<td class=\"                                                \">\n                                        Telediario matinal\n                                    <\/td>\n<td class=\"new_share__tbl--5                                                \">\n                                        16.6%\n                                    <\/td>\n<td class=\"                        new_share__tbl--10                        \">\n                                        147.000\n                                    <\/td>\n<\/tr>\n<tr>\n<td class=\"                                                \">\n                                        Antena 3 Noticias de la ma\u00f1ana\n                                    <\/td>\n<td class=\"new_share__tbl--5                                                \">\n                                        14.1%\n                                    <\/td>\n<td class=\"                        new_share__tbl--10                        \">\n                                        126.000\n                                    <\/td>\n<\/tr>\n<tr>\n<td class=\"                                                \">\n                                        El Matinal (Telecinco)\n                                    <\/td>\n<td class=\"new_share__tbl--5                                                \">\n                                        8.8%\n                                    <\/td>\n<td class=\"                        new_share__tbl--10                        \">\n                                        122.000\n                                    <\/td>\n<\/tr>\n<p>    <a href=\"https:\/\/www.eldiario.es\/vertele\/noticias\/el-desafio-primer-finalista-jose-yelamo-puntuaciones-clasificacion-general_1_13067958.html\" data-mrf-recirculation=\"saber-mas-abajo\" data-dl-event=\"saber-mas-abajo\" rel=\"nofollow noopener\" target=\"_blank\"><\/p>\n<p class=\"know-more__title\">&#8216;El Desaf\u00edo&#8217; eligi\u00f3 a su primer finalista despu\u00e9s de que Juan del Val provocara un vuelco en la clasificaci\u00f3n general<\/p>\n<p>            <img decoding=\"async\" class=\"lazy\" loading=\"lazy\" data-src=\"https:\/\/static.eldiario.es\/clip\/f122425d-c6de-4cf9-9eaf-f1b7e92d09ca_16-9-aspect-ratio_default_0.jpg\" src=\"data:image\/svg+xml,%3Csvg xmlns=\" http:=\"\" viewbox=\"0 0 880 495\" alt=\"'El Desaf\u00edo' eligi\u00f3 a su primer finalista despu\u00e9s de que Juan del Val provocara un vuelco en la clasificaci\u00f3n general\"\/><\/p>\n<p>                        <\/a><\/p>\n<p class=\"article-text\">\n        Todos los datos de audiencia de este informe son CON invitados y CON segundas residencias, el est\u00e1ndar del sector acordado por las cadenas con Kantar Media y aceptado por los anunciantes. Kantar Media, como fabricante de la base de datos que contiene los \u00edndices de audiencia, es la propietaria exclusiva de la informaci\u00f3n suministrada a Vertele. Cualquier utilizaci\u00f3n o reutilizaci\u00f3n de los datos y el uso indebido de los productos Kantar Media S.A. dar\u00e1 lugar a las correspondientes responsabilidades legales.\n    <\/p>\n","protected":false},"excerpt":{"rendered":"En su d\u00e9cima semana en emisi\u00f3n, El Desaf\u00edo (Antena 3) se revalida como la principal oferta televisiva de&hellip;\n","protected":false},"author":2,"featured_media":446907,"comment_status":"","ping_status":"","sticky":false,"template":"","format":"standard","meta":{"footnotes":""},"categories":[171],"tags":[93534,12215,78343,146,147,25,24,30468,23,214,381],"class_list":["post-446906","post","type-post","status-publish","format-standard","has-post-thumbnail","category-tv","tag-13-marzo-2026","tag-deviernes","tag-el-desafio-lider-antena-3","tag-entertainment","tag-entretenimiento","tag-es","tag-espana","tag-irene-rosales","tag-spain","tag-tv","tag-viernes"],"share_on_mastodon":{"url":"https:\/\/pubeurope.com\/@es\/116228374218308965","error":""},"_links":{"self":[{"href":"https:\/\/www.europesays.com\/es\/wp-json\/wp\/v2\/posts\/446906","targetHints":{"allow":["GET"]}}],"collection":[{"href":"https:\/\/www.europesays.com\/es\/wp-json\/wp\/v2\/posts"}],"about":[{"href":"https:\/\/www.europesays.com\/es\/wp-json\/wp\/v2\/types\/post"}],"author":[{"embeddable":true,"href":"https:\/\/www.europesays.com\/es\/wp-json\/wp\/v2\/users\/2"}],"replies":[{"embeddable":true,"href":"https:\/\/www.europesays.com\/es\/wp-json\/wp\/v2\/comments?post=446906"}],"version-history":[{"count":0,"href":"https:\/\/www.europesays.com\/es\/wp-json\/wp\/v2\/posts\/446906\/revisions"}],"wp:featuredmedia":[{"embeddable":true,"href":"https:\/\/www.europesays.com\/es\/wp-json\/wp\/v2\/media\/446907"}],"wp:attachment":[{"href":"https:\/\/www.europesays.com\/es\/wp-json\/wp\/v2\/media?parent=446906"}],"wp:term":[{"taxonomy":"category","embeddable":true,"href":"https:\/\/www.europesays.com\/es\/wp-json\/wp\/v2\/categories?post=446906"},{"taxonomy":"post_tag","embeddable":true,"href":"https:\/\/www.europesays.com\/es\/wp-json\/wp\/v2\/tags?post=446906"}],"curies":[{"name":"wp","href":"https:\/\/api.w.org\/{rel}","templated":true}]}}