{"id":447740,"date":"2026-03-15T04:47:09","date_gmt":"2026-03-15T04:47:09","guid":{"rendered":"https:\/\/www.europesays.com\/es\/447740\/"},"modified":"2026-03-15T04:47:09","modified_gmt":"2026-03-15T04:47:09","slug":"animan-a-las-mujeres-a-acudir-al-cribado-de-cancer-de-cervix","status":"publish","type":"post","link":"https:\/\/www.europesays.com\/es\/447740\/","title":{"rendered":"Animan a las mujeres a acudir al cribado de c\u00e1ncer de c\u00e9rvix"},"content":{"rendered":"<p>\u00abEl virus del papiloma humano no entiende de edad, ni de h\u00e1bitos sexuales, afecta por igual a mujeres j\u00f3venes que a otras en la quinta o sexta d\u00e9cada de la vida\u00bb. As\u00ed lo indic\u00f3 la especialista de Ginecolog\u00eda y Obstetricia de la GAI de Albacete, la doctora Llanos Belmonte, que asegur\u00f3 que \u00abno existe concienciaci\u00f3n suficiente, falta mucho todav\u00eda por hacer para sensibilizar a las mujeres, porque muchas no saben de lo que hablamos cuando las derivan a nuestras consultas por una infecci\u00f3n de alto grado, desconocen c\u00f3mo han podido contagiarse, o si pueden hacer algo para evitarlo, es algo que les genera mucho conflicto y a nivel de pareja, porque no deja de ser un virus de transmisi\u00f3n sexual\u00bb.<\/p>\n<p>Salvo el tabaco, que es un factor que facilita la persistencia del virus, no hay otras causas que puedan favorecer su proliferaci\u00f3n. \u00abEs muy frecuente que las mujeres que tengan lesiones precancer\u00edgenas por este virus sean fumadoras\u00bb, indic\u00f3 la doctora Belmonte.<\/p>\n<p>\u00abCon una vez que una persona haya tenido relaciones sexuales con un portador del virus es suficiente para contagiarse; y es nos contagiamos el 90% de las personas por lo menos una vez a\u00f1o, con lo que no hay un perfil claro de infecci\u00f3n por este virus\u00bb, agreg\u00f3 la ginec\u00f3loga del CHUA.<\/p>\n<p>Por una parte existe la prevenci\u00f3n primaria con la vacuna frente al virus del papiloma humano, que el a\u00f1o pasado se administr\u00f3 a casi 6.000 ni\u00f1as y ni\u00f1os de 12 a\u00f1os de la capital y otras poblaciones adscritas a la GAI albacetense; y por otra est\u00e1 el cribado.\u00a0<\/p>\n<p>El c\u00e1ncer de cuello de \u00fatero tiene una historia natural muy particular, \u00abporque desde que la infecci\u00f3n se produce hasta que se desarrolla el c\u00e1ncer cl\u00ednico pueden pasar muchos a\u00f1os, entre 10 y 20 a\u00f1os\u00bb, agreg\u00f3 la doctora Llanos Belmonte, que insisti\u00f3 en la importancia del cribado, \u00abporque nos aporta muchas oportunidades en el tiempo para detectar una situaci\u00f3n altamente predisponente como la infecci\u00f3n por dos de los tipos con m\u00e1s riesgo cong\u00e9nico, hasta que aparece una lesi\u00f3n precancer\u00edgena tratable o un c\u00e1ncer en estadios iniciales, nos da muchas oportunidades en la vida de la mujer para detectar lesiones antes de que den lugar a un c\u00e1ncer\u00bb.<\/p>\n<p>(M\u00e1s informaci\u00f3n en edici\u00f3n impresa y en la APP de La Tribuna de Albacete)<\/p>\n","protected":false},"excerpt":{"rendered":"\u00abEl virus del papiloma humano no entiende de edad, ni de h\u00e1bitos sexuales, afecta por igual a mujeres&hellip;\n","protected":false},"author":2,"featured_media":447741,"comment_status":"","ping_status":"","sticky":false,"template":"","format":"standard","meta":{"footnotes":""},"categories":[92],"tags":[3650,1066,44816,25,24,165,24962,166,23,4224,8177,2275],"class_list":["post-447740","post","type-post","status-publish","format-standard","has-post-thumbnail","category-salud","tag-belmonte","tag-cancer","tag-complejo-hospitalario-de-albacete","tag-es","tag-espana","tag-health","tag-relaciones-sexuales","tag-salud","tag-spain","tag-tabaco","tag-vacuna","tag-virus"],"share_on_mastodon":{"url":"https:\/\/pubeurope.com\/@es\/116231382210337124","error":""},"_links":{"self":[{"href":"https:\/\/www.europesays.com\/es\/wp-json\/wp\/v2\/posts\/447740","targetHints":{"allow":["GET"]}}],"collection":[{"href":"https:\/\/www.europesays.com\/es\/wp-json\/wp\/v2\/posts"}],"about":[{"href":"https:\/\/www.europesays.com\/es\/wp-json\/wp\/v2\/types\/post"}],"author":[{"embeddable":true,"href":"https:\/\/www.europesays.com\/es\/wp-json\/wp\/v2\/users\/2"}],"replies":[{"embeddable":true,"href":"https:\/\/www.europesays.com\/es\/wp-json\/wp\/v2\/comments?post=447740"}],"version-history":[{"count":0,"href":"https:\/\/www.europesays.com\/es\/wp-json\/wp\/v2\/posts\/447740\/revisions"}],"wp:featuredmedia":[{"embeddable":true,"href":"https:\/\/www.europesays.com\/es\/wp-json\/wp\/v2\/media\/447741"}],"wp:attachment":[{"href":"https:\/\/www.europesays.com\/es\/wp-json\/wp\/v2\/media?parent=447740"}],"wp:term":[{"taxonomy":"category","embeddable":true,"href":"https:\/\/www.europesays.com\/es\/wp-json\/wp\/v2\/categories?post=447740"},{"taxonomy":"post_tag","embeddable":true,"href":"https:\/\/www.europesays.com\/es\/wp-json\/wp\/v2\/tags?post=447740"}],"curies":[{"name":"wp","href":"https:\/\/api.w.org\/{rel}","templated":true}]}}