{"id":448028,"date":"2026-03-15T09:38:04","date_gmt":"2026-03-15T09:38:04","guid":{"rendered":"https:\/\/www.europesays.com\/es\/448028\/"},"modified":"2026-03-15T09:38:04","modified_gmt":"2026-03-15T09:38:04","slug":"euforia-ciclista-en-la-alberca","status":"publish","type":"post","link":"https:\/\/www.europesays.com\/es\/448028\/","title":{"rendered":"Euforia ciclista en La Alberca"},"content":{"rendered":"<p class=\"v-mdl-ath__p v-mdl-ath__p--6\">\nS\u00e1bado, 14 de marzo 2026, 18:19<\/p>\n<p>| Actualizado 18:35h.<\/p>\n<p class=\"v-p\">Un entorno natural \u00fanico pero exigente. Ese fue el panorama que se encontraron los <strong>cerca de 200 corredores que tomaron parte en la segunda prueba de la Sierra de Francia Bike Race<\/strong>, compuesta por 70 kil\u00f3metros en un trazado duro, rompepiernas y con una climatolog\u00eda fr\u00eda que puso un poco m\u00e1s elevado el list\u00f3n de la dificultad.<\/p>\n<p class=\"v-p\">Noel Mart\u00edn en chicos y Cristina Mor\u00e1n en f\u00e9minas, se impusieron en una carrera que desde su salida neutralizada ya dej\u00f3 claro que <strong>iba a ser de un alto ritmo<\/strong>. El pelot\u00f3n recorri\u00f3 las calles de La Alberca agrupado y una vez tom\u00f3 contacto con el terreno natural, se lanzaron las hostilidades.<\/p>\n<p class=\"v-p\">Uno de los primeros puntos de dificultad era la subida por un camino forestal desde Herguijuela de la Sierra hasta conectar con el paso cercano a la Pe\u00f1a de Francia. En ese punto lideraba Javier Fern\u00e1ndez, seguido de Noel Mart\u00edn quien dio el sorpasso a su rival en los \u00faltimos kil\u00f3metros y <strong>que sell\u00f3 su triunfo con un descenso vertiginoso hasta la meta<\/strong>.<\/p>\n<p class=\"v-p\">Las partes t\u00e9cnicas supusieron un reto para todos los participantes que tendr\u00e1n hoy la tercera etapa de esta novedosa prueba. Una ruta de 40 kil\u00f3metros, igual de exigente en su trazado que la del s\u00e1bado y que contar\u00e1 con una mayor participaci\u00f3n, con un pelot\u00f3n de m\u00e1s de 220 corredores en la salida.<\/p>\n<p class=\"v-p\"><strong>\u00abSorprendidos por la alta participaci\u00f3n\u00bb<\/strong><\/p>\n<p class=\"v-p\"><strong>Rub\u00e9n Mor\u00e1n<\/strong>, organizador de la prueba, destacaba su sorpresa \u00abpor la alta participaci\u00f3n, somos una prueba nueva, y la valoraci\u00f3n es positiva y estamos recibiendo un buen feedback de cara a siguientes ediciones\u00bb. Seg\u00fan explica Mor\u00e1n, esta cita \u00abesta pensada para disfrutar del entorno\u00bb.<\/p>\n<p class=\"v-p\">Por su parte <strong>el ganador masculino Noel Mart\u00edn<\/strong> defin\u00eda la carrera como \u00abmuy dura, entre el barro que hab\u00eda, el terreno y la climatolog\u00eda lo han hecho dif\u00edcil, pero ha sido muy bonita\u00bb.<\/p>\n<p><img decoding=\"async\" loading=\"lazy\" src=\"https:\/\/www.europesays.com\/es\/wp-content\/uploads\/2026\/03\/DSC_0005.jpg\" class=\"v-a-img\" width=\"720\" height=\"540\" alt=\"Euforia ciclista en La Alberca\"\/><\/p>\n<p><img decoding=\"async\" loading=\"lazy\" src=\"https:\/\/www.europesays.com\/es\/wp-content\/uploads\/2026\/03\/DSC_0005.jpg\" class=\"v-mdl__img-z\" width=\"720\" height=\"540\" alt=\"Euforia ciclista en La Alberca\"\/><\/p>\n<p><img loading=\"lazy\" decoding=\"async\" src=\"https:\/\/www.europesays.com\/es\/wp-content\/uploads\/2026\/03\/DSC_0005.jpg\" class=\"v-mdl__img-z\" width=\"720\" height=\"540\" alt=\"Euforia ciclista en La Alberca\"\/><\/p>\n<p><img decoding=\"async\" loading=\"lazy\" src=\"https:\/\/www.europesays.com\/es\/wp-content\/uploads\/2026\/03\/DSC_0009.jpg\" class=\"v-a-img\" width=\"720\" height=\"540\" alt=\"Euforia ciclista en La Alberca\"\/><\/p>\n<p><img decoding=\"async\" loading=\"lazy\" src=\"https:\/\/www.europesays.com\/es\/wp-content\/uploads\/2026\/03\/DSC_0009.jpg\" class=\"v-mdl__img-z\" width=\"720\" height=\"540\" alt=\"Euforia ciclista en La Alberca\"\/><\/p>\n<p><img loading=\"lazy\" decoding=\"async\" src=\"https:\/\/www.europesays.com\/es\/wp-content\/uploads\/2026\/03\/DSC_0009.jpg\" class=\"v-mdl__img-z\" width=\"720\" height=\"540\" alt=\"Euforia ciclista en La Alberca\"\/><\/p>\n<p><img decoding=\"async\" loading=\"lazy\" src=\"https:\/\/www.europesays.com\/es\/wp-content\/uploads\/2026\/03\/DSC_0010.jpg\" class=\"v-a-img\" width=\"720\" height=\"540\" alt=\"Euforia ciclista en La Alberca\"\/><\/p>\n<p><img decoding=\"async\" loading=\"lazy\" src=\"https:\/\/www.europesays.com\/es\/wp-content\/uploads\/2026\/03\/DSC_0010.jpg\" class=\"v-mdl__img-z\" width=\"720\" height=\"540\" alt=\"Euforia ciclista en La Alberca\"\/><\/p>\n<p><img loading=\"lazy\" decoding=\"async\" src=\"https:\/\/www.europesays.com\/es\/wp-content\/uploads\/2026\/03\/DSC_0010.jpg\" class=\"v-mdl__img-z\" width=\"720\" height=\"540\" alt=\"Euforia ciclista en La Alberca\"\/><\/p>\n<p><img decoding=\"async\" loading=\"lazy\" src=\"https:\/\/www.europesays.com\/es\/wp-content\/uploads\/2026\/03\/DSC_0015.jpg\" class=\"v-a-img\" width=\"720\" height=\"540\" alt=\"Euforia ciclista en La Alberca\"\/><\/p>\n<p><img decoding=\"async\" loading=\"lazy\" src=\"https:\/\/www.europesays.com\/es\/wp-content\/uploads\/2026\/03\/DSC_0015.jpg\" class=\"v-mdl__img-z\" width=\"720\" height=\"540\" alt=\"Euforia ciclista en La Alberca\"\/><\/p>\n<p><img loading=\"lazy\" decoding=\"async\" src=\"https:\/\/www.europesays.com\/es\/wp-content\/uploads\/2026\/03\/DSC_0015.jpg\" class=\"v-mdl__img-z\" width=\"720\" height=\"540\" alt=\"Euforia ciclista en La Alberca\"\/><\/p>\n<p><img decoding=\"async\" loading=\"lazy\" src=\"https:\/\/www.europesays.com\/es\/wp-content\/uploads\/2026\/03\/DSC_0017.jpg\" class=\"v-a-img\" width=\"720\" height=\"540\" alt=\"Euforia ciclista en La Alberca\"\/><\/p>\n<p><img decoding=\"async\" loading=\"lazy\" src=\"https:\/\/www.europesays.com\/es\/wp-content\/uploads\/2026\/03\/DSC_0017.jpg\" class=\"v-mdl__img-z\" width=\"720\" height=\"540\" alt=\"Euforia ciclista en La Alberca\"\/><\/p>\n<p><img loading=\"lazy\" decoding=\"async\" src=\"https:\/\/www.europesays.com\/es\/wp-content\/uploads\/2026\/03\/DSC_0017.jpg\" class=\"v-mdl__img-z\" width=\"720\" height=\"540\" alt=\"Euforia ciclista en La Alberca\"\/><\/p>\n<p><img decoding=\"async\" loading=\"lazy\" src=\"https:\/\/www.europesays.com\/es\/wp-content\/uploads\/2026\/03\/DSC_0020.jpg\" class=\"v-a-img\" width=\"720\" height=\"540\" alt=\"Euforia ciclista en La Alberca\"\/><\/p>\n<p><img decoding=\"async\" loading=\"lazy\" src=\"https:\/\/www.europesays.com\/es\/wp-content\/uploads\/2026\/03\/DSC_0020.jpg\" class=\"v-mdl__img-z\" width=\"720\" height=\"540\" alt=\"Euforia ciclista en La Alberca\"\/><\/p>\n<p><img loading=\"lazy\" decoding=\"async\" src=\"https:\/\/www.europesays.com\/es\/wp-content\/uploads\/2026\/03\/DSC_0020.jpg\" class=\"v-mdl__img-z\" width=\"720\" height=\"540\" alt=\"Euforia ciclista en La Alberca\"\/><\/p>\n<p><img decoding=\"async\" loading=\"lazy\" src=\"https:\/\/www.europesays.com\/es\/wp-content\/uploads\/2026\/03\/DSC_0029.jpg\" class=\"v-a-img\" width=\"720\" height=\"540\" alt=\"Euforia ciclista en La Alberca\"\/><\/p>\n<p><img decoding=\"async\" loading=\"lazy\" src=\"https:\/\/www.europesays.com\/es\/wp-content\/uploads\/2026\/03\/DSC_0029.jpg\" class=\"v-mdl__img-z\" width=\"720\" height=\"540\" alt=\"Euforia ciclista en La Alberca\"\/><\/p>\n<p><img loading=\"lazy\" decoding=\"async\" src=\"https:\/\/www.europesays.com\/es\/wp-content\/uploads\/2026\/03\/DSC_0029.jpg\" class=\"v-mdl__img-z\" width=\"720\" height=\"540\" alt=\"Euforia ciclista en La Alberca\"\/><\/p>\n<p><img decoding=\"async\" loading=\"lazy\" src=\"https:\/\/www.europesays.com\/es\/wp-content\/uploads\/2026\/03\/DSC_0030.jpg\" class=\"v-a-img\" width=\"720\" height=\"540\" alt=\"Euforia ciclista en La Alberca\"\/><\/p>\n<p><img decoding=\"async\" loading=\"lazy\" src=\"https:\/\/www.europesays.com\/es\/wp-content\/uploads\/2026\/03\/DSC_0030.jpg\" class=\"v-mdl__img-z\" width=\"720\" height=\"540\" alt=\"Euforia ciclista en La Alberca\"\/><\/p>\n<p><img loading=\"lazy\" decoding=\"async\" src=\"https:\/\/www.europesays.com\/es\/wp-content\/uploads\/2026\/03\/DSC_0030.jpg\" class=\"v-mdl__img-z\" width=\"720\" height=\"540\" alt=\"Euforia ciclista en La Alberca\"\/><\/p>\n<p><img decoding=\"async\" loading=\"lazy\" src=\"https:\/\/www.europesays.com\/es\/wp-content\/uploads\/2026\/03\/DSC_0033.jpg\" class=\"v-a-img\" width=\"720\" height=\"540\" alt=\"Euforia ciclista en La Alberca\"\/><\/p>\n<p><img decoding=\"async\" loading=\"lazy\" src=\"https:\/\/www.europesays.com\/es\/wp-content\/uploads\/2026\/03\/DSC_0033.jpg\" class=\"v-mdl__img-z\" width=\"720\" height=\"540\" alt=\"Euforia ciclista en La Alberca\"\/><\/p>\n<p><img loading=\"lazy\" decoding=\"async\" src=\"https:\/\/www.europesays.com\/es\/wp-content\/uploads\/2026\/03\/DSC_0033.jpg\" class=\"v-mdl__img-z\" width=\"720\" height=\"540\" alt=\"Euforia ciclista en La Alberca\"\/><\/p>\n<p><img decoding=\"async\" loading=\"lazy\" src=\"https:\/\/www.europesays.com\/es\/wp-content\/uploads\/2026\/03\/DSC_0035.jpg\" class=\"v-a-img\" width=\"720\" height=\"540\" alt=\"Euforia ciclista en La Alberca\"\/><\/p>\n<p><img decoding=\"async\" loading=\"lazy\" src=\"https:\/\/www.europesays.com\/es\/wp-content\/uploads\/2026\/03\/DSC_0035.jpg\" class=\"v-mdl__img-z\" width=\"720\" height=\"540\" alt=\"Euforia ciclista en La Alberca\"\/><\/p>\n<p><img loading=\"lazy\" decoding=\"async\" src=\"https:\/\/www.europesays.com\/es\/wp-content\/uploads\/2026\/03\/DSC_0035.jpg\" class=\"v-mdl__img-z\" width=\"720\" height=\"540\" alt=\"Euforia ciclista en La Alberca\"\/><\/p>\n<p><img decoding=\"async\" loading=\"lazy\" src=\"https:\/\/www.europesays.com\/es\/wp-content\/uploads\/2026\/03\/DSC_0040.jpg\" class=\"v-a-img\" width=\"720\" height=\"540\" alt=\"Euforia ciclista en La Alberca\"\/><\/p>\n<p><img decoding=\"async\" loading=\"lazy\" src=\"https:\/\/www.europesays.com\/es\/wp-content\/uploads\/2026\/03\/DSC_0040.jpg\" class=\"v-mdl__img-z\" width=\"720\" height=\"540\" alt=\"Euforia ciclista en La Alberca\"\/><\/p>\n<p><img loading=\"lazy\" decoding=\"async\" src=\"https:\/\/www.europesays.com\/es\/wp-content\/uploads\/2026\/03\/DSC_0040.jpg\" class=\"v-mdl__img-z\" width=\"720\" height=\"540\" alt=\"Euforia ciclista en La Alberca\"\/><\/p>\n<p><img decoding=\"async\" loading=\"lazy\" src=\"https:\/\/www.europesays.com\/es\/wp-content\/uploads\/2026\/03\/DSC_0053.jpg\" class=\"v-a-img\" width=\"720\" height=\"540\" alt=\"Euforia ciclista en La Alberca\"\/><\/p>\n<p><img decoding=\"async\" loading=\"lazy\" src=\"https:\/\/www.europesays.com\/es\/wp-content\/uploads\/2026\/03\/DSC_0053.jpg\" class=\"v-mdl__img-z\" width=\"720\" height=\"540\" alt=\"Euforia ciclista en La Alberca\"\/><\/p>\n<p><img loading=\"lazy\" decoding=\"async\" src=\"https:\/\/www.europesays.com\/es\/wp-content\/uploads\/2026\/03\/DSC_0053.jpg\" class=\"v-mdl__img-z\" width=\"720\" height=\"540\" alt=\"Euforia ciclista en La Alberca\"\/><\/p>\n<p><img decoding=\"async\" loading=\"lazy\" src=\"https:\/\/www.europesays.com\/es\/wp-content\/uploads\/2026\/03\/DSC_0058.jpg\" class=\"v-a-img\" width=\"720\" height=\"540\" alt=\"Euforia ciclista en La Alberca\"\/><\/p>\n<p><img decoding=\"async\" loading=\"lazy\" src=\"https:\/\/www.europesays.com\/es\/wp-content\/uploads\/2026\/03\/DSC_0058.jpg\" class=\"v-mdl__img-z\" width=\"720\" height=\"540\" alt=\"Euforia ciclista en La Alberca\"\/><\/p>\n<p><img loading=\"lazy\" decoding=\"async\" src=\"https:\/\/www.europesays.com\/es\/wp-content\/uploads\/2026\/03\/DSC_0058.jpg\" class=\"v-mdl__img-z\" width=\"720\" height=\"540\" alt=\"Euforia ciclista en La Alberca\"\/><\/p>\n<p><img decoding=\"async\" loading=\"lazy\" src=\"https:\/\/www.europesays.com\/es\/wp-content\/uploads\/2026\/03\/DSC_0060.jpg\" class=\"v-a-img\" width=\"720\" height=\"540\" alt=\"Euforia ciclista en La Alberca\"\/><\/p>\n<p><img decoding=\"async\" loading=\"lazy\" src=\"https:\/\/www.europesays.com\/es\/wp-content\/uploads\/2026\/03\/DSC_0060.jpg\" class=\"v-mdl__img-z\" width=\"720\" height=\"540\" alt=\"Euforia ciclista en La Alberca\"\/><\/p>\n<p><img loading=\"lazy\" decoding=\"async\" src=\"https:\/\/www.europesays.com\/es\/wp-content\/uploads\/2026\/03\/DSC_0060.jpg\" class=\"v-mdl__img-z\" width=\"720\" height=\"540\" alt=\"Euforia ciclista en La Alberca\"\/><\/p>\n<p><img decoding=\"async\" loading=\"lazy\" src=\"https:\/\/www.europesays.com\/es\/wp-content\/uploads\/2026\/03\/DSC_0063.jpg\" class=\"v-a-img\" width=\"720\" height=\"540\" alt=\"Euforia ciclista en La Alberca\"\/><\/p>\n<p><img decoding=\"async\" loading=\"lazy\" src=\"https:\/\/www.europesays.com\/es\/wp-content\/uploads\/2026\/03\/DSC_0063.jpg\" class=\"v-mdl__img-z\" width=\"720\" height=\"540\" alt=\"Euforia ciclista en La Alberca\"\/><\/p>\n<p><img loading=\"lazy\" decoding=\"async\" src=\"https:\/\/www.europesays.com\/es\/wp-content\/uploads\/2026\/03\/DSC_0063.jpg\" class=\"v-mdl__img-z\" width=\"720\" height=\"540\" alt=\"Euforia ciclista en La Alberca\"\/><\/p>\n<p><img decoding=\"async\" loading=\"lazy\" src=\"https:\/\/www.europesays.com\/es\/wp-content\/uploads\/2026\/03\/DSC_0071.jpg\" class=\"v-a-img\" width=\"720\" height=\"540\" alt=\"Euforia ciclista en La Alberca\"\/><\/p>\n<p><img decoding=\"async\" loading=\"lazy\" src=\"https:\/\/www.europesays.com\/es\/wp-content\/uploads\/2026\/03\/DSC_0071.jpg\" class=\"v-mdl__img-z\" width=\"720\" height=\"540\" alt=\"Euforia ciclista en La Alberca\"\/><\/p>\n<p><img loading=\"lazy\" decoding=\"async\" src=\"https:\/\/www.europesays.com\/es\/wp-content\/uploads\/2026\/03\/DSC_0071.jpg\" class=\"v-mdl__img-z\" width=\"720\" height=\"540\" alt=\"Euforia ciclista en La Alberca\"\/><\/p>\n<p><img decoding=\"async\" loading=\"lazy\" src=\"https:\/\/www.europesays.com\/es\/wp-content\/uploads\/2026\/03\/DSC_0077.jpg\" class=\"v-a-img\" width=\"720\" height=\"540\" alt=\"Euforia ciclista en La Alberca\"\/><\/p>\n<p><img decoding=\"async\" loading=\"lazy\" src=\"https:\/\/www.europesays.com\/es\/wp-content\/uploads\/2026\/03\/DSC_0077.jpg\" class=\"v-mdl__img-z\" width=\"720\" height=\"540\" alt=\"Euforia ciclista en La Alberca\"\/><\/p>\n<p><img loading=\"lazy\" decoding=\"async\" src=\"https:\/\/www.europesays.com\/es\/wp-content\/uploads\/2026\/03\/DSC_0077.jpg\" class=\"v-mdl__img-z\" width=\"720\" height=\"540\" alt=\"Euforia ciclista en La Alberca\"\/><\/p>\n<p><img decoding=\"async\" loading=\"lazy\" src=\"https:\/\/www.europesays.com\/es\/wp-content\/uploads\/2026\/03\/DSC_0082.jpg\" class=\"v-a-img\" width=\"720\" height=\"540\" alt=\"Euforia ciclista en La Alberca\"\/><\/p>\n<p><img decoding=\"async\" loading=\"lazy\" src=\"https:\/\/www.europesays.com\/es\/wp-content\/uploads\/2026\/03\/DSC_0082.jpg\" class=\"v-mdl__img-z\" width=\"720\" height=\"540\" alt=\"Euforia ciclista en La Alberca\"\/><\/p>\n<p><img loading=\"lazy\" decoding=\"async\" src=\"https:\/\/www.europesays.com\/es\/wp-content\/uploads\/2026\/03\/DSC_0082.jpg\" class=\"v-mdl__img-z\" width=\"720\" height=\"540\" alt=\"Euforia ciclista en La Alberca\"\/><\/p>\n<p><img decoding=\"async\" loading=\"lazy\" src=\"https:\/\/www.europesays.com\/es\/wp-content\/uploads\/2026\/03\/DSC_0084.jpg\" class=\"v-a-img\" width=\"720\" height=\"540\" alt=\"Euforia ciclista en La Alberca\"\/><\/p>\n<p><img decoding=\"async\" loading=\"lazy\" src=\"https:\/\/www.europesays.com\/es\/wp-content\/uploads\/2026\/03\/DSC_0084.jpg\" class=\"v-mdl__img-z\" width=\"720\" height=\"540\" alt=\"Euforia ciclista en La Alberca\"\/><\/p>\n<p><img loading=\"lazy\" decoding=\"async\" src=\"https:\/\/www.europesays.com\/es\/wp-content\/uploads\/2026\/03\/DSC_0084.jpg\" class=\"v-mdl__img-z\" width=\"720\" height=\"540\" alt=\"Euforia ciclista en La Alberca\"\/><\/p>\n<p><img decoding=\"async\" loading=\"lazy\" src=\"https:\/\/www.europesays.com\/es\/wp-content\/uploads\/2026\/03\/DSC_0103.jpg\" class=\"v-a-img\" width=\"720\" height=\"540\" alt=\"Euforia ciclista en La Alberca\"\/><\/p>\n<p><img decoding=\"async\" loading=\"lazy\" src=\"https:\/\/www.europesays.com\/es\/wp-content\/uploads\/2026\/03\/DSC_0103.jpg\" class=\"v-mdl__img-z\" width=\"720\" height=\"540\" alt=\"Euforia ciclista en La Alberca\"\/><\/p>\n<p><img loading=\"lazy\" decoding=\"async\" src=\"https:\/\/www.europesays.com\/es\/wp-content\/uploads\/2026\/03\/DSC_0103.jpg\" class=\"v-mdl__img-z\" width=\"720\" height=\"540\" alt=\"Euforia ciclista en La Alberca\"\/><\/p>\n<p><img decoding=\"async\" loading=\"lazy\" src=\"https:\/\/www.europesays.com\/es\/wp-content\/uploads\/2026\/03\/DSC_0112.jpg\" class=\"v-a-img\" width=\"720\" height=\"540\" alt=\"Euforia ciclista en La Alberca\"\/><\/p>\n<p><img decoding=\"async\" loading=\"lazy\" src=\"https:\/\/www.europesays.com\/es\/wp-content\/uploads\/2026\/03\/DSC_0112.jpg\" class=\"v-mdl__img-z\" width=\"720\" height=\"540\" alt=\"Euforia ciclista en La Alberca\"\/><\/p>\n<p><img loading=\"lazy\" decoding=\"async\" src=\"https:\/\/www.europesays.com\/es\/wp-content\/uploads\/2026\/03\/DSC_0112.jpg\" class=\"v-mdl__img-z\" width=\"720\" height=\"540\" alt=\"Euforia ciclista en La Alberca\"\/><\/p>\n<p><img decoding=\"async\" loading=\"lazy\" src=\"https:\/\/www.europesays.com\/es\/wp-content\/uploads\/2026\/03\/DSC_0118.jpg\" class=\"v-a-img\" width=\"720\" height=\"540\" alt=\"Euforia ciclista en La Alberca\"\/><\/p>\n<p><img decoding=\"async\" loading=\"lazy\" src=\"https:\/\/www.europesays.com\/es\/wp-content\/uploads\/2026\/03\/DSC_0118.jpg\" class=\"v-mdl__img-z\" width=\"720\" height=\"540\" alt=\"Euforia ciclista en La Alberca\"\/><\/p>\n<p><img loading=\"lazy\" decoding=\"async\" src=\"https:\/\/www.europesays.com\/es\/wp-content\/uploads\/2026\/03\/DSC_0118.jpg\" class=\"v-mdl__img-z\" width=\"720\" height=\"540\" alt=\"Euforia ciclista en La Alberca\"\/><\/p>\n<p><img decoding=\"async\" loading=\"lazy\" src=\"https:\/\/www.europesays.com\/es\/wp-content\/uploads\/2026\/03\/DSC_0135.jpg\" class=\"v-a-img\" width=\"720\" height=\"540\" alt=\"Euforia ciclista en La Alberca\"\/><\/p>\n<p><img decoding=\"async\" loading=\"lazy\" src=\"https:\/\/www.europesays.com\/es\/wp-content\/uploads\/2026\/03\/DSC_0135.jpg\" class=\"v-mdl__img-z\" width=\"720\" height=\"540\" alt=\"Euforia ciclista en La Alberca\"\/><\/p>\n<p><img loading=\"lazy\" decoding=\"async\" src=\"https:\/\/www.europesays.com\/es\/wp-content\/uploads\/2026\/03\/DSC_0135.jpg\" class=\"v-mdl__img-z\" width=\"720\" height=\"540\" alt=\"Euforia ciclista en La Alberca\"\/><\/p>\n<p><img decoding=\"async\" loading=\"lazy\" src=\"https:\/\/www.europesays.com\/es\/wp-content\/uploads\/2026\/03\/DSC_0143.jpg\" class=\"v-a-img\" width=\"720\" height=\"540\" alt=\"Euforia ciclista en La Alberca\"\/><\/p>\n<p><img decoding=\"async\" loading=\"lazy\" src=\"https:\/\/www.europesays.com\/es\/wp-content\/uploads\/2026\/03\/DSC_0143.jpg\" class=\"v-mdl__img-z\" width=\"720\" height=\"540\" alt=\"Euforia ciclista en La Alberca\"\/><\/p>\n<p><img loading=\"lazy\" decoding=\"async\" src=\"https:\/\/www.europesays.com\/es\/wp-content\/uploads\/2026\/03\/DSC_0143.jpg\" class=\"v-mdl__img-z\" width=\"720\" height=\"540\" alt=\"Euforia ciclista en La Alberca\"\/><\/p>\n<p><img decoding=\"async\" loading=\"lazy\" src=\"https:\/\/www.europesays.com\/es\/wp-content\/uploads\/2026\/03\/DSC_0171.jpg\" class=\"v-a-img\" width=\"720\" height=\"540\" alt=\"Euforia ciclista en La Alberca\"\/><\/p>\n<p><img decoding=\"async\" loading=\"lazy\" src=\"https:\/\/www.europesays.com\/es\/wp-content\/uploads\/2026\/03\/DSC_0171.jpg\" class=\"v-mdl__img-z\" width=\"720\" height=\"540\" alt=\"Euforia ciclista en La Alberca\"\/><\/p>\n<p><img loading=\"lazy\" decoding=\"async\" src=\"https:\/\/www.europesays.com\/es\/wp-content\/uploads\/2026\/03\/DSC_0171.jpg\" class=\"v-mdl__img-z\" width=\"720\" height=\"540\" alt=\"Euforia ciclista en La Alberca\"\/><\/p>\n<p><img decoding=\"async\" loading=\"lazy\" src=\"https:\/\/www.europesays.com\/es\/wp-content\/uploads\/2026\/03\/DSC_0183.jpg\" class=\"v-a-img\" width=\"720\" height=\"540\" alt=\"Euforia ciclista en La Alberca\"\/><\/p>\n<p><img decoding=\"async\" loading=\"lazy\" src=\"https:\/\/www.europesays.com\/es\/wp-content\/uploads\/2026\/03\/DSC_0183.jpg\" class=\"v-mdl__img-z\" width=\"720\" height=\"540\" alt=\"Euforia ciclista en La Alberca\"\/><\/p>\n<p><img loading=\"lazy\" decoding=\"async\" src=\"https:\/\/www.europesays.com\/es\/wp-content\/uploads\/2026\/03\/DSC_0183.jpg\" class=\"v-mdl__img-z\" width=\"720\" height=\"540\" alt=\"Euforia ciclista en La Alberca\"\/><\/p>\n<p><img decoding=\"async\" loading=\"lazy\" src=\"https:\/\/www.europesays.com\/es\/wp-content\/uploads\/2026\/03\/DSC_0206.jpg\" class=\"v-a-img\" width=\"720\" height=\"540\" alt=\"Euforia ciclista en La Alberca\"\/><\/p>\n<p><img decoding=\"async\" loading=\"lazy\" src=\"https:\/\/www.europesays.com\/es\/wp-content\/uploads\/2026\/03\/DSC_0206.jpg\" class=\"v-mdl__img-z\" width=\"720\" height=\"540\" alt=\"Euforia ciclista en La Alberca\"\/><\/p>\n<p><img loading=\"lazy\" decoding=\"async\" src=\"https:\/\/www.europesays.com\/es\/wp-content\/uploads\/2026\/03\/DSC_0206.jpg\" class=\"v-mdl__img-z\" width=\"720\" height=\"540\" alt=\"Euforia ciclista en La Alberca\"\/><\/p>\n<p><img decoding=\"async\" loading=\"lazy\" src=\"https:\/\/www.europesays.com\/es\/wp-content\/uploads\/2026\/03\/DSC_0213.jpg\" class=\"v-a-img\" width=\"720\" height=\"540\" alt=\"Euforia ciclista en La Alberca\"\/><\/p>\n<p><img decoding=\"async\" loading=\"lazy\" src=\"https:\/\/www.europesays.com\/es\/wp-content\/uploads\/2026\/03\/DSC_0213.jpg\" class=\"v-mdl__img-z\" width=\"720\" height=\"540\" alt=\"Euforia ciclista en La Alberca\"\/><\/p>\n<p><img loading=\"lazy\" decoding=\"async\" src=\"https:\/\/www.europesays.com\/es\/wp-content\/uploads\/2026\/03\/DSC_0213.jpg\" class=\"v-mdl__img-z\" width=\"720\" height=\"540\" alt=\"Euforia ciclista en La Alberca\"\/><\/p>\n<p><img decoding=\"async\" loading=\"lazy\" src=\"https:\/\/www.europesays.com\/es\/wp-content\/uploads\/2026\/03\/DSC_0220.jpg\" class=\"v-a-img\" width=\"720\" height=\"540\" alt=\"Euforia ciclista en La Alberca\"\/><\/p>\n<p><img decoding=\"async\" loading=\"lazy\" src=\"https:\/\/www.europesays.com\/es\/wp-content\/uploads\/2026\/03\/DSC_0220.jpg\" class=\"v-mdl__img-z\" width=\"720\" height=\"540\" alt=\"Euforia ciclista en La Alberca\"\/><\/p>\n<p><img loading=\"lazy\" decoding=\"async\" src=\"https:\/\/www.europesays.com\/es\/wp-content\/uploads\/2026\/03\/DSC_0220.jpg\" class=\"v-mdl__img-z\" width=\"720\" height=\"540\" alt=\"Euforia ciclista en La Alberca\"\/><\/p>\n<p><img decoding=\"async\" loading=\"lazy\" src=\"https:\/\/www.europesays.com\/es\/wp-content\/uploads\/2026\/03\/DSC_0225.jpg\" class=\"v-a-img\" width=\"720\" height=\"540\" alt=\"Euforia ciclista en La Alberca\"\/><\/p>\n<p><img decoding=\"async\" loading=\"lazy\" src=\"https:\/\/www.europesays.com\/es\/wp-content\/uploads\/2026\/03\/DSC_0225.jpg\" class=\"v-mdl__img-z\" width=\"720\" height=\"540\" alt=\"Euforia ciclista en La Alberca\"\/><\/p>\n<p><img loading=\"lazy\" decoding=\"async\" src=\"https:\/\/www.europesays.com\/es\/wp-content\/uploads\/2026\/03\/DSC_0225.jpg\" class=\"v-mdl__img-z\" width=\"720\" height=\"540\" alt=\"Euforia ciclista en La Alberca\"\/><\/p>\n<p><img decoding=\"async\" loading=\"lazy\" src=\"https:\/\/www.europesays.com\/es\/wp-content\/uploads\/2026\/03\/DSC_0237.jpg\" class=\"v-a-img\" width=\"720\" height=\"540\" alt=\"Euforia ciclista en La Alberca\"\/><\/p>\n<p><img decoding=\"async\" loading=\"lazy\" src=\"https:\/\/www.europesays.com\/es\/wp-content\/uploads\/2026\/03\/DSC_0237.jpg\" class=\"v-mdl__img-z\" width=\"720\" height=\"540\" alt=\"Euforia ciclista en La Alberca\"\/><\/p>\n<p><img loading=\"lazy\" decoding=\"async\" src=\"https:\/\/www.europesays.com\/es\/wp-content\/uploads\/2026\/03\/DSC_0237.jpg\" class=\"v-mdl__img-z\" width=\"720\" height=\"540\" alt=\"Euforia ciclista en La Alberca\"\/><\/p>\n<p><img decoding=\"async\" loading=\"lazy\" src=\"https:\/\/www.europesays.com\/es\/wp-content\/uploads\/2026\/03\/DSC_0246.jpg\" class=\"v-a-img\" width=\"720\" height=\"540\" alt=\"Euforia ciclista en La Alberca\"\/><\/p>\n<p><img decoding=\"async\" loading=\"lazy\" src=\"https:\/\/www.europesays.com\/es\/wp-content\/uploads\/2026\/03\/DSC_0246.jpg\" class=\"v-mdl__img-z\" width=\"720\" height=\"540\" alt=\"Euforia ciclista en La Alberca\"\/><\/p>\n<p><img loading=\"lazy\" decoding=\"async\" src=\"https:\/\/www.europesays.com\/es\/wp-content\/uploads\/2026\/03\/DSC_0246.jpg\" class=\"v-mdl__img-z\" width=\"720\" height=\"540\" alt=\"Euforia ciclista en La Alberca\"\/><\/p>\n<p><img decoding=\"async\" loading=\"lazy\" src=\"https:\/\/www.europesays.com\/es\/wp-content\/uploads\/2026\/03\/DSC_0249.jpg\" class=\"v-a-img\" width=\"720\" height=\"540\" alt=\"Euforia ciclista en La Alberca\"\/><\/p>\n<p><img decoding=\"async\" loading=\"lazy\" src=\"https:\/\/www.europesays.com\/es\/wp-content\/uploads\/2026\/03\/DSC_0249.jpg\" class=\"v-mdl__img-z\" width=\"720\" height=\"540\" alt=\"Euforia ciclista en La Alberca\"\/><\/p>\n<p><img loading=\"lazy\" decoding=\"async\" src=\"https:\/\/www.europesays.com\/es\/wp-content\/uploads\/2026\/03\/DSC_0249.jpg\" class=\"v-mdl__img-z\" width=\"720\" height=\"540\" alt=\"Euforia ciclista en La Alberca\"\/><\/p>\n<p><img decoding=\"async\" loading=\"lazy\" src=\"https:\/\/www.europesays.com\/es\/wp-content\/uploads\/2026\/03\/DSC_0254.jpg\" class=\"v-a-img\" width=\"720\" height=\"540\" alt=\"Euforia ciclista en La Alberca\"\/><\/p>\n<p><img decoding=\"async\" loading=\"lazy\" src=\"https:\/\/www.europesays.com\/es\/wp-content\/uploads\/2026\/03\/DSC_0254.jpg\" class=\"v-mdl__img-z\" width=\"720\" height=\"540\" alt=\"Euforia ciclista en La Alberca\"\/><\/p>\n<p><img loading=\"lazy\" decoding=\"async\" src=\"https:\/\/www.europesays.com\/es\/wp-content\/uploads\/2026\/03\/DSC_0254.jpg\" class=\"v-mdl__img-z\" width=\"720\" height=\"540\" alt=\"Euforia ciclista en La Alberca\"\/><\/p>\n<p><img decoding=\"async\" loading=\"lazy\" src=\"https:\/\/www.europesays.com\/es\/wp-content\/uploads\/2026\/03\/DSC_0263.jpg\" class=\"v-a-img\" width=\"720\" height=\"540\" alt=\"Euforia ciclista en La Alberca\"\/><\/p>\n<p><img decoding=\"async\" loading=\"lazy\" src=\"https:\/\/www.europesays.com\/es\/wp-content\/uploads\/2026\/03\/DSC_0263.jpg\" class=\"v-mdl__img-z\" width=\"720\" height=\"540\" alt=\"Euforia ciclista en La Alberca\"\/><\/p>\n<p><img loading=\"lazy\" decoding=\"async\" src=\"https:\/\/www.europesays.com\/es\/wp-content\/uploads\/2026\/03\/DSC_0263.jpg\" class=\"v-mdl__img-z\" width=\"720\" height=\"540\" alt=\"Euforia ciclista en La Alberca\"\/><\/p>\n<p><img decoding=\"async\" loading=\"lazy\" src=\"https:\/\/www.europesays.com\/es\/wp-content\/uploads\/2026\/03\/DSC_0275.jpg\" class=\"v-a-img\" width=\"720\" height=\"540\" alt=\"Euforia ciclista en La Alberca\"\/><\/p>\n<p><img decoding=\"async\" loading=\"lazy\" src=\"https:\/\/www.europesays.com\/es\/wp-content\/uploads\/2026\/03\/DSC_0275.jpg\" class=\"v-mdl__img-z\" width=\"720\" height=\"540\" alt=\"Euforia ciclista en La Alberca\"\/><\/p>\n<p><img loading=\"lazy\" decoding=\"async\" src=\"https:\/\/www.europesays.com\/es\/wp-content\/uploads\/2026\/03\/DSC_0275.jpg\" class=\"v-mdl__img-z\" width=\"720\" height=\"540\" alt=\"Euforia ciclista en La Alberca\"\/><\/p>\n<p><img decoding=\"async\" loading=\"lazy\" src=\"https:\/\/www.europesays.com\/es\/wp-content\/uploads\/2026\/03\/DSC_0284.jpg\" class=\"v-a-img\" width=\"720\" height=\"540\" alt=\"Euforia ciclista en La Alberca\"\/><\/p>\n<p><img decoding=\"async\" loading=\"lazy\" src=\"https:\/\/www.europesays.com\/es\/wp-content\/uploads\/2026\/03\/DSC_0284.jpg\" class=\"v-mdl__img-z\" width=\"720\" height=\"540\" alt=\"Euforia ciclista en La Alberca\"\/><\/p>\n<p><img loading=\"lazy\" decoding=\"async\" src=\"https:\/\/www.europesays.com\/es\/wp-content\/uploads\/2026\/03\/DSC_0284.jpg\" class=\"v-mdl__img-z\" width=\"720\" height=\"540\" alt=\"Euforia ciclista en La Alberca\"\/><\/p>\n<p><img decoding=\"async\" loading=\"lazy\" src=\"https:\/\/www.europesays.com\/es\/wp-content\/uploads\/2026\/03\/DSC_0290.jpg\" class=\"v-a-img\" width=\"720\" height=\"540\" alt=\"Euforia ciclista en La Alberca\"\/><\/p>\n<p><img decoding=\"async\" loading=\"lazy\" src=\"https:\/\/www.europesays.com\/es\/wp-content\/uploads\/2026\/03\/DSC_0290.jpg\" class=\"v-mdl__img-z\" width=\"720\" height=\"540\" alt=\"Euforia ciclista en La Alberca\"\/><\/p>\n<p><img loading=\"lazy\" decoding=\"async\" src=\"https:\/\/www.europesays.com\/es\/wp-content\/uploads\/2026\/03\/DSC_0290.jpg\" class=\"v-mdl__img-z\" width=\"720\" height=\"540\" alt=\"Euforia ciclista en La Alberca\"\/><\/p>\n<p><img decoding=\"async\" loading=\"lazy\" src=\"https:\/\/www.europesays.com\/es\/wp-content\/uploads\/2026\/03\/DSC_0295.jpg\" class=\"v-a-img\" width=\"720\" height=\"540\" alt=\"Euforia ciclista en La Alberca\"\/><\/p>\n<p><img decoding=\"async\" loading=\"lazy\" src=\"https:\/\/www.europesays.com\/es\/wp-content\/uploads\/2026\/03\/DSC_0295.jpg\" class=\"v-mdl__img-z\" width=\"720\" height=\"540\" alt=\"Euforia ciclista en La Alberca\"\/><\/p>\n<p><img loading=\"lazy\" decoding=\"async\" src=\"https:\/\/www.europesays.com\/es\/wp-content\/uploads\/2026\/03\/DSC_0295.jpg\" class=\"v-mdl__img-z\" width=\"720\" height=\"540\" alt=\"Euforia ciclista en La Alberca\"\/><\/p>\n<p><img decoding=\"async\" loading=\"lazy\" src=\"https:\/\/www.europesays.com\/es\/wp-content\/uploads\/2026\/03\/DSC_0301.jpg\" class=\"v-a-img\" width=\"720\" height=\"540\" alt=\"Euforia ciclista en La Alberca\"\/><\/p>\n<p><img decoding=\"async\" loading=\"lazy\" src=\"https:\/\/www.europesays.com\/es\/wp-content\/uploads\/2026\/03\/DSC_0301.jpg\" class=\"v-mdl__img-z\" width=\"720\" height=\"540\" alt=\"Euforia ciclista en La Alberca\"\/><\/p>\n<p><img loading=\"lazy\" decoding=\"async\" src=\"https:\/\/www.europesays.com\/es\/wp-content\/uploads\/2026\/03\/DSC_0301.jpg\" class=\"v-mdl__img-z\" width=\"720\" height=\"540\" alt=\"Euforia ciclista en La Alberca\"\/><\/p>\n<p><img decoding=\"async\" loading=\"lazy\" src=\"https:\/\/www.europesays.com\/es\/wp-content\/uploads\/2026\/03\/DSC_0305.jpg\" class=\"v-a-img\" width=\"720\" height=\"540\" alt=\"Euforia ciclista en La Alberca\"\/><\/p>\n<p><img decoding=\"async\" loading=\"lazy\" src=\"https:\/\/www.europesays.com\/es\/wp-content\/uploads\/2026\/03\/DSC_0305.jpg\" class=\"v-mdl__img-z\" width=\"720\" height=\"540\" alt=\"Euforia ciclista en La Alberca\"\/><\/p>\n<p><img loading=\"lazy\" decoding=\"async\" src=\"https:\/\/www.europesays.com\/es\/wp-content\/uploads\/2026\/03\/DSC_0305.jpg\" class=\"v-mdl__img-z\" width=\"720\" height=\"540\" alt=\"Euforia ciclista en La Alberca\"\/><\/p>\n<p><img decoding=\"async\" loading=\"lazy\" src=\"https:\/\/www.europesays.com\/es\/wp-content\/uploads\/2026\/03\/DSC_0313.jpg\" class=\"v-a-img\" width=\"720\" height=\"540\" alt=\"Euforia ciclista en La Alberca\"\/><\/p>\n<p><img decoding=\"async\" loading=\"lazy\" src=\"https:\/\/www.europesays.com\/es\/wp-content\/uploads\/2026\/03\/DSC_0313.jpg\" class=\"v-mdl__img-z\" width=\"720\" height=\"540\" alt=\"Euforia ciclista en La Alberca\"\/><\/p>\n<p><img loading=\"lazy\" decoding=\"async\" src=\"https:\/\/www.europesays.com\/es\/wp-content\/uploads\/2026\/03\/DSC_0313.jpg\" class=\"v-mdl__img-z\" width=\"720\" height=\"540\" alt=\"Euforia ciclista en La Alberca\"\/><\/p>\n<p><img decoding=\"async\" loading=\"lazy\" src=\"https:\/\/www.europesays.com\/es\/wp-content\/uploads\/2026\/03\/DSC_0314.jpg\" class=\"v-a-img\" width=\"720\" height=\"540\" alt=\"Euforia ciclista en La Alberca\"\/><\/p>\n<p><img decoding=\"async\" loading=\"lazy\" src=\"https:\/\/www.europesays.com\/es\/wp-content\/uploads\/2026\/03\/DSC_0314.jpg\" class=\"v-mdl__img-z\" width=\"720\" height=\"540\" alt=\"Euforia ciclista en La Alberca\"\/><\/p>\n<p><img loading=\"lazy\" decoding=\"async\" src=\"https:\/\/www.europesays.com\/es\/wp-content\/uploads\/2026\/03\/DSC_0314.jpg\" class=\"v-mdl__img-z\" width=\"720\" height=\"540\" alt=\"Euforia ciclista en La Alberca\"\/><\/p>\n<p><img decoding=\"async\" loading=\"lazy\" src=\"https:\/\/www.europesays.com\/es\/wp-content\/uploads\/2026\/03\/DSC_0317.jpg\" class=\"v-a-img\" width=\"720\" height=\"540\" alt=\"Euforia ciclista en La Alberca\"\/><\/p>\n<p><img decoding=\"async\" loading=\"lazy\" src=\"https:\/\/www.europesays.com\/es\/wp-content\/uploads\/2026\/03\/DSC_0317.jpg\" class=\"v-mdl__img-z\" width=\"720\" height=\"540\" alt=\"Euforia ciclista en La Alberca\"\/><\/p>\n<p><img loading=\"lazy\" decoding=\"async\" src=\"https:\/\/www.europesays.com\/es\/wp-content\/uploads\/2026\/03\/DSC_0317.jpg\" class=\"v-mdl__img-z\" width=\"720\" height=\"540\" alt=\"Euforia ciclista en La Alberca\"\/><\/p>\n<p><img decoding=\"async\" loading=\"lazy\" src=\"https:\/\/www.europesays.com\/es\/wp-content\/uploads\/2026\/03\/DSC_0323.jpg\" class=\"v-a-img\" width=\"720\" height=\"540\" alt=\"Euforia ciclista en La Alberca\"\/><\/p>\n<p><img decoding=\"async\" loading=\"lazy\" src=\"https:\/\/www.europesays.com\/es\/wp-content\/uploads\/2026\/03\/DSC_0323.jpg\" class=\"v-mdl__img-z\" width=\"720\" height=\"540\" alt=\"Euforia ciclista en La Alberca\"\/><\/p>\n<p><img loading=\"lazy\" decoding=\"async\" src=\"https:\/\/www.europesays.com\/es\/wp-content\/uploads\/2026\/03\/DSC_0323.jpg\" class=\"v-mdl__img-z\" width=\"720\" height=\"540\" alt=\"Euforia ciclista en La Alberca\"\/><\/p>\n<p><img decoding=\"async\" loading=\"lazy\" src=\"https:\/\/www.europesays.com\/es\/wp-content\/uploads\/2026\/03\/DSC_0325.jpg\" class=\"v-a-img\" width=\"720\" height=\"540\" alt=\"Euforia ciclista en La Alberca\"\/><\/p>\n<p><img decoding=\"async\" loading=\"lazy\" src=\"https:\/\/www.europesays.com\/es\/wp-content\/uploads\/2026\/03\/DSC_0325.jpg\" class=\"v-mdl__img-z\" width=\"720\" height=\"540\" alt=\"Euforia ciclista en La Alberca\"\/><\/p>\n<p><img loading=\"lazy\" decoding=\"async\" src=\"https:\/\/www.europesays.com\/es\/wp-content\/uploads\/2026\/03\/DSC_0325.jpg\" class=\"v-mdl__img-z\" width=\"720\" height=\"540\" alt=\"Euforia ciclista en La Alberca\"\/><\/p>\n<p><img decoding=\"async\" loading=\"lazy\" src=\"https:\/\/www.europesays.com\/es\/wp-content\/uploads\/2026\/03\/DSC_0328.jpg\" class=\"v-a-img\" width=\"720\" height=\"540\" alt=\"Euforia ciclista en La Alberca\"\/><\/p>\n<p><img decoding=\"async\" loading=\"lazy\" src=\"https:\/\/www.europesays.com\/es\/wp-content\/uploads\/2026\/03\/DSC_0328.jpg\" class=\"v-mdl__img-z\" width=\"720\" height=\"540\" alt=\"Euforia ciclista en La Alberca\"\/><\/p>\n<p><img loading=\"lazy\" decoding=\"async\" src=\"https:\/\/www.europesays.com\/es\/wp-content\/uploads\/2026\/03\/DSC_0328.jpg\" class=\"v-mdl__img-z\" width=\"720\" height=\"540\" alt=\"Euforia ciclista en La Alberca\"\/><\/p>\n<p><img decoding=\"async\" loading=\"lazy\" src=\"https:\/\/www.europesays.com\/es\/wp-content\/uploads\/2026\/03\/DSC_0330.jpg\" class=\"v-a-img\" width=\"720\" height=\"540\" alt=\"Euforia ciclista en La Alberca\"\/><\/p>\n<p><img decoding=\"async\" loading=\"lazy\" src=\"https:\/\/www.europesays.com\/es\/wp-content\/uploads\/2026\/03\/DSC_0330.jpg\" class=\"v-mdl__img-z\" width=\"720\" height=\"540\" alt=\"Euforia ciclista en La Alberca\"\/><\/p>\n<p><img loading=\"lazy\" decoding=\"async\" src=\"https:\/\/www.europesays.com\/es\/wp-content\/uploads\/2026\/03\/DSC_0330.jpg\" class=\"v-mdl__img-z\" width=\"720\" height=\"540\" alt=\"Euforia ciclista en La Alberca\"\/><\/p>\n<p><img decoding=\"async\" loading=\"lazy\" src=\"https:\/\/www.europesays.com\/es\/wp-content\/uploads\/2026\/03\/DSC_0333.jpg\" class=\"v-a-img\" width=\"720\" height=\"540\" alt=\"Euforia ciclista en La Alberca\"\/><\/p>\n<p><img decoding=\"async\" loading=\"lazy\" src=\"https:\/\/www.europesays.com\/es\/wp-content\/uploads\/2026\/03\/DSC_0333.jpg\" class=\"v-mdl__img-z\" width=\"720\" height=\"540\" alt=\"Euforia ciclista en La Alberca\"\/><\/p>\n<p><img loading=\"lazy\" decoding=\"async\" src=\"https:\/\/www.europesays.com\/es\/wp-content\/uploads\/2026\/03\/DSC_0333.jpg\" class=\"v-mdl__img-z\" width=\"720\" height=\"540\" alt=\"Euforia ciclista en La Alberca\"\/><\/p>\n<p><img decoding=\"async\" loading=\"lazy\" src=\"https:\/\/www.europesays.com\/es\/wp-content\/uploads\/2026\/03\/DSC_0335_20260314181603.jpg\" class=\"v-a-img\" width=\"720\" height=\"540\" alt=\"Euforia ciclista en La Alberca\"\/><\/p>\n<p><img decoding=\"async\" loading=\"lazy\" src=\"https:\/\/www.europesays.com\/es\/wp-content\/uploads\/2026\/03\/DSC_0335_20260314181603.jpg\" class=\"v-mdl__img-z\" width=\"720\" height=\"540\" alt=\"Euforia ciclista en La Alberca\"\/><\/p>\n<p><img loading=\"lazy\" decoding=\"async\" src=\"https:\/\/www.europesays.com\/es\/wp-content\/uploads\/2026\/03\/DSC_0335_20260314181603.jpg\" class=\"v-mdl__img-z\" width=\"720\" height=\"540\" alt=\"Euforia ciclista en La Alberca\"\/><\/p>\n<p><img decoding=\"async\" loading=\"lazy\" src=\"https:\/\/www.europesays.com\/es\/wp-content\/uploads\/2026\/03\/DSC_0338.jpg\" class=\"v-a-img\" width=\"720\" height=\"540\" alt=\"Euforia ciclista en La Alberca\"\/><\/p>\n<p><img decoding=\"async\" loading=\"lazy\" src=\"https:\/\/www.europesays.com\/es\/wp-content\/uploads\/2026\/03\/DSC_0338.jpg\" class=\"v-mdl__img-z\" width=\"720\" height=\"540\" alt=\"Euforia ciclista en La Alberca\"\/><\/p>\n<p><img loading=\"lazy\" decoding=\"async\" src=\"https:\/\/www.europesays.com\/es\/wp-content\/uploads\/2026\/03\/DSC_0338.jpg\" class=\"v-mdl__img-z\" width=\"720\" height=\"540\" alt=\"Euforia ciclista en La Alberca\"\/><\/p>\n<p><img decoding=\"async\" loading=\"lazy\" src=\"https:\/\/www.europesays.com\/es\/wp-content\/uploads\/2026\/03\/DSC_0339.jpg\" class=\"v-a-img\" width=\"720\" height=\"540\" alt=\"Euforia ciclista en La Alberca\"\/><\/p>\n<p><img decoding=\"async\" loading=\"lazy\" src=\"https:\/\/www.europesays.com\/es\/wp-content\/uploads\/2026\/03\/DSC_0339.jpg\" class=\"v-mdl__img-z\" width=\"720\" height=\"540\" alt=\"Euforia ciclista en La Alberca\"\/><\/p>\n<p><img loading=\"lazy\" decoding=\"async\" src=\"https:\/\/www.europesays.com\/es\/wp-content\/uploads\/2026\/03\/DSC_0339.jpg\" class=\"v-mdl__img-z\" width=\"720\" height=\"540\" alt=\"Euforia ciclista en La Alberca\"\/><\/p>\n<p><img decoding=\"async\" loading=\"lazy\" src=\"https:\/\/www.europesays.com\/es\/wp-content\/uploads\/2026\/03\/DSC_0345.jpg\" class=\"v-a-img\" width=\"720\" height=\"540\" alt=\"Euforia ciclista en La Alberca\"\/><\/p>\n<p><img decoding=\"async\" loading=\"lazy\" src=\"https:\/\/www.europesays.com\/es\/wp-content\/uploads\/2026\/03\/DSC_0345.jpg\" class=\"v-mdl__img-z\" width=\"720\" height=\"540\" alt=\"Euforia ciclista en La Alberca\"\/><\/p>\n<p><img loading=\"lazy\" decoding=\"async\" src=\"https:\/\/www.europesays.com\/es\/wp-content\/uploads\/2026\/03\/DSC_0345.jpg\" class=\"v-mdl__img-z\" width=\"720\" height=\"540\" alt=\"Euforia ciclista en La Alberca\"\/><\/p>\n<p><img decoding=\"async\" loading=\"lazy\" src=\"https:\/\/www.europesays.com\/es\/wp-content\/uploads\/2026\/03\/DSC_0347.jpg\" class=\"v-a-img\" width=\"720\" height=\"540\" alt=\"Euforia ciclista en La Alberca\"\/><\/p>\n<p><img decoding=\"async\" loading=\"lazy\" src=\"https:\/\/www.europesays.com\/es\/wp-content\/uploads\/2026\/03\/DSC_0347.jpg\" class=\"v-mdl__img-z\" width=\"720\" height=\"540\" alt=\"Euforia ciclista en La Alberca\"\/><\/p>\n<p><img loading=\"lazy\" decoding=\"async\" src=\"https:\/\/www.europesays.com\/es\/wp-content\/uploads\/2026\/03\/DSC_0347.jpg\" class=\"v-mdl__img-z\" width=\"720\" height=\"540\" alt=\"Euforia ciclista en La Alberca\"\/><\/p>\n<p><img decoding=\"async\" loading=\"lazy\" src=\"https:\/\/www.europesays.com\/es\/wp-content\/uploads\/2026\/03\/DSC_0348.jpg\" class=\"v-a-img\" width=\"720\" height=\"540\" alt=\"Euforia ciclista en La Alberca\"\/><\/p>\n<p><img decoding=\"async\" loading=\"lazy\" src=\"https:\/\/www.europesays.com\/es\/wp-content\/uploads\/2026\/03\/DSC_0348.jpg\" class=\"v-mdl__img-z\" width=\"720\" height=\"540\" alt=\"Euforia ciclista en La Alberca\"\/><\/p>\n<p><img loading=\"lazy\" decoding=\"async\" src=\"https:\/\/www.europesays.com\/es\/wp-content\/uploads\/2026\/03\/DSC_0348.jpg\" class=\"v-mdl__img-z\" width=\"720\" height=\"540\" alt=\"Euforia ciclista en La Alberca\"\/><\/p>\n<p><img decoding=\"async\" loading=\"lazy\" src=\"https:\/\/www.europesays.com\/es\/wp-content\/uploads\/2026\/03\/DSC_0353.jpg\" class=\"v-a-img\" width=\"720\" height=\"540\" alt=\"Euforia ciclista en La Alberca\"\/><\/p>\n<p><img decoding=\"async\" loading=\"lazy\" src=\"https:\/\/www.europesays.com\/es\/wp-content\/uploads\/2026\/03\/DSC_0353.jpg\" class=\"v-mdl__img-z\" width=\"720\" height=\"540\" alt=\"Euforia ciclista en La Alberca\"\/><\/p>\n<p><img loading=\"lazy\" decoding=\"async\" src=\"https:\/\/www.europesays.com\/es\/wp-content\/uploads\/2026\/03\/DSC_0353.jpg\" class=\"v-mdl__img-z\" width=\"720\" height=\"540\" alt=\"Euforia ciclista en La Alberca\"\/><\/p>\n<p><img decoding=\"async\" loading=\"lazy\" src=\"https:\/\/www.europesays.com\/es\/wp-content\/uploads\/2026\/03\/DSC_0354.jpg\" class=\"v-a-img\" width=\"720\" height=\"540\" alt=\"Euforia ciclista en La Alberca\"\/><\/p>\n<p><img decoding=\"async\" loading=\"lazy\" src=\"https:\/\/www.europesays.com\/es\/wp-content\/uploads\/2026\/03\/DSC_0354.jpg\" class=\"v-mdl__img-z\" width=\"720\" height=\"540\" alt=\"Euforia ciclista en La Alberca\"\/><\/p>\n<p><img loading=\"lazy\" decoding=\"async\" src=\"https:\/\/www.europesays.com\/es\/wp-content\/uploads\/2026\/03\/DSC_0354.jpg\" class=\"v-mdl__img-z\" width=\"720\" height=\"540\" alt=\"Euforia ciclista en La Alberca\"\/><\/p>\n<p><img decoding=\"async\" loading=\"lazy\" src=\"https:\/\/www.europesays.com\/es\/wp-content\/uploads\/2026\/03\/DSC_0357.jpg\" class=\"v-a-img\" width=\"720\" height=\"540\" alt=\"Euforia ciclista en La Alberca\"\/><\/p>\n<p><img decoding=\"async\" loading=\"lazy\" src=\"https:\/\/www.europesays.com\/es\/wp-content\/uploads\/2026\/03\/DSC_0357.jpg\" class=\"v-mdl__img-z\" width=\"720\" height=\"540\" alt=\"Euforia ciclista en La Alberca\"\/><\/p>\n<p><img loading=\"lazy\" decoding=\"async\" src=\"https:\/\/www.europesays.com\/es\/wp-content\/uploads\/2026\/03\/DSC_0357.jpg\" class=\"v-mdl__img-z\" width=\"720\" height=\"540\" alt=\"Euforia ciclista en La Alberca\"\/><\/p>\n<p><img decoding=\"async\" loading=\"lazy\" src=\"https:\/\/www.europesays.com\/es\/wp-content\/uploads\/2026\/03\/DSC_0368.jpg\" class=\"v-a-img\" width=\"720\" height=\"540\" alt=\"Euforia ciclista en La Alberca\"\/><\/p>\n<p><img decoding=\"async\" loading=\"lazy\" src=\"https:\/\/www.europesays.com\/es\/wp-content\/uploads\/2026\/03\/DSC_0368.jpg\" class=\"v-mdl__img-z\" width=\"720\" height=\"540\" alt=\"Euforia ciclista en La Alberca\"\/><\/p>\n<p><img loading=\"lazy\" decoding=\"async\" src=\"https:\/\/www.europesays.com\/es\/wp-content\/uploads\/2026\/03\/DSC_0368.jpg\" class=\"v-mdl__img-z\" width=\"720\" height=\"540\" alt=\"Euforia ciclista en La Alberca\"\/><\/p>\n<p><img decoding=\"async\" loading=\"lazy\" src=\"https:\/\/www.europesays.com\/es\/wp-content\/uploads\/2026\/03\/DSC_0372.jpg\" class=\"v-a-img\" width=\"720\" height=\"540\" alt=\"Euforia ciclista en La Alberca\"\/><\/p>\n<p><img decoding=\"async\" loading=\"lazy\" src=\"https:\/\/www.europesays.com\/es\/wp-content\/uploads\/2026\/03\/DSC_0372.jpg\" class=\"v-mdl__img-z\" width=\"720\" height=\"540\" alt=\"Euforia ciclista en La Alberca\"\/><\/p>\n<p><img loading=\"lazy\" decoding=\"async\" src=\"https:\/\/www.europesays.com\/es\/wp-content\/uploads\/2026\/03\/DSC_0372.jpg\" class=\"v-mdl__img-z\" width=\"720\" height=\"540\" alt=\"Euforia ciclista en La Alberca\"\/><\/p>\n<p><img decoding=\"async\" loading=\"lazy\" src=\"https:\/\/www.europesays.com\/es\/wp-content\/uploads\/2026\/03\/DSC_0375.jpg\" class=\"v-a-img\" width=\"720\" height=\"540\" alt=\"Euforia ciclista en La Alberca\"\/><\/p>\n<p><img decoding=\"async\" loading=\"lazy\" src=\"https:\/\/www.europesays.com\/es\/wp-content\/uploads\/2026\/03\/DSC_0375.jpg\" class=\"v-mdl__img-z\" width=\"720\" height=\"540\" alt=\"Euforia ciclista en La Alberca\"\/><\/p>\n<p><img loading=\"lazy\" decoding=\"async\" src=\"https:\/\/www.europesays.com\/es\/wp-content\/uploads\/2026\/03\/DSC_0375.jpg\" class=\"v-mdl__img-z\" width=\"720\" height=\"540\" alt=\"Euforia ciclista en La Alberca\"\/><\/p>\n<p><img decoding=\"async\" loading=\"lazy\" src=\"https:\/\/www.europesays.com\/es\/wp-content\/uploads\/2026\/03\/DSC_0377.jpg\" class=\"v-a-img\" width=\"720\" height=\"540\" alt=\"Euforia ciclista en La Alberca\"\/><\/p>\n<p><img decoding=\"async\" loading=\"lazy\" src=\"https:\/\/www.europesays.com\/es\/wp-content\/uploads\/2026\/03\/DSC_0377.jpg\" class=\"v-mdl__img-z\" width=\"720\" height=\"540\" alt=\"Euforia ciclista en La Alberca\"\/><\/p>\n<p><img loading=\"lazy\" decoding=\"async\" src=\"https:\/\/www.europesays.com\/es\/wp-content\/uploads\/2026\/03\/DSC_0377.jpg\" class=\"v-mdl__img-z\" width=\"720\" height=\"540\" alt=\"Euforia ciclista en La Alberca\"\/><\/p>\n<p><img decoding=\"async\" loading=\"lazy\" src=\"https:\/\/www.europesays.com\/es\/wp-content\/uploads\/2026\/03\/DSC_0378.jpg\" class=\"v-a-img\" width=\"720\" height=\"540\" alt=\"Euforia ciclista en La Alberca\"\/><\/p>\n<p><img decoding=\"async\" loading=\"lazy\" src=\"https:\/\/www.europesays.com\/es\/wp-content\/uploads\/2026\/03\/DSC_0378.jpg\" class=\"v-mdl__img-z\" width=\"720\" height=\"540\" alt=\"Euforia ciclista en La Alberca\"\/><\/p>\n<p><img loading=\"lazy\" decoding=\"async\" src=\"https:\/\/www.europesays.com\/es\/wp-content\/uploads\/2026\/03\/DSC_0378.jpg\" class=\"v-mdl__img-z\" width=\"720\" height=\"540\" alt=\"Euforia ciclista en La Alberca\"\/><\/p>\n<p><img decoding=\"async\" loading=\"lazy\" src=\"https:\/\/www.europesays.com\/es\/wp-content\/uploads\/2026\/03\/DSC_0382.jpg\" class=\"v-a-img\" width=\"720\" height=\"540\" alt=\"Euforia ciclista en La Alberca\"\/><\/p>\n<p><img decoding=\"async\" loading=\"lazy\" src=\"https:\/\/www.europesays.com\/es\/wp-content\/uploads\/2026\/03\/DSC_0382.jpg\" class=\"v-mdl__img-z\" width=\"720\" height=\"540\" alt=\"Euforia ciclista en La Alberca\"\/><\/p>\n<p><img loading=\"lazy\" decoding=\"async\" src=\"https:\/\/www.europesays.com\/es\/wp-content\/uploads\/2026\/03\/DSC_0382.jpg\" class=\"v-mdl__img-z\" width=\"720\" height=\"540\" alt=\"Euforia ciclista en La Alberca\"\/><\/p>\n<p><img decoding=\"async\" loading=\"lazy\" src=\"https:\/\/www.europesays.com\/es\/wp-content\/uploads\/2026\/03\/DSC_0387.jpg\" class=\"v-a-img\" width=\"720\" height=\"540\" alt=\"Euforia ciclista en La Alberca\"\/><\/p>\n<p><img decoding=\"async\" loading=\"lazy\" src=\"https:\/\/www.europesays.com\/es\/wp-content\/uploads\/2026\/03\/DSC_0387.jpg\" class=\"v-mdl__img-z\" width=\"720\" height=\"540\" alt=\"Euforia ciclista en La Alberca\"\/><\/p>\n<p><img loading=\"lazy\" decoding=\"async\" src=\"https:\/\/www.europesays.com\/es\/wp-content\/uploads\/2026\/03\/DSC_0387.jpg\" class=\"v-mdl__img-z\" width=\"720\" height=\"540\" alt=\"Euforia ciclista en La Alberca\"\/><\/p>\n<p><img decoding=\"async\" loading=\"lazy\" src=\"https:\/\/www.europesays.com\/es\/wp-content\/uploads\/2026\/03\/DSC_0390.jpg\" class=\"v-a-img\" width=\"720\" height=\"540\" alt=\"Euforia ciclista en La Alberca\"\/><\/p>\n<p><img decoding=\"async\" loading=\"lazy\" src=\"https:\/\/www.europesays.com\/es\/wp-content\/uploads\/2026\/03\/DSC_0390.jpg\" class=\"v-mdl__img-z\" width=\"720\" height=\"540\" alt=\"Euforia ciclista en La Alberca\"\/><\/p>\n<p><img loading=\"lazy\" decoding=\"async\" src=\"https:\/\/www.europesays.com\/es\/wp-content\/uploads\/2026\/03\/DSC_0390.jpg\" class=\"v-mdl__img-z\" width=\"720\" height=\"540\" alt=\"Euforia ciclista en La Alberca\"\/><\/p>\n<p><img decoding=\"async\" loading=\"lazy\" src=\"https:\/\/www.europesays.com\/es\/wp-content\/uploads\/2026\/03\/DSC_0392.jpg\" class=\"v-a-img\" width=\"720\" height=\"540\" alt=\"Euforia ciclista en La Alberca\"\/><\/p>\n<p><img decoding=\"async\" loading=\"lazy\" src=\"https:\/\/www.europesays.com\/es\/wp-content\/uploads\/2026\/03\/DSC_0392.jpg\" class=\"v-mdl__img-z\" width=\"720\" height=\"540\" alt=\"Euforia ciclista en La Alberca\"\/><\/p>\n<p><img loading=\"lazy\" decoding=\"async\" src=\"https:\/\/www.europesays.com\/es\/wp-content\/uploads\/2026\/03\/DSC_0392.jpg\" class=\"v-mdl__img-z\" width=\"720\" height=\"540\" alt=\"Euforia ciclista en La Alberca\"\/><\/p>\n<p><img decoding=\"async\" loading=\"lazy\" src=\"https:\/\/www.europesays.com\/es\/wp-content\/uploads\/2026\/03\/DSC_0396.jpg\" class=\"v-a-img\" width=\"720\" height=\"540\" alt=\"Euforia ciclista en La Alberca\"\/><\/p>\n<p><img decoding=\"async\" loading=\"lazy\" src=\"https:\/\/www.europesays.com\/es\/wp-content\/uploads\/2026\/03\/DSC_0396.jpg\" class=\"v-mdl__img-z\" width=\"720\" height=\"540\" alt=\"Euforia ciclista en La Alberca\"\/><\/p>\n<p><img loading=\"lazy\" decoding=\"async\" src=\"https:\/\/www.europesays.com\/es\/wp-content\/uploads\/2026\/03\/DSC_0396.jpg\" class=\"v-mdl__img-z\" width=\"720\" height=\"540\" alt=\"Euforia ciclista en La Alberca\"\/><\/p>\n<p><img decoding=\"async\" loading=\"lazy\" src=\"https:\/\/www.europesays.com\/es\/wp-content\/uploads\/2026\/03\/DSC_0399.jpg\" class=\"v-a-img\" width=\"720\" height=\"540\" alt=\"Euforia ciclista en La Alberca\"\/><\/p>\n<p><img decoding=\"async\" loading=\"lazy\" src=\"https:\/\/www.europesays.com\/es\/wp-content\/uploads\/2026\/03\/DSC_0399.jpg\" class=\"v-mdl__img-z\" width=\"720\" height=\"540\" alt=\"Euforia ciclista en La Alberca\"\/><\/p>\n<p><img loading=\"lazy\" decoding=\"async\" src=\"https:\/\/www.europesays.com\/es\/wp-content\/uploads\/2026\/03\/DSC_0399.jpg\" class=\"v-mdl__img-z\" width=\"720\" height=\"540\" alt=\"Euforia ciclista en La Alberca\"\/><\/p>\n<p><img decoding=\"async\" loading=\"lazy\" src=\"https:\/\/www.europesays.com\/es\/wp-content\/uploads\/2026\/03\/DSC_0401.jpg\" class=\"v-a-img\" width=\"720\" height=\"540\" alt=\"Euforia ciclista en La Alberca\"\/><\/p>\n<p><img decoding=\"async\" loading=\"lazy\" src=\"https:\/\/www.europesays.com\/es\/wp-content\/uploads\/2026\/03\/DSC_0401.jpg\" class=\"v-mdl__img-z\" width=\"720\" height=\"540\" alt=\"Euforia ciclista en La Alberca\"\/><\/p>\n<p><img loading=\"lazy\" decoding=\"async\" src=\"https:\/\/www.europesays.com\/es\/wp-content\/uploads\/2026\/03\/DSC_0401.jpg\" class=\"v-mdl__img-z\" width=\"720\" height=\"540\" alt=\"Euforia ciclista en La Alberca\"\/><\/p>\n<p><img decoding=\"async\" loading=\"lazy\" src=\"https:\/\/www.europesays.com\/es\/wp-content\/uploads\/2026\/03\/DSC_0403.jpg\" class=\"v-a-img\" width=\"720\" height=\"540\" alt=\"Euforia ciclista en La Alberca\"\/><\/p>\n<p><img decoding=\"async\" loading=\"lazy\" src=\"https:\/\/www.europesays.com\/es\/wp-content\/uploads\/2026\/03\/DSC_0403.jpg\" class=\"v-mdl__img-z\" width=\"720\" height=\"540\" alt=\"Euforia ciclista en La Alberca\"\/><\/p>\n<p><img loading=\"lazy\" decoding=\"async\" src=\"https:\/\/www.europesays.com\/es\/wp-content\/uploads\/2026\/03\/DSC_0403.jpg\" class=\"v-mdl__img-z\" width=\"720\" height=\"540\" alt=\"Euforia ciclista en La Alberca\"\/><\/p>\n<p><img decoding=\"async\" loading=\"lazy\" src=\"https:\/\/www.europesays.com\/es\/wp-content\/uploads\/2026\/03\/DSC_0408.jpg\" class=\"v-a-img\" width=\"720\" height=\"540\" alt=\"Euforia ciclista en La Alberca\"\/><\/p>\n<p><img decoding=\"async\" loading=\"lazy\" src=\"https:\/\/www.europesays.com\/es\/wp-content\/uploads\/2026\/03\/DSC_0408.jpg\" class=\"v-mdl__img-z\" width=\"720\" height=\"540\" alt=\"Euforia ciclista en La Alberca\"\/><\/p>\n<p><img loading=\"lazy\" decoding=\"async\" src=\"https:\/\/www.europesays.com\/es\/wp-content\/uploads\/2026\/03\/DSC_0408.jpg\" class=\"v-mdl__img-z\" width=\"720\" height=\"540\" alt=\"Euforia ciclista en La Alberca\"\/><\/p>\n<p><img decoding=\"async\" loading=\"lazy\" src=\"https:\/\/www.europesays.com\/es\/wp-content\/uploads\/2026\/03\/DSC_0422.jpg\" class=\"v-a-img\" width=\"720\" height=\"540\" alt=\"Euforia ciclista en La Alberca\"\/><\/p>\n<p><img decoding=\"async\" loading=\"lazy\" src=\"https:\/\/www.europesays.com\/es\/wp-content\/uploads\/2026\/03\/DSC_0422.jpg\" class=\"v-mdl__img-z\" width=\"720\" height=\"540\" alt=\"Euforia ciclista en La Alberca\"\/><\/p>\n<p><img loading=\"lazy\" decoding=\"async\" src=\"https:\/\/www.europesays.com\/es\/wp-content\/uploads\/2026\/03\/DSC_0422.jpg\" class=\"v-mdl__img-z\" width=\"720\" height=\"540\" alt=\"Euforia ciclista en La Alberca\"\/><\/p>\n<p><img decoding=\"async\" loading=\"lazy\" src=\"https:\/\/www.europesays.com\/es\/wp-content\/uploads\/2026\/03\/DSC_0442.jpg\" class=\"v-a-img\" width=\"720\" height=\"540\" alt=\"Euforia ciclista en La Alberca\"\/><\/p>\n<p><img decoding=\"async\" loading=\"lazy\" src=\"https:\/\/www.europesays.com\/es\/wp-content\/uploads\/2026\/03\/DSC_0442.jpg\" class=\"v-mdl__img-z\" width=\"720\" height=\"540\" alt=\"Euforia ciclista en La Alberca\"\/><\/p>\n<p><img loading=\"lazy\" decoding=\"async\" src=\"https:\/\/www.europesays.com\/es\/wp-content\/uploads\/2026\/03\/DSC_0442.jpg\" class=\"v-mdl__img-z\" width=\"720\" height=\"540\" alt=\"Euforia ciclista en La Alberca\"\/><\/p>\n<p><img decoding=\"async\" loading=\"lazy\" src=\"https:\/\/www.europesays.com\/es\/wp-content\/uploads\/2026\/03\/DSC_0466.jpg\" class=\"v-a-img\" width=\"720\" height=\"540\" alt=\"Euforia ciclista en La Alberca\"\/><\/p>\n<p><img decoding=\"async\" loading=\"lazy\" src=\"https:\/\/www.europesays.com\/es\/wp-content\/uploads\/2026\/03\/DSC_0466.jpg\" class=\"v-mdl__img-z\" width=\"720\" height=\"540\" alt=\"Euforia ciclista en La Alberca\"\/><\/p>\n<p><img loading=\"lazy\" decoding=\"async\" src=\"https:\/\/www.europesays.com\/es\/wp-content\/uploads\/2026\/03\/DSC_0466.jpg\" class=\"v-mdl__img-z\" width=\"720\" height=\"540\" alt=\"Euforia ciclista en La Alberca\"\/><\/p>\n<p><img decoding=\"async\" loading=\"lazy\" src=\"https:\/\/www.europesays.com\/es\/wp-content\/uploads\/2026\/03\/DSC_0484_papel_xoptimizadax.jpg\" class=\"v-a-img\" width=\"720\" height=\"540\" alt=\"Euforia ciclista en La Alberca\"\/><\/p>\n<p><img decoding=\"async\" loading=\"lazy\" src=\"https:\/\/www.europesays.com\/es\/wp-content\/uploads\/2026\/03\/DSC_0484_papel_xoptimizadax.jpg\" class=\"v-mdl__img-z\" width=\"720\" height=\"540\" alt=\"Euforia ciclista en La Alberca\"\/><\/p>\n<p><img loading=\"lazy\" decoding=\"async\" src=\"https:\/\/www.europesays.com\/es\/wp-content\/uploads\/2026\/03\/DSC_0484_papel_xoptimizadax.jpg\" class=\"v-mdl__img-z\" width=\"720\" height=\"540\" alt=\"Euforia ciclista en La Alberca\"\/><\/p>\n<p><img decoding=\"async\" loading=\"lazy\" src=\"https:\/\/www.europesays.com\/es\/wp-content\/uploads\/2026\/03\/DSC_0489_papel_xoptimizadax.jpg\" class=\"v-a-img\" width=\"720\" height=\"540\" alt=\"Euforia ciclista en La Alberca\"\/><\/p>\n<p><img decoding=\"async\" loading=\"lazy\" src=\"https:\/\/www.europesays.com\/es\/wp-content\/uploads\/2026\/03\/DSC_0489_papel_xoptimizadax.jpg\" class=\"v-mdl__img-z\" width=\"720\" height=\"540\" alt=\"Euforia ciclista en La Alberca\"\/><\/p>\n<p><img loading=\"lazy\" decoding=\"async\" src=\"https:\/\/www.europesays.com\/es\/wp-content\/uploads\/2026\/03\/DSC_0489_papel_xoptimizadax.jpg\" class=\"v-mdl__img-z\" width=\"720\" height=\"540\" alt=\"Euforia ciclista en La Alberca\"\/><\/p>\n<p><img decoding=\"async\" loading=\"lazy\" src=\"https:\/\/www.europesays.com\/es\/wp-content\/uploads\/2026\/03\/DSC_0490_papel_xoptimizadax.jpg\" class=\"v-a-img\" width=\"720\" height=\"540\" alt=\"Euforia ciclista en La Alberca\"\/><\/p>\n<p><img decoding=\"async\" loading=\"lazy\" src=\"https:\/\/www.europesays.com\/es\/wp-content\/uploads\/2026\/03\/DSC_0490_papel_xoptimizadax.jpg\" class=\"v-mdl__img-z\" width=\"720\" height=\"540\" alt=\"Euforia ciclista en La Alberca\"\/><\/p>\n<p><img loading=\"lazy\" decoding=\"async\" src=\"https:\/\/www.europesays.com\/es\/wp-content\/uploads\/2026\/03\/DSC_0490_papel_xoptimizadax.jpg\" class=\"v-mdl__img-z\" width=\"720\" height=\"540\" alt=\"Euforia ciclista en La Alberca\"\/><\/p>\n<p><img decoding=\"async\" loading=\"lazy\" src=\"https:\/\/www.europesays.com\/es\/wp-content\/uploads\/2026\/03\/DSC_0496_papel_xoptimizadax.jpg\" class=\"v-a-img\" width=\"720\" height=\"540\" alt=\"Euforia ciclista en La Alberca\"\/><\/p>\n<p><img decoding=\"async\" loading=\"lazy\" src=\"https:\/\/www.europesays.com\/es\/wp-content\/uploads\/2026\/03\/DSC_0496_papel_xoptimizadax.jpg\" class=\"v-mdl__img-z\" width=\"720\" height=\"540\" alt=\"Euforia ciclista en La Alberca\"\/><\/p>\n<p><img loading=\"lazy\" decoding=\"async\" src=\"https:\/\/www.europesays.com\/es\/wp-content\/uploads\/2026\/03\/DSC_0496_papel_xoptimizadax.jpg\" class=\"v-mdl__img-z\" width=\"720\" height=\"540\" alt=\"Euforia ciclista en La Alberca\"\/><\/p>\n<p><img decoding=\"async\" loading=\"lazy\" src=\"https:\/\/www.europesays.com\/es\/wp-content\/uploads\/2026\/03\/DSC_0501_papel_xoptimizadax.jpg\" class=\"v-a-img\" width=\"720\" height=\"540\" alt=\"Euforia ciclista en La Alberca\"\/><\/p>\n<p><img decoding=\"async\" loading=\"lazy\" src=\"https:\/\/www.europesays.com\/es\/wp-content\/uploads\/2026\/03\/DSC_0501_papel_xoptimizadax.jpg\" class=\"v-mdl__img-z\" width=\"720\" height=\"540\" alt=\"Euforia ciclista en La Alberca\"\/><\/p>\n<p><img loading=\"lazy\" decoding=\"async\" src=\"https:\/\/www.europesays.com\/es\/wp-content\/uploads\/2026\/03\/DSC_0501_papel_xoptimizadax.jpg\" class=\"v-mdl__img-z\" width=\"720\" height=\"540\" alt=\"Euforia ciclista en La Alberca\"\/><\/p>\n<p><img decoding=\"async\" loading=\"lazy\" src=\"https:\/\/www.europesays.com\/es\/wp-content\/uploads\/2026\/03\/DSC_0504_papel_xoptimizadax.jpg\" class=\"v-a-img\" width=\"720\" height=\"540\" alt=\"Euforia ciclista en La Alberca\"\/><\/p>\n<p><img decoding=\"async\" loading=\"lazy\" src=\"https:\/\/www.europesays.com\/es\/wp-content\/uploads\/2026\/03\/DSC_0504_papel_xoptimizadax.jpg\" class=\"v-mdl__img-z\" width=\"720\" height=\"540\" alt=\"Euforia ciclista en La Alberca\"\/><\/p>\n<p><img loading=\"lazy\" decoding=\"async\" src=\"https:\/\/www.europesays.com\/es\/wp-content\/uploads\/2026\/03\/DSC_0504_papel_xoptimizadax.jpg\" class=\"v-mdl__img-z\" width=\"720\" height=\"540\" alt=\"Euforia ciclista en La Alberca\"\/><\/p>\n<p><img decoding=\"async\" loading=\"lazy\" src=\"https:\/\/www.europesays.com\/es\/wp-content\/uploads\/2026\/03\/DSC_0508_papel_xoptimizadax.jpg\" class=\"v-a-img\" width=\"720\" height=\"540\" alt=\"Euforia ciclista en La Alberca\"\/><\/p>\n<p><img decoding=\"async\" loading=\"lazy\" src=\"https:\/\/www.europesays.com\/es\/wp-content\/uploads\/2026\/03\/DSC_0508_papel_xoptimizadax.jpg\" class=\"v-mdl__img-z\" width=\"720\" height=\"540\" alt=\"Euforia ciclista en La Alberca\"\/><\/p>\n<p><img loading=\"lazy\" decoding=\"async\" src=\"https:\/\/www.europesays.com\/es\/wp-content\/uploads\/2026\/03\/DSC_0508_papel_xoptimizadax.jpg\" class=\"v-mdl__img-z\" width=\"720\" height=\"540\" alt=\"Euforia ciclista en La Alberca\"\/><\/p>\n<p><img decoding=\"async\" loading=\"lazy\" src=\"https:\/\/www.europesays.com\/es\/wp-content\/uploads\/2026\/03\/DSC_0521_papel_xoptimizadax.jpg\" class=\"v-a-img\" width=\"720\" height=\"540\" alt=\"Euforia ciclista en La Alberca\"\/><\/p>\n<p><img decoding=\"async\" loading=\"lazy\" src=\"https:\/\/www.europesays.com\/es\/wp-content\/uploads\/2026\/03\/DSC_0521_papel_xoptimizadax.jpg\" class=\"v-mdl__img-z\" width=\"720\" height=\"540\" alt=\"Euforia ciclista en La Alberca\"\/><\/p>\n<p><img loading=\"lazy\" decoding=\"async\" src=\"https:\/\/www.europesays.com\/es\/wp-content\/uploads\/2026\/03\/DSC_0521_papel_xoptimizadax.jpg\" class=\"v-mdl__img-z\" width=\"720\" height=\"540\" alt=\"Euforia ciclista en La Alberca\"\/><\/p>\n<p><img decoding=\"async\" loading=\"lazy\" src=\"https:\/\/www.europesays.com\/es\/wp-content\/uploads\/2026\/03\/DSC_0527_papel_xoptimizadax.jpg\" class=\"v-a-img\" width=\"720\" height=\"540\" alt=\"Euforia ciclista en La Alberca\"\/><\/p>\n<p><img decoding=\"async\" loading=\"lazy\" src=\"https:\/\/www.europesays.com\/es\/wp-content\/uploads\/2026\/03\/DSC_0527_papel_xoptimizadax.jpg\" class=\"v-mdl__img-z\" width=\"720\" height=\"540\" alt=\"Euforia ciclista en La Alberca\"\/><\/p>\n<p><img loading=\"lazy\" decoding=\"async\" src=\"https:\/\/www.europesays.com\/es\/wp-content\/uploads\/2026\/03\/DSC_0527_papel_xoptimizadax.jpg\" class=\"v-mdl__img-z\" width=\"720\" height=\"540\" alt=\"Euforia ciclista en La Alberca\"\/><\/p>\n<p><img decoding=\"async\" loading=\"lazy\" src=\"https:\/\/www.europesays.com\/es\/wp-content\/uploads\/2026\/03\/DSC_0536_papel_xoptimizadax.jpg\" class=\"v-a-img\" width=\"720\" height=\"540\" alt=\"Euforia ciclista en La Alberca\"\/><\/p>\n<p><img decoding=\"async\" loading=\"lazy\" src=\"https:\/\/www.europesays.com\/es\/wp-content\/uploads\/2026\/03\/DSC_0536_papel_xoptimizadax.jpg\" class=\"v-mdl__img-z\" width=\"720\" height=\"540\" alt=\"Euforia ciclista en La Alberca\"\/><\/p>\n<p><img loading=\"lazy\" decoding=\"async\" src=\"https:\/\/www.europesays.com\/es\/wp-content\/uploads\/2026\/03\/DSC_0536_papel_xoptimizadax.jpg\" class=\"v-mdl__img-z\" width=\"720\" height=\"540\" alt=\"Euforia ciclista en La Alberca\"\/><\/p>\n<p><img decoding=\"async\" loading=\"lazy\" src=\"https:\/\/www.europesays.com\/es\/wp-content\/uploads\/2026\/03\/DSC_0538_papel_xoptimizadax.jpg\" class=\"v-a-img\" width=\"720\" height=\"540\" alt=\"Euforia ciclista en La Alberca\"\/><\/p>\n<p><img decoding=\"async\" loading=\"lazy\" src=\"https:\/\/www.europesays.com\/es\/wp-content\/uploads\/2026\/03\/DSC_0538_papel_xoptimizadax.jpg\" class=\"v-mdl__img-z\" width=\"720\" height=\"540\" alt=\"Euforia ciclista en La Alberca\"\/><\/p>\n<p><img loading=\"lazy\" decoding=\"async\" src=\"https:\/\/www.europesays.com\/es\/wp-content\/uploads\/2026\/03\/DSC_0538_papel_xoptimizadax.jpg\" class=\"v-mdl__img-z\" width=\"720\" height=\"540\" alt=\"Euforia ciclista en La Alberca\"\/><\/p>\n<p><img decoding=\"async\" loading=\"lazy\" src=\"https:\/\/www.europesays.com\/es\/wp-content\/uploads\/2026\/03\/DSC_0542_papel_xoptimizadax.jpg\" class=\"v-a-img\" width=\"720\" height=\"540\" alt=\"Euforia ciclista en La Alberca\"\/><\/p>\n<p><img decoding=\"async\" loading=\"lazy\" src=\"https:\/\/www.europesays.com\/es\/wp-content\/uploads\/2026\/03\/DSC_0542_papel_xoptimizadax.jpg\" class=\"v-mdl__img-z\" width=\"720\" height=\"540\" alt=\"Euforia ciclista en La Alberca\"\/><\/p>\n<p><img loading=\"lazy\" decoding=\"async\" src=\"https:\/\/www.europesays.com\/es\/wp-content\/uploads\/2026\/03\/DSC_0542_papel_xoptimizadax.jpg\" class=\"v-mdl__img-z\" width=\"720\" height=\"540\" alt=\"Euforia ciclista en La Alberca\"\/><\/p>\n<p><img decoding=\"async\" loading=\"lazy\" src=\"https:\/\/www.europesays.com\/es\/wp-content\/uploads\/2026\/03\/DSC_0550_papel_xoptimizadax.jpg\" class=\"v-a-img\" width=\"720\" height=\"540\" alt=\"Euforia ciclista en La Alberca\"\/><\/p>\n<p><img decoding=\"async\" loading=\"lazy\" src=\"https:\/\/www.europesays.com\/es\/wp-content\/uploads\/2026\/03\/DSC_0550_papel_xoptimizadax.jpg\" class=\"v-mdl__img-z\" width=\"720\" height=\"540\" alt=\"Euforia ciclista en La Alberca\"\/><\/p>\n<p><img loading=\"lazy\" decoding=\"async\" src=\"https:\/\/www.europesays.com\/es\/wp-content\/uploads\/2026\/03\/DSC_0550_papel_xoptimizadax.jpg\" class=\"v-mdl__img-z\" width=\"720\" height=\"540\" alt=\"Euforia ciclista en La Alberca\"\/><\/p>\n<p><img decoding=\"async\" loading=\"lazy\" src=\"https:\/\/www.europesays.com\/es\/wp-content\/uploads\/2026\/03\/DSC_0551_papel_xoptimizadax.jpg\" class=\"v-a-img\" width=\"720\" height=\"540\" alt=\"Euforia ciclista en La Alberca\"\/><\/p>\n<p><img decoding=\"async\" loading=\"lazy\" src=\"https:\/\/www.europesays.com\/es\/wp-content\/uploads\/2026\/03\/DSC_0551_papel_xoptimizadax.jpg\" class=\"v-mdl__img-z\" width=\"720\" height=\"540\" alt=\"Euforia ciclista en La Alberca\"\/><\/p>\n<p><img loading=\"lazy\" decoding=\"async\" src=\"https:\/\/www.europesays.com\/es\/wp-content\/uploads\/2026\/03\/DSC_0551_papel_xoptimizadax.jpg\" class=\"v-mdl__img-z\" width=\"720\" height=\"540\" alt=\"Euforia ciclista en La Alberca\"\/><\/p>\n<p><img decoding=\"async\" loading=\"lazy\" src=\"https:\/\/www.europesays.com\/es\/wp-content\/uploads\/2026\/03\/DSC_0556.jpg\" class=\"v-a-img\" width=\"720\" height=\"540\" alt=\"Euforia ciclista en La Alberca\"\/><\/p>\n<p><img decoding=\"async\" loading=\"lazy\" src=\"https:\/\/www.europesays.com\/es\/wp-content\/uploads\/2026\/03\/DSC_0556.jpg\" class=\"v-mdl__img-z\" width=\"720\" height=\"540\" alt=\"Euforia ciclista en La Alberca\"\/><\/p>\n<p><img loading=\"lazy\" decoding=\"async\" src=\"https:\/\/www.europesays.com\/es\/wp-content\/uploads\/2026\/03\/DSC_0556.jpg\" class=\"v-mdl__img-z\" width=\"720\" height=\"540\" alt=\"Euforia ciclista en La Alberca\"\/><\/p>\n<p><img decoding=\"async\" loading=\"lazy\" src=\"https:\/\/www.europesays.com\/es\/wp-content\/uploads\/2026\/03\/DSC_0559.jpg\" class=\"v-a-img\" width=\"720\" height=\"540\" alt=\"Euforia ciclista en La Alberca\"\/><\/p>\n<p><img decoding=\"async\" loading=\"lazy\" src=\"https:\/\/www.europesays.com\/es\/wp-content\/uploads\/2026\/03\/DSC_0559.jpg\" class=\"v-mdl__img-z\" width=\"720\" height=\"540\" alt=\"Euforia ciclista en La Alberca\"\/><\/p>\n<p><img loading=\"lazy\" decoding=\"async\" src=\"https:\/\/www.europesays.com\/es\/wp-content\/uploads\/2026\/03\/DSC_0559.jpg\" class=\"v-mdl__img-z\" width=\"720\" height=\"540\" alt=\"Euforia ciclista en La Alberca\"\/><\/p>\n<p><img decoding=\"async\" loading=\"lazy\" src=\"https:\/\/www.europesays.com\/es\/wp-content\/uploads\/2026\/03\/DSC_0566.jpg\" class=\"v-a-img\" width=\"720\" height=\"540\" alt=\"Euforia ciclista en La Alberca\"\/><\/p>\n<p><img decoding=\"async\" loading=\"lazy\" src=\"https:\/\/www.europesays.com\/es\/wp-content\/uploads\/2026\/03\/DSC_0566.jpg\" class=\"v-mdl__img-z\" width=\"720\" height=\"540\" alt=\"Euforia ciclista en La Alberca\"\/><\/p>\n<p><img loading=\"lazy\" decoding=\"async\" src=\"https:\/\/www.europesays.com\/es\/wp-content\/uploads\/2026\/03\/DSC_0566.jpg\" class=\"v-mdl__img-z\" width=\"720\" height=\"540\" alt=\"Euforia ciclista en La Alberca\"\/><\/p>\n<p><img decoding=\"async\" loading=\"lazy\" src=\"https:\/\/www.europesays.com\/es\/wp-content\/uploads\/2026\/03\/DSC_0573.jpg\" class=\"v-a-img\" width=\"720\" height=\"540\" alt=\"Euforia ciclista en La Alberca\"\/><\/p>\n<p><img decoding=\"async\" loading=\"lazy\" src=\"https:\/\/www.europesays.com\/es\/wp-content\/uploads\/2026\/03\/DSC_0573.jpg\" class=\"v-mdl__img-z\" width=\"720\" height=\"540\" alt=\"Euforia ciclista en La Alberca\"\/><\/p>\n<p><img loading=\"lazy\" decoding=\"async\" src=\"https:\/\/www.europesays.com\/es\/wp-content\/uploads\/2026\/03\/DSC_0573.jpg\" class=\"v-mdl__img-z\" width=\"720\" height=\"540\" alt=\"Euforia ciclista en La Alberca\"\/><\/p>\n<p><img decoding=\"async\" loading=\"lazy\" src=\"https:\/\/www.europesays.com\/es\/wp-content\/uploads\/2026\/03\/DSC_0578.jpg\" class=\"v-a-img\" width=\"720\" height=\"540\" alt=\"Euforia ciclista en La Alberca\"\/><\/p>\n<p><img decoding=\"async\" loading=\"lazy\" src=\"https:\/\/www.europesays.com\/es\/wp-content\/uploads\/2026\/03\/DSC_0578.jpg\" class=\"v-mdl__img-z\" width=\"720\" height=\"540\" alt=\"Euforia ciclista en La Alberca\"\/><\/p>\n<p><img loading=\"lazy\" decoding=\"async\" src=\"https:\/\/www.europesays.com\/es\/wp-content\/uploads\/2026\/03\/DSC_0578.jpg\" class=\"v-mdl__img-z\" width=\"720\" height=\"540\" alt=\"Euforia ciclista en La Alberca\"\/><\/p>\n<p><img decoding=\"async\" loading=\"lazy\" src=\"https:\/\/www.europesays.com\/es\/wp-content\/uploads\/2026\/03\/DSC_0581.jpg\" class=\"v-a-img\" width=\"720\" height=\"540\" alt=\"Euforia ciclista en La Alberca\"\/><\/p>\n<p><img decoding=\"async\" loading=\"lazy\" src=\"https:\/\/www.europesays.com\/es\/wp-content\/uploads\/2026\/03\/DSC_0581.jpg\" class=\"v-mdl__img-z\" width=\"720\" height=\"540\" alt=\"Euforia ciclista en La Alberca\"\/><\/p>\n<p><img loading=\"lazy\" decoding=\"async\" src=\"https:\/\/www.europesays.com\/es\/wp-content\/uploads\/2026\/03\/DSC_0581.jpg\" class=\"v-mdl__img-z\" width=\"720\" height=\"540\" alt=\"Euforia ciclista en La Alberca\"\/><\/p>\n<p><img decoding=\"async\" loading=\"lazy\" src=\"https:\/\/www.europesays.com\/es\/wp-content\/uploads\/2026\/03\/DSC_0591.jpg\" class=\"v-a-img\" width=\"720\" height=\"540\" alt=\"Euforia ciclista en La Alberca\"\/><\/p>\n<p><img decoding=\"async\" loading=\"lazy\" src=\"https:\/\/www.europesays.com\/es\/wp-content\/uploads\/2026\/03\/DSC_0591.jpg\" class=\"v-mdl__img-z\" width=\"720\" height=\"540\" alt=\"Euforia ciclista en La Alberca\"\/><\/p>\n<p><img loading=\"lazy\" decoding=\"async\" src=\"https:\/\/www.europesays.com\/es\/wp-content\/uploads\/2026\/03\/DSC_0591.jpg\" class=\"v-mdl__img-z\" width=\"720\" height=\"540\" alt=\"Euforia ciclista en La Alberca\"\/><\/p>\n<p><img decoding=\"async\" loading=\"lazy\" src=\"https:\/\/www.europesays.com\/es\/wp-content\/uploads\/2026\/03\/DSC_0594.jpg\" class=\"v-a-img\" width=\"720\" height=\"540\" alt=\"Euforia ciclista en La Alberca\"\/><\/p>\n<p><img decoding=\"async\" loading=\"lazy\" src=\"https:\/\/www.europesays.com\/es\/wp-content\/uploads\/2026\/03\/DSC_0594.jpg\" class=\"v-mdl__img-z\" width=\"720\" height=\"540\" alt=\"Euforia ciclista en La Alberca\"\/><\/p>\n<p><img loading=\"lazy\" decoding=\"async\" src=\"https:\/\/www.europesays.com\/es\/wp-content\/uploads\/2026\/03\/DSC_0594.jpg\" class=\"v-mdl__img-z\" width=\"720\" height=\"540\" alt=\"Euforia ciclista en La Alberca\"\/><\/p>\n<p><img decoding=\"async\" loading=\"lazy\" src=\"https:\/\/www.europesays.com\/es\/wp-content\/uploads\/2026\/03\/DSC_0598.jpg\" class=\"v-a-img\" width=\"720\" height=\"540\" alt=\"Euforia ciclista en La Alberca\"\/><\/p>\n<p><img decoding=\"async\" loading=\"lazy\" src=\"https:\/\/www.europesays.com\/es\/wp-content\/uploads\/2026\/03\/DSC_0598.jpg\" class=\"v-mdl__img-z\" width=\"720\" height=\"540\" alt=\"Euforia ciclista en La Alberca\"\/><\/p>\n<p><img loading=\"lazy\" decoding=\"async\" src=\"https:\/\/www.europesays.com\/es\/wp-content\/uploads\/2026\/03\/DSC_0598.jpg\" class=\"v-mdl__img-z\" width=\"720\" height=\"540\" alt=\"Euforia ciclista en La Alberca\"\/><\/p>\n<p><img decoding=\"async\" loading=\"lazy\" src=\"https:\/\/www.europesays.com\/es\/wp-content\/uploads\/2026\/03\/DSC_0606.jpg\" class=\"v-a-img\" width=\"720\" height=\"540\" alt=\"Euforia ciclista en La Alberca\"\/><\/p>\n<p><img decoding=\"async\" loading=\"lazy\" src=\"https:\/\/www.europesays.com\/es\/wp-content\/uploads\/2026\/03\/DSC_0606.jpg\" class=\"v-mdl__img-z\" width=\"720\" height=\"540\" alt=\"Euforia ciclista en La Alberca\"\/><\/p>\n<p><img loading=\"lazy\" decoding=\"async\" src=\"https:\/\/www.europesays.com\/es\/wp-content\/uploads\/2026\/03\/DSC_0606.jpg\" class=\"v-mdl__img-z\" width=\"720\" height=\"540\" alt=\"Euforia ciclista en La Alberca\"\/><\/p>\n<p><img decoding=\"async\" loading=\"lazy\" src=\"https:\/\/www.europesays.com\/es\/wp-content\/uploads\/2026\/03\/DSC_0616.jpg\" class=\"v-a-img\" width=\"720\" height=\"540\" alt=\"Euforia ciclista en La Alberca\"\/><\/p>\n<p><img decoding=\"async\" loading=\"lazy\" src=\"https:\/\/www.europesays.com\/es\/wp-content\/uploads\/2026\/03\/DSC_0616.jpg\" class=\"v-mdl__img-z\" width=\"720\" height=\"540\" alt=\"Euforia ciclista en La Alberca\"\/><\/p>\n<p><img loading=\"lazy\" decoding=\"async\" src=\"https:\/\/www.europesays.com\/es\/wp-content\/uploads\/2026\/03\/DSC_0616.jpg\" class=\"v-mdl__img-z\" width=\"720\" height=\"540\" alt=\"Euforia ciclista en La Alberca\"\/><\/p>\n<p><img decoding=\"async\" loading=\"lazy\" src=\"https:\/\/www.europesays.com\/es\/wp-content\/uploads\/2026\/03\/DSC_0634.jpg\" class=\"v-a-img\" width=\"720\" height=\"540\" alt=\"Euforia ciclista en La Alberca\"\/><\/p>\n<p><img decoding=\"async\" loading=\"lazy\" src=\"https:\/\/www.europesays.com\/es\/wp-content\/uploads\/2026\/03\/DSC_0634.jpg\" class=\"v-mdl__img-z\" width=\"720\" height=\"540\" alt=\"Euforia ciclista en La Alberca\"\/><\/p>\n<p><img loading=\"lazy\" decoding=\"async\" src=\"https:\/\/www.europesays.com\/es\/wp-content\/uploads\/2026\/03\/DSC_0634.jpg\" class=\"v-mdl__img-z\" width=\"720\" height=\"540\" alt=\"Euforia ciclista en La Alberca\"\/><\/p>\n<p><img decoding=\"async\" loading=\"lazy\" src=\"https:\/\/www.europesays.com\/es\/wp-content\/uploads\/2026\/03\/DSC_0641.jpg\" class=\"v-a-img\" width=\"720\" height=\"540\" alt=\"Euforia ciclista en La Alberca\"\/><\/p>\n<p><img decoding=\"async\" loading=\"lazy\" src=\"https:\/\/www.europesays.com\/es\/wp-content\/uploads\/2026\/03\/DSC_0641.jpg\" class=\"v-mdl__img-z\" width=\"720\" height=\"540\" alt=\"Euforia ciclista en La Alberca\"\/><\/p>\n<p><img loading=\"lazy\" decoding=\"async\" src=\"https:\/\/www.europesays.com\/es\/wp-content\/uploads\/2026\/03\/DSC_0641.jpg\" class=\"v-mdl__img-z\" width=\"720\" height=\"540\" alt=\"Euforia ciclista en La Alberca\"\/><\/p>\n<p><img decoding=\"async\" loading=\"lazy\" src=\"https:\/\/www.europesays.com\/es\/wp-content\/uploads\/2026\/03\/DSC_0652.jpg\" class=\"v-a-img\" width=\"720\" height=\"540\" alt=\"Euforia ciclista en La Alberca\"\/><\/p>\n<p><img decoding=\"async\" loading=\"lazy\" src=\"https:\/\/www.europesays.com\/es\/wp-content\/uploads\/2026\/03\/DSC_0652.jpg\" class=\"v-mdl__img-z\" width=\"720\" height=\"540\" alt=\"Euforia ciclista en La Alberca\"\/><\/p>\n<p><img loading=\"lazy\" decoding=\"async\" src=\"https:\/\/www.europesays.com\/es\/wp-content\/uploads\/2026\/03\/DSC_0652.jpg\" class=\"v-mdl__img-z\" width=\"720\" height=\"540\" alt=\"Euforia ciclista en La Alberca\"\/><\/p>\n<p><img decoding=\"async\" loading=\"lazy\" src=\"https:\/\/www.europesays.com\/es\/wp-content\/uploads\/2026\/03\/DSC_0656.jpg\" class=\"v-a-img\" width=\"720\" height=\"540\" alt=\"Euforia ciclista en La Alberca\"\/><\/p>\n<p><img decoding=\"async\" loading=\"lazy\" src=\"https:\/\/www.europesays.com\/es\/wp-content\/uploads\/2026\/03\/DSC_0656.jpg\" class=\"v-mdl__img-z\" width=\"720\" height=\"540\" alt=\"Euforia ciclista en La Alberca\"\/><\/p>\n<p><img loading=\"lazy\" decoding=\"async\" src=\"https:\/\/www.europesays.com\/es\/wp-content\/uploads\/2026\/03\/DSC_0656.jpg\" class=\"v-mdl__img-z\" width=\"720\" height=\"540\" alt=\"Euforia ciclista en La Alberca\"\/><\/p>\n<p><img decoding=\"async\" loading=\"lazy\" src=\"https:\/\/www.europesays.com\/es\/wp-content\/uploads\/2026\/03\/DSC_0666.jpg\" class=\"v-a-img\" width=\"720\" height=\"540\" alt=\"Euforia ciclista en La Alberca\"\/><\/p>\n<p><img decoding=\"async\" loading=\"lazy\" src=\"https:\/\/www.europesays.com\/es\/wp-content\/uploads\/2026\/03\/DSC_0666.jpg\" class=\"v-mdl__img-z\" width=\"720\" height=\"540\" alt=\"Euforia ciclista en La Alberca\"\/><\/p>\n<p><img loading=\"lazy\" decoding=\"async\" src=\"https:\/\/www.europesays.com\/es\/wp-content\/uploads\/2026\/03\/DSC_0666.jpg\" class=\"v-mdl__img-z\" width=\"720\" height=\"540\" alt=\"Euforia ciclista en La Alberca\"\/><\/p>\n<p><img decoding=\"async\" loading=\"lazy\" src=\"https:\/\/www.europesays.com\/es\/wp-content\/uploads\/2026\/03\/DSC_0670.jpg\" class=\"v-a-img\" width=\"720\" height=\"540\" alt=\"Euforia ciclista en La Alberca\"\/><\/p>\n<p><img decoding=\"async\" loading=\"lazy\" src=\"https:\/\/www.europesays.com\/es\/wp-content\/uploads\/2026\/03\/DSC_0670.jpg\" class=\"v-mdl__img-z\" width=\"720\" height=\"540\" alt=\"Euforia ciclista en La Alberca\"\/><\/p>\n<p><img loading=\"lazy\" decoding=\"async\" src=\"https:\/\/www.europesays.com\/es\/wp-content\/uploads\/2026\/03\/DSC_0670.jpg\" class=\"v-mdl__img-z\" width=\"720\" height=\"540\" alt=\"Euforia ciclista en La Alberca\"\/><\/p>\n<p><img decoding=\"async\" loading=\"lazy\" src=\"https:\/\/www.europesays.com\/es\/wp-content\/uploads\/2026\/03\/DSC_0674.jpg\" class=\"v-a-img\" width=\"720\" height=\"540\" alt=\"Euforia ciclista en La Alberca\"\/><\/p>\n<p><img decoding=\"async\" loading=\"lazy\" src=\"https:\/\/www.europesays.com\/es\/wp-content\/uploads\/2026\/03\/DSC_0674.jpg\" class=\"v-mdl__img-z\" width=\"720\" height=\"540\" alt=\"Euforia ciclista en La Alberca\"\/><\/p>\n<p><img loading=\"lazy\" decoding=\"async\" src=\"https:\/\/www.europesays.com\/es\/wp-content\/uploads\/2026\/03\/DSC_0674.jpg\" class=\"v-mdl__img-z\" width=\"720\" height=\"540\" alt=\"Euforia ciclista en La Alberca\"\/><\/p>\n<p><img decoding=\"async\" loading=\"lazy\" src=\"https:\/\/www.europesays.com\/es\/wp-content\/uploads\/2026\/03\/DSC_0679.jpg\" class=\"v-a-img\" width=\"720\" height=\"540\" alt=\"Euforia ciclista en La Alberca\"\/><\/p>\n<p><img decoding=\"async\" loading=\"lazy\" src=\"https:\/\/www.europesays.com\/es\/wp-content\/uploads\/2026\/03\/DSC_0679.jpg\" class=\"v-mdl__img-z\" width=\"720\" height=\"540\" alt=\"Euforia ciclista en La Alberca\"\/><\/p>\n<p><img loading=\"lazy\" decoding=\"async\" src=\"https:\/\/www.europesays.com\/es\/wp-content\/uploads\/2026\/03\/DSC_0679.jpg\" class=\"v-mdl__img-z\" width=\"720\" height=\"540\" alt=\"Euforia ciclista en La Alberca\"\/><\/p>\n<p><img decoding=\"async\" loading=\"lazy\" src=\"https:\/\/www.europesays.com\/es\/wp-content\/uploads\/2026\/03\/DSC_0683.jpg\" class=\"v-a-img\" width=\"720\" height=\"540\" alt=\"Euforia ciclista en La Alberca\"\/><\/p>\n<p><img decoding=\"async\" loading=\"lazy\" src=\"https:\/\/www.europesays.com\/es\/wp-content\/uploads\/2026\/03\/DSC_0683.jpg\" class=\"v-mdl__img-z\" width=\"720\" height=\"540\" alt=\"Euforia ciclista en La Alberca\"\/><\/p>\n<p><img loading=\"lazy\" decoding=\"async\" src=\"https:\/\/www.europesays.com\/es\/wp-content\/uploads\/2026\/03\/DSC_0683.jpg\" class=\"v-mdl__img-z\" width=\"720\" height=\"540\" alt=\"Euforia ciclista en La Alberca\"\/><\/p>\n<p><img decoding=\"async\" loading=\"lazy\" src=\"https:\/\/www.europesays.com\/es\/wp-content\/uploads\/2026\/03\/DSC_0685.jpg\" class=\"v-a-img\" width=\"720\" height=\"540\" alt=\"Euforia ciclista en La Alberca\"\/><\/p>\n<p><img decoding=\"async\" loading=\"lazy\" src=\"https:\/\/www.europesays.com\/es\/wp-content\/uploads\/2026\/03\/DSC_0685.jpg\" class=\"v-mdl__img-z\" width=\"720\" height=\"540\" alt=\"Euforia ciclista en La Alberca\"\/><\/p>\n<p><img loading=\"lazy\" decoding=\"async\" src=\"https:\/\/www.europesays.com\/es\/wp-content\/uploads\/2026\/03\/DSC_0685.jpg\" class=\"v-mdl__img-z\" width=\"720\" height=\"540\" alt=\"Euforia ciclista en La Alberca\"\/><\/p>\n<p><img decoding=\"async\" loading=\"lazy\" src=\"https:\/\/www.europesays.com\/es\/wp-content\/uploads\/2026\/03\/DSC_0687.jpg\" class=\"v-a-img\" width=\"720\" height=\"540\" alt=\"Euforia ciclista en La Alberca\"\/><\/p>\n<p><img decoding=\"async\" loading=\"lazy\" src=\"https:\/\/www.europesays.com\/es\/wp-content\/uploads\/2026\/03\/DSC_0687.jpg\" class=\"v-mdl__img-z\" width=\"720\" height=\"540\" alt=\"Euforia ciclista en La Alberca\"\/><\/p>\n<p><img loading=\"lazy\" decoding=\"async\" src=\"https:\/\/www.europesays.com\/es\/wp-content\/uploads\/2026\/03\/DSC_0687.jpg\" class=\"v-mdl__img-z\" width=\"720\" height=\"540\" alt=\"Euforia ciclista en La Alberca\"\/><\/p>\n","protected":false},"excerpt":{"rendered":"S\u00e1bado, 14 de marzo 2026, 18:19 | Actualizado 18:35h. Un entorno natural \u00fanico pero exigente. Ese fue el&hellip;\n","protected":false},"author":2,"featured_media":448029,"comment_status":"","ping_status":"","sticky":false,"template":"","format":"standard","meta":{"footnotes":""},"categories":[273],"tags":[13358,313,1757,312,168,25,24,34935,23,167],"class_list":["post-448028","post","type-post","status-publish","format-standard","has-post-thumbnail","category-ciclismo","tag-alberca","tag-ciclismo","tag-ciclista","tag-cycling","tag-deportes","tag-es","tag-espana","tag-euforia","tag-spain","tag-sports"],"share_on_mastodon":{"url":"https:\/\/pubeurope.com\/@es\/116232546385749139","error":""},"_links":{"self":[{"href":"https:\/\/www.europesays.com\/es\/wp-json\/wp\/v2\/posts\/448028","targetHints":{"allow":["GET"]}}],"collection":[{"href":"https:\/\/www.europesays.com\/es\/wp-json\/wp\/v2\/posts"}],"about":[{"href":"https:\/\/www.europesays.com\/es\/wp-json\/wp\/v2\/types\/post"}],"author":[{"embeddable":true,"href":"https:\/\/www.europesays.com\/es\/wp-json\/wp\/v2\/users\/2"}],"replies":[{"embeddable":true,"href":"https:\/\/www.europesays.com\/es\/wp-json\/wp\/v2\/comments?post=448028"}],"version-history":[{"count":0,"href":"https:\/\/www.europesays.com\/es\/wp-json\/wp\/v2\/posts\/448028\/revisions"}],"wp:featuredmedia":[{"embeddable":true,"href":"https:\/\/www.europesays.com\/es\/wp-json\/wp\/v2\/media\/448029"}],"wp:attachment":[{"href":"https:\/\/www.europesays.com\/es\/wp-json\/wp\/v2\/media?parent=448028"}],"wp:term":[{"taxonomy":"category","embeddable":true,"href":"https:\/\/www.europesays.com\/es\/wp-json\/wp\/v2\/categories?post=448028"},{"taxonomy":"post_tag","embeddable":true,"href":"https:\/\/www.europesays.com\/es\/wp-json\/wp\/v2\/tags?post=448028"}],"curies":[{"name":"wp","href":"https:\/\/api.w.org\/{rel}","templated":true}]}}